{"id":98,"date":"2018-12-11T20:10:17","date_gmt":"2018-12-11T20:10:17","guid":{"rendered":"https:\/\/gerec.fi\/2018\/12\/11\/agnes-tutkii-aktiivista-ikaantymista\/"},"modified":"2018-12-11T20:10:17","modified_gmt":"2018-12-11T20:10:17","slug":"","status":"publish","type":"post","link":"https:\/\/www.gerec.fi\/en\/agnes-tutkii-aktiivista-ikaantymista\/","title":{"rendered":"","raw":""},"content":{"rendered":"","protected":false,"raw":""},"excerpt":{"rendered":"Aktiivisuuden, terveyden ja toimintakyvyn yhteys hyvinvointiin vanhuudessa (AGNES) Monet i\u00e4kk\u00e4\u00e4t ihmiset sanovat, ett\u00e4 aktiivisuus pit\u00e4\u00e4 el\u00e4m\u00e4ss\u00e4 kiinni. Olemme kehitt\u00e4neet uuden mittariston, jolla voimme mitata aktiivisena vanhenemista yksil\u00f6n omista tavoitteista l\u00e4htien.Tutkimuksessa selvit\u00e4mme, mitk\u00e4 tekij\u00e4t selitt\u00e4v\u00e4t aktiivisena vanhenemista ja sit\u00e4, onko aktiivisena&hellip;","protected":false,"raw":""},"author":1,"featured_media":0,"comment_status":"open","ping_status":"open","sticky":false,"template":"","format":"standard","meta":{"_mi_skip_tracking":false,"_fi_post_content":"<div id=\"articleHeader\"><\/div>                <p>Aktiivisuuden, terveyden ja toimintakyvyn yhteys hyvinvointiin vanhuudessa (AGNES)<\/p>                <div><p>Monet i\u00e4kk\u00e4\u00e4t ihmiset sanovat, ett\u00e4 aktiivisuus pit\u00e4\u00e4 el\u00e4m\u00e4ss\u00e4 kiinni. Olemme kehitt\u00e4neet uuden mittariston, jolla voimme mitata aktiivisena vanhenemista yksil\u00f6n omista tavoitteista l\u00e4htien.<\/p><p>Tutkimuksessa selvit\u00e4mme, mitk\u00e4 tekij\u00e4t selitt\u00e4v\u00e4t aktiivisena vanhenemista ja sit\u00e4, onko aktiivisena vanheneminen yhteydess\u00e4 hyvinvointiin. Etsimme n\u00e4it\u00e4 tekij\u00f6it\u00e4 mm. ihmisen terveydentilasta, toimintakyvyst\u00e4 ja elinymp\u00e4rist\u00f6st\u00e4.<\/p><p>Toiveena on l\u00f6yt\u00e4\u00e4 toimintatapoja, joilla vanhusten yksil\u00f6llist\u00e4 osallisuutta voitaisiin parantaa.<\/p><p>Tutkimus toteutetaan ker\u00e4\u00e4m\u00e4ll\u00e4 tietoa 75- ja 80- ja 85-vuotiaista jyv\u00e4skyl\u00e4l\u00e4isist\u00e4 vuosien 2017 ja 2018 aikana. Kutsumme heid\u00e4t osallistumaan kotona teht\u00e4v\u00e4\u00e4n haastatteluun sek\u00e4 Liikunta- ja terveyslaboratoriossa suoritettaviin toimintakykymittauksiin.<\/p><h3>Vastuullinen tutkija<\/h3><p>Professori <a href=\"http:\/\/www.jyu.fi\/sport\/laitokset\/terveys\/henkilokunta\/rantanen-taina\"  target=\"_blank\">Taina Rantanen<\/a>, Liikuntatieteellinen tiedekunta, Jyv\u00e4skyl\u00e4n yliopisto<\/p><h3>Rahoittajat<\/h3><p>Viisivuotista AGNES-tutkimusta rahoittavat Suomen Akatemia ja Euroopan tutkimusneuvosto, joka my\u00f6nsi professori Taina Rantaselle arvostetun ERC Advanced Grant -rahoituksen.<\/p><\/div>                    ","_fi_post_name":"agnes-tutkii-aktiivista-ikaantymista","_fi_post_excerpt":"","_fi_post_title":"Aktiivinen vanhuus - AGNES","_en_post_content":"","_en_post_name":"","_en_post_excerpt":"","_en_post_title":"","edit_language":"en","footnotes":""},"categories":[1],"tags":[],"class_list":["post-98","post","type-post","status-publish","format-standard","hentry","category-yleinen","entry","no-media"],"_links":{"self":[{"href":"https:\/\/www.gerec.fi\/en\/wp-json\/wp\/v2\/posts\/98","targetHints":{"allow":["GET"]}}],"collection":[{"href":"https:\/\/www.gerec.fi\/en\/wp-json\/wp\/v2\/posts"}],"about":[{"href":"https:\/\/www.gerec.fi\/en\/wp-json\/wp\/v2\/types\/post"}],"author":[{"embeddable":true,"href":"https:\/\/www.gerec.fi\/en\/wp-json\/wp\/v2\/users\/1"}],"replies":[{"embeddable":true,"href":"https:\/\/www.gerec.fi\/en\/wp-json\/wp\/v2\/comments?post=98"}],"version-history":[{"count":0,"href":"https:\/\/www.gerec.fi\/en\/wp-json\/wp\/v2\/posts\/98\/revisions"}],"wp:attachment":[{"href":"https:\/\/www.gerec.fi\/en\/wp-json\/wp\/v2\/media?parent=98"}],"wp:term":[{"taxonomy":"category","embeddable":true,"href":"https:\/\/www.gerec.fi\/en\/wp-json\/wp\/v2\/categories?post=98"},{"taxonomy":"post_tag","embeddable":true,"href":"https:\/\/www.gerec.fi\/en\/wp-json\/wp\/v2\/tags?post=98"}],"curies":[{"name":"wp","href":"https:\/\/api.w.org\/{rel}","templated":true}]}}