{"id":9690,"date":"2025-08-15T10:29:54","date_gmt":"2025-08-15T07:29:54","guid":{"rendered":"https:\/\/www.gerec.fi\/?p=9690"},"modified":"2025-08-15T10:30:10","modified_gmt":"2025-08-15T07:30:10","slug":"","status":"publish","type":"post","link":"https:\/\/www.gerec.fi\/en\/kasi-kadessa-ian-kanssa-kaikki-iat-alati-lasna-kohtaamisia-90-vuotta-tayttaneen-eeva-kilven-kanssa\/","title":{"rendered":"","raw":""},"content":{"rendered":"","protected":false,"raw":""},"excerpt":{"rendered":"Luin kes\u00e4lukemisena Anna-Riikka Carlsonin teoksen Rakas Eeva Kilpi. N\u00e4m\u00e4 juhlat jatkuvat viel\u00e4. Se kuvasi keski-ik\u00e4isen Anna-Riikka Carlsonin ja yli 90-vuotiaan Eeva Kilven kohtaamisia ja yst\u00e4vyytt\u00e4 sek\u00e4 el\u00e4m\u00e4\u00e4, kirjoittamista ja kirjallisuutta. Minulle gerontologian v\u00e4it\u00f6skirjatutkijalle kirja esitti kauniin omakohtaisen kuvauksen yst\u00e4vyydest\u00e4 korkean&hellip;","protected":false,"raw":""},"author":12,"featured_media":9693,"comment_status":"closed","ping_status":"closed","sticky":false,"template":"","format":"standard","meta":{"_mi_skip_tracking":false,"_fi_post_content":"Luin kes\u00e4lukemisena Anna-Riikka Carlsonin teoksen <em>Rakas Eeva Kilpi. N\u00e4m\u00e4 juhlat jatkuvat viel\u00e4<\/em>. Se kuvasi keski-ik\u00e4isen Anna-Riikka Carlsonin ja yli 90-vuotiaan Eeva Kilven kohtaamisia ja yst\u00e4vyytt\u00e4 sek\u00e4 el\u00e4m\u00e4\u00e4, kirjoittamista ja kirjallisuutta. Minulle gerontologian v\u00e4it\u00f6skirjatutkijalle kirja esitti kauniin omakohtaisen kuvauksen yst\u00e4vyydest\u00e4 korkean i\u00e4n saavuttaneen kirjailijan, runoilijan, luonnon ja el\u00e4inten oikeuksien puolustajan sek\u00e4 sukupuolten tasa-arvon kannattajan Eeva Kilven kanssa.\r\n\r\nTeoksen keski\u00f6ss\u00e4 ovat Carlsonin kuvaamat kohtaamiset Eeva Kilven kanssa, ja niihin oli kirjoitettu mukaan Kilven korkea yli 90 vuoden ik\u00e4. Carlsonin kuvauksiin kohtaamisistaan Eeva Kilven kanssa sis\u00e4ltyy havaintoja Kilven terveyden heikkenemisest\u00e4, mutta my\u00f6s Kilven fyysisen terveyden ja henkisen vireyden ristiriidasta, sosiaalisten suhteiden ja kulttuurin t\u00e4rkeydest\u00e4 hyvinvoinnille sek\u00e4 rajallisuuden kokemuksesta yst\u00e4vyydess\u00e4.\r\n\r\nKilven aaltoilevasti heikkenev\u00e4 terveys ilmenee Carlsonin kuvauksissa t\u00e4m\u00e4n ajoittaisesta v\u00e4symyksest\u00e4, hauraudesta ja vaikeuksista l\u00f6yt\u00e4\u00e4 oikeita sanoja keskustelussa. Carlson kuvaa, ett\u00e4 joissain vuorovaikutustilanteissa h\u00e4n koki roolikseen kannatella tilannetta tai olla vain l\u00e4sn\u00e4 ja antaa Kilven lev\u00e4t\u00e4. Keskim\u00e4\u00e4rin 90 vuotta t\u00e4ytt\u00e4neill\u00e4 on usein ainakin kaksi sairautta, nelj\u00e4nneksell\u00e4 ainakin nelj\u00e4 ja nelj\u00e4ll\u00e4 kymmenest\u00e4 on muistisairaus (Jylh\u00e4 ym. 2019; Halonen ym. 2022). Teoksessa Kilpi asuu ensin rivitaloasunnossaan, mutta siirtyy terveydentilan heikennytty\u00e4 hoitokotiin.\r\n\r\nToisissa yhteisiss\u00e4 kohtaamisissa Kilven kanssa Carlson aistii ristiriitaa Kilven heikentyneen fyysisen terveyden ja henkisen mielen vireyden v\u00e4lill\u00e4. H\u00e4n kokee, ett\u00e4 Kilven mielenmaisema on eloisa fyysisist\u00e4 sairauksista huolimatta: <em>\u201dKuin vanhuus olisi valepuku ja oikeasti olisit koiranputkipellolla.\u201d<\/em>\u00a0 (s. 212). Vastaavanlaisia ajatuksia oli esitt\u00e4nyt aiemmin Kilpi itsekin teokseen poimitussa runossaan:\r\n\r\n&nbsp;\r\n\r\n<em>\u201dkaikkien n\u00e4itten ryppyjen alla se olen min\u00e4,<\/em>\r\n\r\n<em>t\u00e4h\u00e4n valepukuun el\u00e4m\u00e4 meid\u00e4t viimein pakotti\u201d <\/em>(s. 218)\r\n\r\n&nbsp;\r\n\r\nCarlson ja Kilpi pohtivat, ett\u00e4 i\u00e4kk\u00e4iden kohdalla korostetaan joskus liikaakin fyysist\u00e4 ulkokuorta, eik\u00e4 n\u00e4hd\u00e4 heid\u00e4n sis\u00e4ist\u00e4 maailmaansa ja kokemuksia eri ik\u00e4vaiheissa eletyst\u00e4 el\u00e4m\u00e4st\u00e4. Ajatus eri ik\u00e4isin\u00e4 karttuvien kokemusten kantamisesta kiteytyy teokseen poimitussa Kilven runossa:\r\n\r\n&nbsp;\r\n\r\n<em>\u00a0\u00a0\u00a0\u00a0\u00a0\u00a0\u00a0\u00a0\u00a0\u00a0\u00a0\u00a0\u00a0\u00a0\u00a0\u00a0\u00a0\u00a0\u00a0\u00a0\u00a0\u00a0\u00a0\u00a0\u00a0 \u201dNiin el\u00e4\u00e4 ihmisess\u00e4 ikuinen nuoruus,<\/em>\r\n\r\n<em>\u00a0\u00a0\u00a0\u00a0\u00a0\u00a0\u00a0\u00a0\u00a0\u00a0\u00a0\u00a0\u00a0\u00a0\u00a0\u00a0\u00a0\u00a0\u00a0\u00a0\u00a0\u00a0\u00a0\u00a0\u00a0 k\u00e4si k\u00e4dess\u00e4 i\u00e4n kanssa,<\/em>\r\n\r\n<em>\u00a0\u00a0\u00a0\u00a0\u00a0\u00a0\u00a0\u00a0\u00a0\u00a0\u00a0\u00a0\u00a0\u00a0\u00a0\u00a0\u00a0\u00a0\u00a0\u00a0\u00a0\u00a0\u00a0\u00a0\u00a0 kaikki i\u00e4t alati l\u00e4sn\u00e4.\u201d<\/em> (s. 266)\r\n\r\n&nbsp;\r\n\r\nCarlson kuvaa Kilvell\u00e4 olevan l\u00e4heiset v\u00e4lit omaistensa kanssa, mink\u00e4 h\u00e4n kuvaa tuovan Kilvelle iloa el\u00e4m\u00e4\u00e4n. Monille hyvin i\u00e4kk\u00e4ille sosiaaliset suhteet ovat t\u00e4rke\u00e4 osa hyv\u00e4\u00e4 vanhuutta (Tuominen &amp; Pirhonen 2019). Carlson kuvaa, kuinka Kilpi my\u00f6s ilahtuu h\u00e4nen vierailuistaan kotiin ja my\u00f6hemmin hoitokotiin. Yst\u00e4vykset jakavat yhteisen intohimon, kirjallisuuden, jonka he kuvaavat tuovan suurta iloa:\r\n\r\n<em>\u201dT\u00e4m\u00e4 sinun huoneesi on pieni, mutta yll\u00e4mme ovat t\u00e4htisumut ja karkaavat pilvet, runosi tuovat t\u00e4nne niityt ja tuntureiden huiput, sin\u00e4 n\u00e4et l\u00e4pi vuosikymmenten\u2026\u201d<\/em> (s. 268).\r\n\r\nKirjallisuus on ollut erityisen merkityksellist\u00e4 Kilven el\u00e4m\u00e4ss\u00e4, joten sen tuominen Kilven luokse h\u00e4nen toimintakykyns\u00e4 heiketess\u00e4\u00e4n on erityisen t\u00e4rke\u00e4\u00e4. Toisaalta kulttuuri voi yht\u00e4 lailla tuoda hyvinvointia my\u00f6s muiden i\u00e4kk\u00e4iden el\u00e4m\u00e4\u00e4n (WHO 2019).\r\n\r\nCarlsonin kuvauksia yhteisist\u00e4 kohtaamisista Kilven kanssa v\u00e4ritt\u00e4\u00e4 kokemus yhteisen ajan rajallisuudesta, mik\u00e4 tekee kohtaamisista merkityksellisi\u00e4 ja herkki\u00e4. Carlson kuvaa yst\u00e4vyyden ajalliseen rajallisuuteen liittyen suruaan, mutta h\u00e4n korostaa my\u00f6s kiitollisuuttaan yhteisist\u00e4 hetkist\u00e4.\r\n\r\nTeos oli ihastuttava lukukokemus, ja se kuvasi muiden suurten teemojensa ohella l\u00e4mmint\u00e4 yst\u00e4vyytt\u00e4 yli 90-vuotiaan Eeva Kilven kanssa. Elini\u00e4n noustessa hyvin i\u00e4kk\u00e4iden ihmisten m\u00e4\u00e4r\u00e4 kasvaa yhteiskunnassamme (Tilastokeskus 2024), joten ihmissuhteet heid\u00e4n kanssaan tulevat lis\u00e4\u00e4ntym\u00e4\u00e4n.\r\n\r\nLis\u00e4ksi teos tarjosi my\u00f6s raikkaan tuulahduksen julkisen keskustelun vastapainoksi, jossa i\u00e4kk\u00e4\u00e4t kuvataan usein negatiiviseen s\u00e4vyyn ainoastaan yhteiskunnalta ottavaksi taloudelliseksi rasitteeksi. Se muistutti, ett\u00e4 on hyv\u00e4 pys\u00e4hty\u00e4 ajattelemaan, mit\u00e4 me eri ik\u00e4iset saamme i\u00e4kk\u00e4ilt\u00e4 ja mit\u00e4 he ovat tehneet hyv\u00e4ksemme.\r\n\r\n&nbsp;\r\n\r\n<strong>Terhi Lampio<\/strong>\r\n\r\nKirjoittaja on kiinnostunut i\u00e4kk\u00e4iden hyvinvointia tukevista ja heikent\u00e4vist\u00e4 tekij\u00f6ist\u00e4, ja h\u00e4n tekee parhaillaan v\u00e4it\u00f6skirjaa hyvin i\u00e4kk\u00e4iden masennuksesta ja sen yhteydest\u00e4 terveyteen, hyvinvointiin ja asumiseen.\r\n\r\n&nbsp;\r\n\r\n&nbsp;\r\n\r\n<strong>L\u00e4hteet<\/strong>\r\n\r\nAnna-Riikka Carlson. 2024. Rakas Eeva Kilpi. N\u00e4m\u00e4 juhlat jatkuvat viel\u00e4. Werner S\u00f6derst\u00f6m Osakeyhti\u00f6, Helsinki.\r\n\r\nKatariina Tuominen ja Jari Pirhonen. 2019. \u201cWho Would Take a 90-Year-Old?\u201d Community-Dwelling Nonagenarians\u2019 Perceptions of Social Relationships\u201d. International Journal of Ageing and Later Life 13(1). DOI: 10.3384\/ijal.1652-8670.18387\r\n\r\nMarja Jylh\u00e4, Linda Enroth ja Pauliina Halonen.\u00a0 2019. Vanhoista vanhimpien terveys ja toimintakyky. Duodecim, 135(11). <a href=\"https:\/\/www.duodecimlehti.fi\/duo14950\">https:\/\/www.duodecimlehti.fi\/duo14950<\/a>\r\n\r\nPauliina Halonen, Linda Enroth, Esa J\u00e4msen, Saritha Vargese ja Marja Jylh\u00e4. 2023. Dementia and Related Comorbidities in the Population Aged 90 and Over in the Vitality 90+ Study, Finland: Patterns and Trends From 2001 to 2018. Journal of Aging and Health, 35(5\u20136). DOI: 10.1177\/08982643221123451\r\n\r\nTilastokeskus 2024. V\u00e4est\u00f6ennuste (2021) 90-vuotiaat. <a href=\"https:\/\/pxdata.stat.fi\/PxWeb\/pxweb\/fi\/StatFin\/StatFin__vaenn\/statfin_vaenn_pxt_128t.px\/\">https:\/\/pxdata.stat.fi\/PxWeb\/pxweb\/fi\/StatFin\/StatFin__vaenn\/statfin_vaenn_pxt_128t.px\/<\/a>\r\n\r\nWHO 2019. <em>What is the evidence on the role of the arts in improving health and well-being? A scoping review.<\/em> Health Evidence Network synthesis report; 67. <a href=\"https:\/\/www.who.int\/europe\/publications\/i\/item\/9789289054553\">https:\/\/www.who.int\/europe\/publications\/i\/item\/9789289054553<\/a>\r\n\r\n&nbsp;","_fi_post_name":"kasi-kadessa-ian-kanssa-kaikki-iat-alati-lasna-kohtaamisia-90-vuotta-tayttaneen-eeva-kilven-kanssa","_fi_post_excerpt":"","_fi_post_title":"\u201dK\u00e4si k\u00e4dess\u00e4 i\u00e4n kanssa, kaikki i\u00e4t alati l\u00e4sn\u00e4\u201d \u2013 Kohtaamisia 90 vuotta t\u00e4ytt\u00e4neen Eeva Kilven kanssa","_en_post_content":"","_en_post_name":"","_en_post_excerpt":"","_en_post_title":"","edit_language":"en","footnotes":""},"categories":[132],"tags":[],"class_list":["post-9690","post","type-post","status-publish","format-standard","has-post-thumbnail","hentry","category-blogi","entry","has-media"],"_links":{"self":[{"href":"https:\/\/www.gerec.fi\/en\/wp-json\/wp\/v2\/posts\/9690","targetHints":{"allow":["GET"]}}],"collection":[{"href":"https:\/\/www.gerec.fi\/en\/wp-json\/wp\/v2\/posts"}],"about":[{"href":"https:\/\/www.gerec.fi\/en\/wp-json\/wp\/v2\/types\/post"}],"author":[{"embeddable":true,"href":"https:\/\/www.gerec.fi\/en\/wp-json\/wp\/v2\/users\/12"}],"replies":[{"embeddable":true,"href":"https:\/\/www.gerec.fi\/en\/wp-json\/wp\/v2\/comments?post=9690"}],"version-history":[{"count":3,"href":"https:\/\/www.gerec.fi\/en\/wp-json\/wp\/v2\/posts\/9690\/revisions"}],"predecessor-version":[{"id":9695,"href":"https:\/\/www.gerec.fi\/en\/wp-json\/wp\/v2\/posts\/9690\/revisions\/9695"}],"wp:featuredmedia":[{"embeddable":true,"href":"https:\/\/www.gerec.fi\/en\/wp-json\/wp\/v2\/media\/9693"}],"wp:attachment":[{"href":"https:\/\/www.gerec.fi\/en\/wp-json\/wp\/v2\/media?parent=9690"}],"wp:term":[{"taxonomy":"category","embeddable":true,"href":"https:\/\/www.gerec.fi\/en\/wp-json\/wp\/v2\/categories?post=9690"},{"taxonomy":"post_tag","embeddable":true,"href":"https:\/\/www.gerec.fi\/en\/wp-json\/wp\/v2\/tags?post=9690"}],"curies":[{"name":"wp","href":"https:\/\/api.w.org\/{rel}","templated":true}]}}