{"id":9678,"date":"2025-06-12T09:28:00","date_gmt":"2025-06-12T06:28:00","guid":{"rendered":"https:\/\/www.gerec.fi\/?p=9678"},"modified":"2025-08-13T10:26:25","modified_gmt":"2025-08-13T07:26:25","slug":"","status":"publish","type":"post","link":"https:\/\/www.gerec.fi\/en\/tervaskannot-90-juhlaseminaari-18-9-2025-klo-13-16\/","title":{"rendered":"","raw":""},"content":{"rendered":"","protected":false,"raw":""},"excerpt":{"rendered":"Tervaskannot 90+ tutkimushanke viett\u00e4\u00e4 t\u00e4n\u00e4 vuonna 30-vuotisjuhlavuotta, mink\u00e4 kunniaksi j\u00e4rjest\u00e4mme kaikille avoimen juhlaseminaarin. Juhlaseminaari j\u00e4rjestet\u00e4\u00e4n 18.9.2025 klo 13\u201316 Sampolan Auditoriossa Tampereella. Juhlaseminaarissa hankkeen tutkijat keskustelevat tutkimuksen toteutuksesta ja tuloksista yhdess\u00e4 kutsuvieraiden kanssa. Lis\u00e4ksi ohjelmassa on mm. kahvitarjoilu ja musiikkia. Juhlaseminaariin&hellip;","protected":false,"raw":""},"author":12,"featured_media":9679,"comment_status":"closed","ping_status":"closed","sticky":false,"template":"","format":"standard","meta":{"_mi_skip_tracking":false,"_fi_post_content":"Tervaskannot 90+ tutkimushanke viett\u00e4\u00e4 t\u00e4n\u00e4 vuonna 30-vuotisjuhlavuotta, mink\u00e4 kunniaksi j\u00e4rjest\u00e4mme kaikille avoimen juhlaseminaarin. Juhlaseminaari j\u00e4rjestet\u00e4\u00e4n 18.9.2025 klo 13\u201316 Sampolan Auditoriossa Tampereella.\r\n\r\nJuhlaseminaarissa hankkeen tutkijat keskustelevat tutkimuksen toteutuksesta ja tuloksista yhdess\u00e4 kutsuvieraiden kanssa. Lis\u00e4ksi ohjelmassa on mm. kahvitarjoilu ja musiikkia.\r\n\r\nJuhlaseminaariin on vapaap\u00e4\u00e4sy mutta pyyd\u00e4mme ilmoittautumista tarjoiluja varten. Ilmoittaudu mukaan t\u00e4st\u00e4 linkist\u00e4: <a href=\"https:\/\/eur04.safelinks.protection.outlook.com\/?url=https%3A%2F%2Fforms.office.com%2Fe%2Fh9nXKHqcrq&amp;data=05%7C02%7Csuvi.mykkanen%40tuni.fi%7C269414ac74bf49d10bf408dda8e6d2cd%7Cfa6944afcc7c4cd89154c01132798910%7C0%7C0%7C638852431536304572%7CUnknown%7CTWFpbGZsb3d8eyJFbXB0eU1hcGkiOnRydWUsIlYiOiIwLjAuMDAwMCIsIlAiOiJXaW4zMiIsIkFOIjoiTWFpbCIsIldUIjoyfQ%3D%3D%7C0%7C%7C%7C&amp;sdata=3ufE5cg91do2L9qCIeFQHF7lY%2Bayq5oPh2pBo3yt2OQ%3D&amp;reserved=0\">https:\/\/forms.office.com\/e\/h9nXKHqcrq<\/a>\r\n\r\n&nbsp;\r\n\r\n<strong>Tervaskannot 90+ juhlaseminaarin ohjelma 18.9.2025<\/strong>\r\n\r\n&nbsp;\r\n\r\n<strong>13.00<\/strong>\u00a0Tilaisuuden avaus, Linda Enroth, Tervaskannot 90+ hankkeen johtaja\r\n\r\n&nbsp;\r\n\r\n<strong>13.15<\/strong>\u00a0Hankkeen tutkimustulokset valokeilassa\r\n\r\nTutkimusesittelyj\u00e4 teemoista terveys ja toimintakyky, biologinen vanheneminen ja pitk\u00e4ik\u00e4isyys omana kokemuksena\r\n\r\n&nbsp;\r\n\r\n<strong>14.00<\/strong>\u00a0Musiikkia Aukea Ensemble, a cappella -kuoro\r\n\r\n&nbsp;\r\n\r\n<strong>14.20<\/strong>\u00a0Kahvi- ja teetarjoilu\r\n\r\n&nbsp;\r\n\r\n<strong>14.50<\/strong>\u00a0Haastattelussa Tervaskannot 90+ -hankkeen perustajat Marja Jylh\u00e4 ja Antti Hervonen\r\n\r\n&nbsp;\r\n\r\n<strong>15.10<\/strong>\u00a0Seela Sella: Millaista on olla vanha?\r\n\r\n&nbsp;\r\n\r\n<strong>15.55<\/strong>\u00a0Tilaisuuden p\u00e4\u00e4t\u00f6s\r\n\r\n&nbsp;","_fi_post_name":"tervaskannot-90-juhlaseminaari-18-9-2025-klo-13-16","_fi_post_excerpt":"","_fi_post_title":"Tervaskannot 90+ juhlaseminaari 18.9.2025","_en_post_content":"","_en_post_name":"","_en_post_excerpt":"","_en_post_title":"","edit_language":"en","footnotes":""},"categories":[131],"tags":[],"class_list":["post-9678","post","type-post","status-publish","format-standard","has-post-thumbnail","hentry","category-tapahtumat","entry","has-media"],"_links":{"self":[{"href":"https:\/\/www.gerec.fi\/en\/wp-json\/wp\/v2\/posts\/9678","targetHints":{"allow":["GET"]}}],"collection":[{"href":"https:\/\/www.gerec.fi\/en\/wp-json\/wp\/v2\/posts"}],"about":[{"href":"https:\/\/www.gerec.fi\/en\/wp-json\/wp\/v2\/types\/post"}],"author":[{"embeddable":true,"href":"https:\/\/www.gerec.fi\/en\/wp-json\/wp\/v2\/users\/12"}],"replies":[{"embeddable":true,"href":"https:\/\/www.gerec.fi\/en\/wp-json\/wp\/v2\/comments?post=9678"}],"version-history":[{"count":5,"href":"https:\/\/www.gerec.fi\/en\/wp-json\/wp\/v2\/posts\/9678\/revisions"}],"predecessor-version":[{"id":9689,"href":"https:\/\/www.gerec.fi\/en\/wp-json\/wp\/v2\/posts\/9678\/revisions\/9689"}],"wp:featuredmedia":[{"embeddable":true,"href":"https:\/\/www.gerec.fi\/en\/wp-json\/wp\/v2\/media\/9679"}],"wp:attachment":[{"href":"https:\/\/www.gerec.fi\/en\/wp-json\/wp\/v2\/media?parent=9678"}],"wp:term":[{"taxonomy":"category","embeddable":true,"href":"https:\/\/www.gerec.fi\/en\/wp-json\/wp\/v2\/categories?post=9678"},{"taxonomy":"post_tag","embeddable":true,"href":"https:\/\/www.gerec.fi\/en\/wp-json\/wp\/v2\/tags?post=9678"}],"curies":[{"name":"wp","href":"https:\/\/api.w.org\/{rel}","templated":true}]}}