{"id":9664,"date":"2025-04-08T08:54:46","date_gmt":"2025-04-08T05:54:46","guid":{"rendered":"https:\/\/www.gerec.fi\/?p=9664"},"modified":"2025-04-09T09:08:48","modified_gmt":"2025-04-09T06:08:48","slug":"","status":"publish","type":"post","link":"https:\/\/www.gerec.fi\/en\/rollaattorimarssi-9-5-2025\/","title":{"rendered":"","raw":""},"content":{"rendered":"","protected":false,"raw":""},"excerpt":{"rendered":"Tule mukaan marssimaan hyv\u00e4n ja arvokkaan vanhuuden puolesta! Iloinen ja yhteis\u00f6llinen mielenilmaus j\u00e4rjestet\u00e4\u00e4n Tampereella 9.5 klo 14. J\u00e4rjest\u00e4jin\u00e4 toimii Pirkanmaan alueen j\u00e4rjest\u00f6j\u00e4 ja yhteis\u00f6j\u00e4. Tapahtuma alkaa Koskikadulta, josta marssitaan kulkueena H\u00e4meensillan yli Keskustorin kautta Laikun lavalle, jossa on luvassa ohjelmaa.&hellip;","protected":false,"raw":""},"author":12,"featured_media":9665,"comment_status":"closed","ping_status":"closed","sticky":false,"template":"","format":"standard","meta":{"_mi_skip_tracking":false,"_fi_post_content":"<span class=\"x193iq5w xeuugli x13faqbe x1vvkbs x1xmvt09 x1lliihq x1s928wv xhkezso x1gmr53x x1cpjm7i x1fgarty x1943h6x xudqn12 x3x7a5m x6prxxf xvq8zen xo1l8bm xzsf02u\" dir=\"auto\">Tule mukaan marssimaan hyv\u00e4n ja arvokkaan vanhuuden puolesta! Iloinen ja yhteis\u00f6llinen mielenilmaus j\u00e4rjestet\u00e4\u00e4n Tampereella 9.5 klo 14. J\u00e4rjest\u00e4jin\u00e4 toimii Pirkanmaan alueen j\u00e4rjest\u00f6j\u00e4 ja yhteis\u00f6j\u00e4. Tapahtuma alkaa<span class=\"x193iq5w xeuugli x13faqbe x1vvkbs x1xmvt09 x1lliihq x1s928wv xhkezso x1gmr53x x1cpjm7i x1fgarty x1943h6x xudqn12 x3x7a5m x6prxxf xvq8zen xo1l8bm xzsf02u x1yc453h\" dir=\"auto\"> Koskikadulta, josta marssitaan kulkueena H\u00e4meensillan yli Keskustorin kautta Laikun lavalle, jossa on luvassa ohjelmaa.<\/span> Marssi on poliittisesti sitoutumaton.\u00a0<\/span>\r\n\r\n<span class=\"x193iq5w xeuugli x13faqbe x1vvkbs x1xmvt09 x1lliihq x1s928wv xhkezso x1gmr53x x1cpjm7i x1fgarty x1943h6x xudqn12 x3x7a5m x6prxxf xvq8zen xo1l8bm xzsf02u\" dir=\"auto\"><a href=\"https:\/\/www.gerec.fi\/wp-content\/uploads\/2025\/04\/Rollaattorimarssi-Tampereella-9.5.-\u2013-koska-meissa-on-elama.pdf\">Tiedote<\/a><\/span>\r\n\r\n<a href=\"https:\/\/www.gerec.fi\/wp-content\/uploads\/2025\/04\/Ohjeistus_marssilleosallistuville.pdf\">Ohjeistus marssille osallistuville<\/a>\r\n\r\nSeuraa Rollaattorimarssia\u00a0<a href=\"https:\/\/www.facebook.com\/profile.php?id=61574921367845\">facebookissa.<\/a>\r\n\r\nLue lis\u00e4\u00e4 <a href=\"https:\/\/www.aamulehti.fi\/pirkanmaa\/art-2000011055644.html\">Aamulehdest\u00e4<\/a>.\r\n\r\n<img class=\"alignnone size-medium wp-image-9665\" src=\"https:\/\/www.gerec.fi\/wp-content\/uploads\/2025\/04\/rollaattorimarssi-300x300.jpg\" alt=\"\" width=\"300\" height=\"300\" \/>","_fi_post_name":"rollaattorimarssi-9-5-2025","_fi_post_excerpt":"","_fi_post_title":"Rollaattorimarssi 9.5.2025","_en_post_content":"","_en_post_name":"","_en_post_excerpt":"","_en_post_title":"","edit_language":"en","footnotes":""},"categories":[131],"tags":[],"class_list":["post-9664","post","type-post","status-publish","format-standard","has-post-thumbnail","hentry","category-tapahtumat","entry","has-media"],"_links":{"self":[{"href":"https:\/\/www.gerec.fi\/en\/wp-json\/wp\/v2\/posts\/9664","targetHints":{"allow":["GET"]}}],"collection":[{"href":"https:\/\/www.gerec.fi\/en\/wp-json\/wp\/v2\/posts"}],"about":[{"href":"https:\/\/www.gerec.fi\/en\/wp-json\/wp\/v2\/types\/post"}],"author":[{"embeddable":true,"href":"https:\/\/www.gerec.fi\/en\/wp-json\/wp\/v2\/users\/12"}],"replies":[{"embeddable":true,"href":"https:\/\/www.gerec.fi\/en\/wp-json\/wp\/v2\/comments?post=9664"}],"version-history":[{"count":5,"href":"https:\/\/www.gerec.fi\/en\/wp-json\/wp\/v2\/posts\/9664\/revisions"}],"predecessor-version":[{"id":9672,"href":"https:\/\/www.gerec.fi\/en\/wp-json\/wp\/v2\/posts\/9664\/revisions\/9672"}],"wp:featuredmedia":[{"embeddable":true,"href":"https:\/\/www.gerec.fi\/en\/wp-json\/wp\/v2\/media\/9665"}],"wp:attachment":[{"href":"https:\/\/www.gerec.fi\/en\/wp-json\/wp\/v2\/media?parent=9664"}],"wp:term":[{"taxonomy":"category","embeddable":true,"href":"https:\/\/www.gerec.fi\/en\/wp-json\/wp\/v2\/categories?post=9664"},{"taxonomy":"post_tag","embeddable":true,"href":"https:\/\/www.gerec.fi\/en\/wp-json\/wp\/v2\/tags?post=9664"}],"curies":[{"name":"wp","href":"https:\/\/api.w.org\/{rel}","templated":true}]}}