{"id":9647,"date":"2025-02-10T12:39:25","date_gmt":"2025-02-10T10:39:25","guid":{"rendered":"https:\/\/www.gerec.fi\/?p=9647"},"modified":"2025-02-10T12:39:25","modified_gmt":"2025-02-10T10:39:25","slug":"","status":"publish","type":"post","link":"https:\/\/www.gerec.fi\/en\/22-23-5-2025-age-matters-seminar\/","title":{"rendered":"","raw":""},"content":{"rendered":"","protected":false,"raw":""},"excerpt":{"rendered":"L\u00e4mpim\u00e4sti tervetuloa Tampereella j\u00e4rjestett\u00e4v\u00e4\u00e4n AgeMatters! -seminaariin 22.-23 toukokuuta! Seminaarin abstraktihaku on nyt avoinna. Lis\u00e4tietoja Tapahtumakutsu https:\/\/events.tuni.fi\/agematters2025\/ &nbsp; We are pleased to announce the call for abstracts for the upcoming Age Matters! seminar, to be held on May 22\u201323, 2025 at&hellip;","protected":false,"raw":""},"author":12,"featured_media":9650,"comment_status":"closed","ping_status":"closed","sticky":false,"template":"","format":"standard","meta":{"_mi_skip_tracking":false,"_fi_post_content":"<span data-surface-wrapper=\"1\" data-surface=\"\/bizweb:composer\" data-auto-logging-id=\"f775ab24c\">L\u00e4mpim\u00e4sti tervetuloa Tampereella j\u00e4rjestett\u00e4v\u00e4\u00e4n AgeMatters! -seminaariin 22.-23 toukokuuta! Seminaarin abstraktihaku on nyt avoinna. <\/span>\r\n\r\nLis\u00e4tietoja\r\n\r\n<a href=\"https:\/\/www.gerec.fi\/wp-content\/uploads\/2025\/02\/AgeMattersSeminar_Tampere.pdf\">Tapahtumakutsu<\/a>\r\n\r\n<a href=\"https:\/\/events.tuni.fi\/agematters2025\/\">https:\/\/events.tuni.fi\/agematters2025\/<\/a>\r\n\r\n&nbsp;\r\n\r\nWe are pleased to announce the call for abstracts for the upcoming <em>Age Matters!<\/em> seminar, to be held on <strong>May 22\u201323, 2025<\/strong> at <strong>Tampere University<\/strong>, Finland.\r\n\r\nThe seminar applies an interdisciplinary social science, humanities and cultural studies lens on age and ageing. Keynote speaker of the seminar is Professor <strong>Merril Silverstein<\/strong>.\r\n\r\n<strong>The call for abstracts is open until March 15, 2025.<\/strong>\r\n\r\nWe welcome presentations from researchers at every career stage, and presentations on research that is still in progress.\r\n\r\nFor further information and instructions for abstract submission, please refer to the attachment or visit our website: <a href=\"https:\/\/eur04.safelinks.protection.outlook.com\/?url=https%3A%2F%2Fevents.tuni.fi%2Fagematters2025%2F&amp;data=05%7C02%7Csuvi.mykkanen%40tuni.fi%7C636aa7fc465d4ac613bf08dd49bda0e3%7Cfa6944afcc7c4cd89154c01132798910%7C0%7C0%7C638747801282561267%7CUnknown%7CTWFpbGZsb3d8eyJFbXB0eU1hcGkiOnRydWUsIlYiOiIwLjAuMDAwMCIsIlAiOiJXaW4zMiIsIkFOIjoiTWFpbCIsIldUIjoyfQ%3D%3D%7C0%7C%7C%7C&amp;sdata=9wXkLDhaqFtyFidIlmgJ%2FnQvoAcVVY4ZKt%2BqQGAKYFw%3D&amp;reserved=0\">https:\/\/events.tuni.fi\/agematters2025\/<\/a>\r\n\r\n&nbsp;\r\n\r\n&nbsp;\r\n\r\nContact information\r\n\r\nAnu Siren (anu.siren@tuni.fi)\r\n\r\nSuvi Mykk\u00e4nen (suvi.mykkanen@tuni.fi)\r\n\r\n&nbsp;","_fi_post_name":"22-23-5-2025-age-matters-seminar","_fi_post_excerpt":"","_fi_post_title":"22.-23.5.2025 Age Matters! Seminar","_en_post_content":"","_en_post_name":"","_en_post_excerpt":"","_en_post_title":"","edit_language":"en","footnotes":""},"categories":[131],"tags":[],"class_list":["post-9647","post","type-post","status-publish","format-standard","has-post-thumbnail","hentry","category-tapahtumat","entry","has-media"],"_links":{"self":[{"href":"https:\/\/www.gerec.fi\/en\/wp-json\/wp\/v2\/posts\/9647","targetHints":{"allow":["GET"]}}],"collection":[{"href":"https:\/\/www.gerec.fi\/en\/wp-json\/wp\/v2\/posts"}],"about":[{"href":"https:\/\/www.gerec.fi\/en\/wp-json\/wp\/v2\/types\/post"}],"author":[{"embeddable":true,"href":"https:\/\/www.gerec.fi\/en\/wp-json\/wp\/v2\/users\/12"}],"replies":[{"embeddable":true,"href":"https:\/\/www.gerec.fi\/en\/wp-json\/wp\/v2\/comments?post=9647"}],"version-history":[{"count":1,"href":"https:\/\/www.gerec.fi\/en\/wp-json\/wp\/v2\/posts\/9647\/revisions"}],"predecessor-version":[{"id":9649,"href":"https:\/\/www.gerec.fi\/en\/wp-json\/wp\/v2\/posts\/9647\/revisions\/9649"}],"wp:featuredmedia":[{"embeddable":true,"href":"https:\/\/www.gerec.fi\/en\/wp-json\/wp\/v2\/media\/9650"}],"wp:attachment":[{"href":"https:\/\/www.gerec.fi\/en\/wp-json\/wp\/v2\/media?parent=9647"}],"wp:term":[{"taxonomy":"category","embeddable":true,"href":"https:\/\/www.gerec.fi\/en\/wp-json\/wp\/v2\/categories?post=9647"},{"taxonomy":"post_tag","embeddable":true,"href":"https:\/\/www.gerec.fi\/en\/wp-json\/wp\/v2\/tags?post=9647"}],"curies":[{"name":"wp","href":"https:\/\/api.w.org\/{rel}","templated":true}]}}