{"id":9636,"date":"2025-01-16T10:44:05","date_gmt":"2025-01-16T08:44:05","guid":{"rendered":"https:\/\/www.gerec.fi\/?p=9636"},"modified":"2025-01-16T10:44:05","modified_gmt":"2025-01-16T08:44:05","slug":"","status":"publish","type":"post","link":"https:\/\/www.gerec.fi\/en\/omaisten-rooli-korostuu-yli-90-vuotiaiden-auttajina\/","title":{"rendered":"","raw":""},"content":{"rendered":"","protected":false,"raw":""},"excerpt":{"rendered":"Yli 90-vuotiaiden m\u00e4\u00e4r\u00e4 kasvaa Suomessa nopeammin kuin koskaan, mik\u00e4 tuo mukanaan kasvavan tarpeen ik\u00e4\u00e4ntyneiden palveluille. Vanhuspalvelulaki painottaa ik\u00e4\u00e4ntyneiden palveluiden j\u00e4rjest\u00e4misess\u00e4 ja suunnittelussa kotona asumista1, mutta kotona tapahtuvaan hoitoon ei ole kuitenkaan panostettu riitt\u00e4v\u00e4sti2. T\u00e4m\u00e4 on lis\u00e4nnyt omaisten roolia auttajina3. Samalla&hellip;","protected":false,"raw":""},"author":12,"featured_media":9637,"comment_status":"closed","ping_status":"closed","sticky":false,"template":"","format":"standard","meta":{"_mi_skip_tracking":false,"_fi_post_content":"Yli 90-vuotiaiden m\u00e4\u00e4r\u00e4 kasvaa Suomessa nopeammin kuin koskaan, mik\u00e4 tuo mukanaan kasvavan tarpeen ik\u00e4\u00e4ntyneiden palveluille. Vanhuspalvelulaki painottaa ik\u00e4\u00e4ntyneiden palveluiden j\u00e4rjest\u00e4misess\u00e4 ja suunnittelussa kotona asumista<sup>1<\/sup>, mutta kotona tapahtuvaan hoitoon ei ole kuitenkaan panostettu riitt\u00e4v\u00e4sti<sup>2<\/sup>. T\u00e4m\u00e4 on lis\u00e4nnyt omaisten roolia auttajina<sup>3<\/sup>. Samalla kuitenkin monet ik\u00e4\u00e4ntyneet selviytyv\u00e4t kotona ilman p\u00e4ivitt\u00e4ist\u00e4 apua, mik\u00e4 saattaa selitty\u00e4 sill\u00e4, ett\u00e4 yli 90-vuotiaiden toimintakyvyn on havaittu parantuneen hieman kahden viime vuosikymmenen aikana aiemmissa Tervaskannot 90+ -tutkimuksissa<sup>4<\/sup>.\r\n\r\n&nbsp;\r\n\r\n<strong>Pro Gradu -tutkimus esittelee avun saamista ja avunl\u00e4hteit\u00e4 kotona asuvilta yli 90-vuotiailta<\/strong>\r\n\r\nPro Gradu -tutkimuksessani tarkastelin kotona asuvien yli 90-vuotiaiden avun saamista ja avunl\u00e4hteit\u00e4 vuosina 2018 ja 2022. Tutkimusaineistona k\u00e4ytin Tervaskannot 90+ -tutkimushankkeen postikyselyill\u00e4 ker\u00e4tty\u00e4 aineistoa vuosilta 2018 ja 2022. Tutkimusaineistossa oli vuonna 2018 mukana 1878 henkil\u00f6\u00e4 ja vuonna 2022 1990 henkil\u00f6\u00e4. Tutkimuksessa selvitettiin muun muassa, ketk\u00e4 auttavat kotona asuvia ik\u00e4\u00e4ntyneit\u00e4, ja miten sukupuoli, ik\u00e4, terveydentila, toimintakyky ja asumismuoto vaikuttavat avun saamiseen.\r\n\r\nTutkimuksen mukaan keskim\u00e4\u00e4rin puolet kotona asuvista tutkittavista tarvitsi apua p\u00e4ivitt\u00e4isiss\u00e4 toimissa, mutta avuntarve v\u00e4heni hieman vuosien 2018 ja 2022 v\u00e4lill\u00e4. Suurin osa arvioi toimintakykyns\u00e4 ja terveydentilansa hyv\u00e4ksi tai keskiverroksi, eiv\u00e4tk\u00e4 kokeneet tarvitsevansa apua kotiaskareisiin, vaikka huono toimintakyky oli yhteydess\u00e4 lis\u00e4\u00e4ntyneeseen avuntarpeeseen. Tutkimuksen mukaan omaisten rooli yli 90-vuotiaiden auttajina on kasvanut, sill\u00e4 yh\u00e4 useampi saa apua lapsiltaan ja heid\u00e4n perheilt\u00e4\u00e4n sek\u00e4 puolisoltaan, samalla kun virallisen kotihoidon palveluiden k\u00e4ytt\u00f6 on v\u00e4hentynyt vuosien 2018 ja 2022 v\u00e4lill\u00e4. Tulosten mukaan naiset saivat yleisimmin apua lapsiltaan ja heid\u00e4n perheilt\u00e4\u00e4n, kun taas miehill\u00e4 yleisimpi\u00e4 avunl\u00e4hteit\u00e4 olivat lasten ja heid\u00e4n perheidens\u00e4 lis\u00e4ksi puoliso. Naiset asuivat useammin yksin ja olivat useammin leski\u00e4 kuin miehet, mik\u00e4 osaltaan selitt\u00e4\u00e4 sukupuolten v\u00e4lisi\u00e4 eroja avunl\u00e4hteiss\u00e4.\r\n\r\nTutkimuksen tuloksissa oli huolestuttavaa se, ett\u00e4 tutkittavien joukossa oli pieni osa, jotka eiv\u00e4t saaneet apua, vaikka olisivat sit\u00e4 tarvinneet. T\u00e4m\u00e4 viittaa yhteiskunnan tarjoamien palveluiden riitt\u00e4m\u00e4tt\u00f6myyteen. My\u00f6s julkisessa keskustelussa on noussut esiin kotiin tuotavien palveluiden riitt\u00e4m\u00e4tt\u00f6myys, mik\u00e4 osaltaan lis\u00e4\u00e4 huolta erityisesti yksin kotona asuvista ik\u00e4\u00e4ntyneist\u00e4.\r\n\r\nSamalla, kun virallisten palveluiden saatavuus on heikentynyt, vastuu ik\u00e4\u00e4ntyneiden avustamisesta on siirtynyt yh\u00e4 enemm\u00e4n omaisille. Yhteiskunnan tulisi panostaa sek\u00e4 omaishoitajien tukemiseen ett\u00e4 palveluiden saatavuuteen, jotta kaikki apua tarvitsevat ik\u00e4\u00e4ntyneet saisivat riitt\u00e4v\u00e4n tuen. Todenn\u00e4k\u00f6isesti omaisten antaman avun ja virallisen avun yhdistelm\u00e4 olisi paras ratkaisu apua tarvitseville.\r\n\r\n&nbsp;\r\n\r\n<strong>L\u00e4hdeviitteet<\/strong>\r\n\r\n<sup>1<\/sup>Laki ik\u00e4\u00e4ntyneen v\u00e4est\u00f6n toimintakyvyn tukemisesta sek\u00e4 i\u00e4kk\u00e4iden sosiaali- ja terveyspalveluista 980\/2012. Viitattu 17.12.2024, saatavilla: <a href=\"https:\/\/www.finlex.fi\/fi\/laki\/ajantasa\/2012\/20120980#L1P3\">https:\/\/www.finlex.fi\/fi\/laki\/ajantasa\/2012\/20120980#L1P3<\/a>\r\n\r\n<sup>2<\/sup> Terveyden ja hyvinvoinnin laitos, 2024. Muuttuvat vanhuspalvelut. Viitattu 17.12.2024, saatavilla: <a href=\"https:\/\/thl.fi\/aiheet\/ikaantyminen\/muuttuvat-vanhuspalvelut\">https:\/\/thl.fi\/aiheet\/ikaantyminen\/muuttuvat-vanhuspalvelut<\/a>\r\n\r\n<sup>3<\/sup> Kehusmaa, S., Autti-R\u00e4m\u00f6, I., Rissanen, P., 2013. Omaishoidon vaikutus ik\u00e4\u00e4ntyneiden hoidon menoihin. Viitattu 17.12.2024, saatavilla: <a href=\"https:\/\/www.julkari.fi\/handle\/10024\/104425\">https:\/\/www.julkari.fi\/handle\/10024\/104425<\/a>\r\n\r\n<sup>4<\/sup> Enroth, L., Raitanen, J., Halonen, P., Tiainen, K., Jylh\u00e4, M., 2021. Trends of Physical Functioning, Morbidity, and Disability-Free Life Expectancy Among the Oldest Old: Six Repeated Cross-Sectional Surveys Between 2001 and 2018 in the Vitality 90+ Study. J Gerontol A Biol Sci Med Sci 76, 1227\u20131233. <a href=\"https:\/\/doi.org\/10.1093\/gerona\/glaa144\">https:\/\/doi.org\/10.1093\/gerona\/glaa144<\/a>\r\n\r\n<sup>\u00a0<\/sup>\r\n\r\n<strong>Alkuper\u00e4inen Pro Gradu -tutkielma:<\/strong>\r\n\r\nSanni Uusi-Piuhari: 90 vuotta t\u00e4ytt\u00e4neiden avun saaminen ja avun l\u00e4hteet vuosina 2019 ja 2022. Yhteiskuntatieteiden tiedekunta. Tampere. Lokakuu 2024. <a href=\"https:\/\/trepo.tuni.fi\/handle\/10024\/161092\">https:\/\/trepo.tuni.fi\/handle\/10024\/161092<\/a>\r\n\r\n<strong>Lis\u00e4tietoja:<\/strong>\r\n\r\nSanni Uusi-Piuhari, TtM, farmaseutti\r\n\r\nLis\u00e4tietoa Tervaskannot 90+ -tutkimuksesta: <a href=\"https:\/\/projects.tuni.fi\/tk90\/\">https:\/\/projects.tuni.fi\/tk90\/<\/a>","_fi_post_name":"omaisten-rooli-korostuu-yli-90-vuotiaiden-auttajina","_fi_post_excerpt":"","_fi_post_title":"Omaisten rooli korostuu yli 90-vuotiaiden auttajina","_en_post_content":"","_en_post_name":"","_en_post_excerpt":"","_en_post_title":"","edit_language":"en","footnotes":""},"categories":[130],"tags":[],"class_list":["post-9636","post","type-post","status-publish","format-standard","has-post-thumbnail","hentry","category-tiedeuutiset","entry","has-media"],"_links":{"self":[{"href":"https:\/\/www.gerec.fi\/en\/wp-json\/wp\/v2\/posts\/9636","targetHints":{"allow":["GET"]}}],"collection":[{"href":"https:\/\/www.gerec.fi\/en\/wp-json\/wp\/v2\/posts"}],"about":[{"href":"https:\/\/www.gerec.fi\/en\/wp-json\/wp\/v2\/types\/post"}],"author":[{"embeddable":true,"href":"https:\/\/www.gerec.fi\/en\/wp-json\/wp\/v2\/users\/12"}],"replies":[{"embeddable":true,"href":"https:\/\/www.gerec.fi\/en\/wp-json\/wp\/v2\/comments?post=9636"}],"version-history":[{"count":6,"href":"https:\/\/www.gerec.fi\/en\/wp-json\/wp\/v2\/posts\/9636\/revisions"}],"predecessor-version":[{"id":9643,"href":"https:\/\/www.gerec.fi\/en\/wp-json\/wp\/v2\/posts\/9636\/revisions\/9643"}],"wp:featuredmedia":[{"embeddable":true,"href":"https:\/\/www.gerec.fi\/en\/wp-json\/wp\/v2\/media\/9637"}],"wp:attachment":[{"href":"https:\/\/www.gerec.fi\/en\/wp-json\/wp\/v2\/media?parent=9636"}],"wp:term":[{"taxonomy":"category","embeddable":true,"href":"https:\/\/www.gerec.fi\/en\/wp-json\/wp\/v2\/categories?post=9636"},{"taxonomy":"post_tag","embeddable":true,"href":"https:\/\/www.gerec.fi\/en\/wp-json\/wp\/v2\/tags?post=9636"}],"curies":[{"name":"wp","href":"https:\/\/api.w.org\/{rel}","templated":true}]}}