{"id":9627,"date":"2024-12-17T11:09:54","date_gmt":"2024-12-17T09:09:54","guid":{"rendered":"https:\/\/www.gerec.fi\/?p=9627"},"modified":"2024-12-17T11:09:54","modified_gmt":"2024-12-17T09:09:54","slug":"","status":"publish","type":"post","link":"https:\/\/www.gerec.fi\/en\/tutkimus-selvitti-epigeneettisen-kellon-toiminnan-taustasyita\/","title":{"rendered":"","raw":""},"content":{"rendered":"","protected":false,"raw":""},"excerpt":{"rendered":"Epigeneettinen ik\u00e4 on suosittu biologisen i\u00e4n indikaattori, sill\u00e4 se ennustaa j\u00e4ljell\u00e4 olevaa tervett\u00e4 elinaikaa ja sen voi m\u00e4\u00e4ritt\u00e4\u00e4 tavallisesta verin\u00e4ytteest\u00e4. GEREC:n tutkijat, dosentit Laura Kananen ja Saara Marttila selvittiv\u00e4t taustasyit\u00e4 sille, miksi epigeneettinen ik\u00e4 voi olla samanik\u00e4isill\u00e4 ihmisill\u00e4 useita vuosia&hellip;","protected":false,"raw":""},"author":12,"featured_media":0,"comment_status":"closed","ping_status":"closed","sticky":false,"template":"","format":"standard","meta":{"_mi_skip_tracking":false,"_fi_post_content":"Epigeneettinen ik\u00e4 on suosittu biologisen i\u00e4n indikaattori, sill\u00e4 se ennustaa j\u00e4ljell\u00e4 olevaa tervett\u00e4 elinaikaa ja sen voi m\u00e4\u00e4ritt\u00e4\u00e4 tavallisesta verin\u00e4ytteest\u00e4. GEREC:n tutkijat, dosentit Laura Kananen ja Saara Marttila selvittiv\u00e4t taustasyit\u00e4 sille, miksi epigeneettinen ik\u00e4 voi olla samanik\u00e4isill\u00e4 ihmisill\u00e4 useita vuosia suurempi tai pienempi.\r\n\r\nTutkimus on julkaistu Geroscience-tiedelehdess\u00e4.\r\n\r\nLue lis\u00e4\u00e4 Tampereen yliopiston <strong><a href=\"https:\/\/eur04.safelinks.protection.outlook.com\/?url=https%3A%2F%2Fwww.tuni.fi%2Ffi%2Fajankohtaista%2Ftutkimus-selvitti-epigeneettisen-kellon-toiminnan-taustasyita&amp;data=05%7C02%7Csuvi.mykkanen%40tuni.fi%7C557d40d6876b489d774708dd1da8fc4d%7Cfa6944afcc7c4cd89154c01132798910%7C0%7C0%7C638699333801656095%7CUnknown%7CTWFpbGZsb3d8eyJFbXB0eU1hcGkiOnRydWUsIlYiOiIwLjAuMDAwMCIsIlAiOiJXaW4zMiIsIkFOIjoiTWFpbCIsIldUIjoyfQ%3D%3D%7C0%7C%7C%7C&amp;sdata=t62Kzo1An1O0qCS9RrcgrnuJItkIwKdaCwWqeBUaF7w%3D&amp;reserved=0\">tiedotteesta.<\/a><\/strong>\r\n\r\n&nbsp;\r\n<h3>Tutkimusartikkeli<\/h3>\r\nMarttila S, Raji\u0107 S, Ciantar J, Mak JKL, Junttila IS, Kummola L, H\u00e4gg S, Raitoharju E, <strong>Kananen L<\/strong>. <a href=\"https:\/\/link.springer.com\/article\/10.1007\/s11357-024-01287-w%20\">Biological aging of different blood cell types<\/a>.\u00a0Geroscience. 2024 Jul 26. doi: 10.1007\/s11357-024-01287-w.\r\n<h3>Lis\u00e4tietoja:<\/h3>\r\nDosentti Laura Kananen\u00a0<a class=\"spamspan\" href=\"mailto:laura.kananen@tuni.fi\">laura.kananen@tuni.fi<\/a>\r\nDosentti Saara Marttila\u00a0<a class=\"spamspan\" href=\"mailto:saara.marttila@tuni.fi\">saara.marttila@tuni.fi<\/a>\r\n\r\n&nbsp;\r\n\r\n&nbsp;","_fi_post_name":"tutkimus-selvitti-epigeneettisen-kellon-toiminnan-taustasyita","_fi_post_excerpt":"","_fi_post_title":"Tutkimus selvitti epigeneettisen kellon toiminnan taustasyit\u00e4","_en_post_content":"","_en_post_name":"","_en_post_excerpt":"","_en_post_title":"","edit_language":"en","footnotes":""},"categories":[130],"tags":[],"class_list":["post-9627","post","type-post","status-publish","format-standard","hentry","category-tiedeuutiset","entry","no-media"],"_links":{"self":[{"href":"https:\/\/www.gerec.fi\/en\/wp-json\/wp\/v2\/posts\/9627","targetHints":{"allow":["GET"]}}],"collection":[{"href":"https:\/\/www.gerec.fi\/en\/wp-json\/wp\/v2\/posts"}],"about":[{"href":"https:\/\/www.gerec.fi\/en\/wp-json\/wp\/v2\/types\/post"}],"author":[{"embeddable":true,"href":"https:\/\/www.gerec.fi\/en\/wp-json\/wp\/v2\/users\/12"}],"replies":[{"embeddable":true,"href":"https:\/\/www.gerec.fi\/en\/wp-json\/wp\/v2\/comments?post=9627"}],"version-history":[{"count":3,"href":"https:\/\/www.gerec.fi\/en\/wp-json\/wp\/v2\/posts\/9627\/revisions"}],"predecessor-version":[{"id":9630,"href":"https:\/\/www.gerec.fi\/en\/wp-json\/wp\/v2\/posts\/9627\/revisions\/9630"}],"wp:attachment":[{"href":"https:\/\/www.gerec.fi\/en\/wp-json\/wp\/v2\/media?parent=9627"}],"wp:term":[{"taxonomy":"category","embeddable":true,"href":"https:\/\/www.gerec.fi\/en\/wp-json\/wp\/v2\/categories?post=9627"},{"taxonomy":"post_tag","embeddable":true,"href":"https:\/\/www.gerec.fi\/en\/wp-json\/wp\/v2\/tags?post=9627"}],"curies":[{"name":"wp","href":"https:\/\/api.w.org\/{rel}","templated":true}]}}