{"id":9588,"date":"2024-11-21T09:55:24","date_gmt":"2024-11-21T07:55:24","guid":{"rendered":"https:\/\/www.gerec.fi\/?p=9588"},"modified":"2024-11-21T09:55:24","modified_gmt":"2024-11-21T07:55:24","slug":"","status":"publish","type":"post","link":"https:\/\/www.gerec.fi\/en\/uusi-hanke-tutkii-ikaantynteiden-yksinaisyytta-ja-aktiivista-ikaantymista\/","title":{"rendered":"","raw":""},"content":{"rendered":"","protected":false,"raw":""},"excerpt":{"rendered":"Tanskan tiedes\u00e4\u00e4ti\u00f6 on my\u00f6nt\u00e4nyt rahoituksen kolmivuotiselle hankkeelle, joka k\u00e4sittelee i\u00e4kk\u00e4iden yksin\u00e4isyytt\u00e4 ja aktiivista ik\u00e4\u00e4ntymist\u00e4. Professori Anu Siren ty\u00f6skentelee hankkeessa yhdess\u00e4 tanskalaisten tutkijoiden kanssa. Yksin\u00e4isyyden tunne perustuu usein kokemukseen siit\u00e4, ettei ole osa yhteis\u00f6\u00e4. Siksi erilaiset aktiviteetit, mm. vapaa-ajan toiminnot, yst\u00e4vien&hellip;","protected":false,"raw":""},"author":12,"featured_media":9589,"comment_status":"closed","ping_status":"closed","sticky":false,"template":"","format":"standard","meta":{"_mi_skip_tracking":false,"_fi_post_content":"Tanskan tiedes\u00e4\u00e4ti\u00f6 on my\u00f6nt\u00e4nyt rahoituksen kolmivuotiselle hankkeelle, joka k\u00e4sittelee i\u00e4kk\u00e4iden yksin\u00e4isyytt\u00e4 ja aktiivista ik\u00e4\u00e4ntymist\u00e4. Professori Anu Siren ty\u00f6skentelee hankkeessa yhdess\u00e4 tanskalaisten tutkijoiden kanssa.\r\n\r\nYksin\u00e4isyyden tunne perustuu usein kokemukseen siit\u00e4, ettei ole osa yhteis\u00f6\u00e4. Siksi erilaiset aktiviteetit, mm. vapaa-ajan toiminnot, yst\u00e4vien ja perheen kanssa vietetty aika tai vapaaehtoisty\u00f6, voivat auttaa lievitt\u00e4m\u00e4\u00e4n tai ehk\u00e4isem\u00e4\u00e4n yksin\u00e4isyyden ongelmia. Edellytykset aktiiviseen ik\u00e4\u00e4ntymiseen vaihtelevat kuitenkin fyysisten, taloudellisten ja sosiaalisten resurssien mukaan. Kokemus, ettei pysty el\u00e4m\u00e4\u00e4n aktiivisuuden ideaalien mukaan voi my\u00f6s osaltaan vahvistaa kokemusta ulkopuolisuudesta.\r\n\r\nEnsi vuonna k\u00e4ynnistyv\u00e4 tutkimushanke tutkii i\u00e4kk\u00e4iden yksin\u00e4isyyden esiintymisen kehityst\u00e4 1990-luvulta nykyp\u00e4iv\u00e4\u00e4n sek\u00e4 sit\u00e4, miten t\u00e4m\u00e4 kehitys liittyy aktiivisuuteen ja aktiviteetteihin osallistumiseen. Hanke tutkii my\u00f6s, keill\u00e4 on erityisen suuri riski kokea yksin\u00e4isyytt\u00e4, sek\u00e4 onko olemassa aktiviteetteja, jotka ovat erityisen hy\u00f6dyllisi\u00e4 yksin\u00e4isyyden torjumisessa.","_fi_post_name":"uusi-hanke-tutkii-ikaantynteiden-yksinaisyytta-ja-aktiivista-ikaantymista","_fi_post_excerpt":"","_fi_post_title":"Uusi hanke tutkii ik\u00e4\u00e4ntynteiden yksin\u00e4isyytt\u00e4 ja aktiivista ik\u00e4\u00e4ntymist\u00e4","_en_post_content":"","_en_post_name":"","_en_post_excerpt":"","_en_post_title":"","edit_language":"en","footnotes":""},"categories":[130],"tags":[],"class_list":["post-9588","post","type-post","status-publish","format-standard","has-post-thumbnail","hentry","category-tiedeuutiset","entry","has-media"],"_links":{"self":[{"href":"https:\/\/www.gerec.fi\/en\/wp-json\/wp\/v2\/posts\/9588","targetHints":{"allow":["GET"]}}],"collection":[{"href":"https:\/\/www.gerec.fi\/en\/wp-json\/wp\/v2\/posts"}],"about":[{"href":"https:\/\/www.gerec.fi\/en\/wp-json\/wp\/v2\/types\/post"}],"author":[{"embeddable":true,"href":"https:\/\/www.gerec.fi\/en\/wp-json\/wp\/v2\/users\/12"}],"replies":[{"embeddable":true,"href":"https:\/\/www.gerec.fi\/en\/wp-json\/wp\/v2\/comments?post=9588"}],"version-history":[{"count":3,"href":"https:\/\/www.gerec.fi\/en\/wp-json\/wp\/v2\/posts\/9588\/revisions"}],"predecessor-version":[{"id":9592,"href":"https:\/\/www.gerec.fi\/en\/wp-json\/wp\/v2\/posts\/9588\/revisions\/9592"}],"wp:featuredmedia":[{"embeddable":true,"href":"https:\/\/www.gerec.fi\/en\/wp-json\/wp\/v2\/media\/9589"}],"wp:attachment":[{"href":"https:\/\/www.gerec.fi\/en\/wp-json\/wp\/v2\/media?parent=9588"}],"wp:term":[{"taxonomy":"category","embeddable":true,"href":"https:\/\/www.gerec.fi\/en\/wp-json\/wp\/v2\/categories?post=9588"},{"taxonomy":"post_tag","embeddable":true,"href":"https:\/\/www.gerec.fi\/en\/wp-json\/wp\/v2\/tags?post=9588"}],"curies":[{"name":"wp","href":"https:\/\/api.w.org\/{rel}","templated":true}]}}