{"id":9576,"date":"2024-11-18T11:54:05","date_gmt":"2024-11-18T09:54:05","guid":{"rendered":"https:\/\/www.gerec.fi\/?p=9576"},"modified":"2024-11-20T09:13:25","modified_gmt":"2024-11-20T07:13:25","slug":"","status":"publish","type":"post","link":"https:\/\/www.gerec.fi\/en\/laaja-yhteistyohanke-tukee-muistisairaiden-ihmisten-kohtaamista-hoivakodeissa\/","title":{"rendered":"","raw":""},"content":{"rendered":"","protected":false,"raw":""},"excerpt":{"rendered":"Euroopan sosiaalirahasto (ESR) on my\u00f6nt\u00e4nyt vuosille 2024\u20132027 laajan rahoituksen Tampereen yliopiston ja Tampereen ammattikorkeakoulun sek\u00e4 Pirkanmaan muistiyhdistyksen yhteishankkeelle. Hankkeen p\u00e4\u00e4tavoitteena on kohtaamisosaamisen lis\u00e4\u00e4minen - tarkoituksena on vahvistaa sosiaali- ja terveysalan ammattilaisten osaamista muistisairaiden ihmisten kohtaamisessa ja heid\u00e4n arkensa tukemisessa. Tampereen&hellip;","protected":false,"raw":""},"author":12,"featured_media":9579,"comment_status":"closed","ping_status":"closed","sticky":false,"template":"","format":"standard","meta":{"_mi_skip_tracking":false,"_fi_post_content":"Euroopan sosiaalirahasto (ESR) on my\u00f6nt\u00e4nyt vuosille 2024\u20132027 laajan rahoituksen Tampereen yliopiston ja Tampereen ammattikorkeakoulun sek\u00e4 Pirkanmaan muistiyhdistyksen yhteishankkeelle. Hankkeen p\u00e4\u00e4tavoitteena on kohtaamisosaamisen lis\u00e4\u00e4minen - tarkoituksena on vahvistaa sosiaali- ja terveysalan ammattilaisten osaamista muistisairaiden ihmisten kohtaamisessa ja heid\u00e4n arkensa tukemisessa. Tampereen yliopiston osahanketta johtaa professori Jenni Kulmala.\r\n\r\nLue lis\u00e4\u00e4 hankkeesta Tampereen yliopiston tiedotteesta: <a href=\"https:\/\/www.tuni.fi\/fi\/ajankohtaista\/laaja-yhteistyohanke-tukee-muistisairaiden-ihmisten-kohtaamista-hoivakodeissa\">https:\/\/www.tuni.fi\/fi\/ajankohtaista\/laaja-yhteistyohanke-tukee-muistisairaiden-ihmisten-kohtaamista-hoivakodeissa<\/a>\r\n\r\nLis\u00e4tietoja hankkeesta:\r\n\r\nJari Pirhonen, yliopistotutkija, Tampereen yliopisto\r\n<a class=\"spamspan\" href=\"mailto:jari.pirhonen@tuni.fi\">jari.pirhonen@tuni.fi<\/a>\r\n050 4765 985\r\n\r\nJenni Kulmala, gerontologian professori, Tampereen yliopisto\r\n<a class=\"spamspan\" href=\"mailto:jenni.kulmala@tuni.fi\">jenni.kulmala@tuni.fi<\/a>\r\n050 439 5422\r\n\r\nKatja Hautsalo, lehtori, Tampereen ammattikorkeakoulu\r\n<a class=\"spamspan\" href=\"mailto:katja.hautsalo@tuni.fi\">katja.hautsalo@tuni.fi<\/a>\r\n040 572 7599","_fi_post_name":"laaja-yhteistyohanke-tukee-muistisairaiden-ihmisten-kohtaamista-hoivakodeissa","_fi_post_excerpt":"","_fi_post_title":"Laaja yhteisty\u00f6hanke tukee muistisairaiden ihmisten kohtaamista hoivakodeissa","_en_post_content":"","_en_post_name":"","_en_post_excerpt":"","_en_post_title":"","edit_language":"en","footnotes":""},"categories":[130],"tags":[],"class_list":["post-9576","post","type-post","status-publish","format-standard","has-post-thumbnail","hentry","category-tiedeuutiset","entry","has-media"],"_links":{"self":[{"href":"https:\/\/www.gerec.fi\/en\/wp-json\/wp\/v2\/posts\/9576","targetHints":{"allow":["GET"]}}],"collection":[{"href":"https:\/\/www.gerec.fi\/en\/wp-json\/wp\/v2\/posts"}],"about":[{"href":"https:\/\/www.gerec.fi\/en\/wp-json\/wp\/v2\/types\/post"}],"author":[{"embeddable":true,"href":"https:\/\/www.gerec.fi\/en\/wp-json\/wp\/v2\/users\/12"}],"replies":[{"embeddable":true,"href":"https:\/\/www.gerec.fi\/en\/wp-json\/wp\/v2\/comments?post=9576"}],"version-history":[{"count":6,"href":"https:\/\/www.gerec.fi\/en\/wp-json\/wp\/v2\/posts\/9576\/revisions"}],"predecessor-version":[{"id":9583,"href":"https:\/\/www.gerec.fi\/en\/wp-json\/wp\/v2\/posts\/9576\/revisions\/9583"}],"wp:featuredmedia":[{"embeddable":true,"href":"https:\/\/www.gerec.fi\/en\/wp-json\/wp\/v2\/media\/9579"}],"wp:attachment":[{"href":"https:\/\/www.gerec.fi\/en\/wp-json\/wp\/v2\/media?parent=9576"}],"wp:term":[{"taxonomy":"category","embeddable":true,"href":"https:\/\/www.gerec.fi\/en\/wp-json\/wp\/v2\/categories?post=9576"},{"taxonomy":"post_tag","embeddable":true,"href":"https:\/\/www.gerec.fi\/en\/wp-json\/wp\/v2\/tags?post=9576"}],"curies":[{"name":"wp","href":"https:\/\/api.w.org\/{rel}","templated":true}]}}