{"id":9568,"date":"2024-11-06T10:52:34","date_gmt":"2024-11-06T08:52:34","guid":{"rendered":"https:\/\/www.gerec.fi\/?p=9568"},"modified":"2024-11-20T09:14:20","modified_gmt":"2024-11-20T07:14:20","slug":"","status":"publish","type":"post","link":"https:\/\/www.gerec.fi\/en\/muistisairaus-ja-elamanlaatu-seminaari-4-12-2024\/","title":{"rendered":"","raw":""},"content":{"rendered":"","protected":false,"raw":""},"excerpt":{"rendered":"L\u00e4mpim\u00e4sti tervetuloa kaikille avoimeen \"Muistisairaus ja el\u00e4m\u00e4nlaatu\" -seminaariin! Luvassa on monin\u00e4k\u00f6kulmaista keskustelua el\u00e4m\u00e4st\u00e4 muistisairauden kanssa. Seminaari on osa Tampereen yliopiston \"Muistisairaus ja el\u00e4m\u00e4nlaatu\" sek\u00e4 \"Muistisairaat yhteiskunnassa\" -tutkimushankkeita. Ajankohta: 4.12.2024 Paikka: Tampereen yliopiston Linna-rakennus, auditorio K103 (Kalevantie 5). Seminaariin voi osallistua&hellip;","protected":false,"raw":""},"author":12,"featured_media":0,"comment_status":"closed","ping_status":"closed","sticky":false,"template":"","format":"standard","meta":{"_mi_skip_tracking":false,"_fi_post_content":"<div class=\"html-div xdj266r x11i5rnm xat24cr x1mh8g0r xexx8yu x4uap5 x18d9i69 xkhd6sd\" dir=\"auto\">\r\n<div class=\"html-div xdj266r x11i5rnm xat24cr x1mh8g0r xexx8yu x4uap5 x18d9i69 xkhd6sd\" data-ad-rendering-role=\"message\">\r\n<div id=\":r22:\" class=\"x1l90r2v x1pi30zi x1swvt13 x1iorvi4\" data-ad-comet-preview=\"message\" data-ad-preview=\"message\">\r\n<div class=\"x78zum5 xdt5ytf xz62fqu x16ldp7u\">\r\n<div class=\"xu06os2 x1ok221b\">\r\n<div class=\"xdj266r x11i5rnm xat24cr x1mh8g0r x1vvkbs x126k92a\">\r\n<div dir=\"auto\">L\u00e4mpim\u00e4sti tervetuloa kaikille avoimeen \"Muistisairaus ja el\u00e4m\u00e4nlaatu\" -seminaariin! Luvassa on monin\u00e4k\u00f6kulmaista keskustelua el\u00e4m\u00e4st\u00e4 muistisairauden kanssa. Seminaari on osa Tampereen yliopiston \"Muistisairaus ja el\u00e4m\u00e4nlaatu\" sek\u00e4 \"Muistisairaat yhteiskunnassa\" -tutkimushankkeita.<\/div>\r\n<div dir=\"auto\"><\/div>\r\n<\/div>\r\n<\/div>\r\n<div class=\"x11i5rnm xat24cr x1mh8g0r x1vvkbs xtlvy1s x126k92a\">\r\n<div dir=\"auto\"><strong>Ajankohta:<\/strong> 4.12.2024<\/div>\r\n<div dir=\"auto\"><strong>Paikka:<\/strong> Tampereen yliopiston Linna-rakennus, auditorio K103 (Kalevantie 5).<\/div>\r\n<\/div>\r\n<div dir=\"auto\"><\/div>\r\n<div dir=\"auto\"><span class=\"x193iq5w xeuugli x13faqbe x1vvkbs x1xmvt09 x1lliihq x1s928wv xhkezso x1gmr53x x1cpjm7i x1fgarty x1943h6x xudqn12 x3x7a5m x6prxxf xvq8zen xo1l8bm xzsf02u x1yc453h\" dir=\"auto\">Seminaariin voi osallistua my\u00f6s et\u00e4n\u00e4, p\u00e4\u00e4set seuraamaan livestreamia<\/span> <a href=\"https:\/\/tuni.cloud.panopto.eu\/Panopto\/Pages\/Sessions\/List.aspx#folderID=%22e9897037-e481-46b9-b162-b22d0066c379%22\">t\u00e4\u00e4lt\u00e4.<\/a><\/div>\r\n<\/div>\r\n<div dir=\"auto\"><\/div>\r\n<div class=\"x78zum5 xdt5ytf xz62fqu x16ldp7u\">\r\n<div dir=\"auto\"><\/div>\r\n<div class=\"x11i5rnm xat24cr x1mh8g0r x1vvkbs xtlvy1s x126k92a\">\r\n<div dir=\"auto\">Tutustu tarkempaan ohjelmaan alta:<\/div>\r\n<\/div>\r\n<\/div>\r\n<\/div>\r\n<div dir=\"auto\"><\/div>\r\n<div id=\":r22:\" class=\"x1l90r2v x1pi30zi x1swvt13 x1iorvi4\" data-ad-comet-preview=\"message\" data-ad-preview=\"message\">\r\n<div dir=\"auto\"><img class=\"alignnone size-medium wp-image-9569\" src=\"https:\/\/www.gerec.fi\/wp-content\/uploads\/2024\/11\/Seminaari-4.12_-002-300x277.jpg\" alt=\"\" width=\"300\" height=\"277\" \/><\/div>\r\n<\/div>\r\n<\/div>\r\n<\/div>","_fi_post_name":"muistisairaus-ja-elamanlaatu-seminaari-4-12-2024","_fi_post_excerpt":"","_fi_post_title":"\"Muistisairaus ja el\u00e4m\u00e4nlaatu\" -seminaari 4.12.2024.","_en_post_content":"","_en_post_name":"","_en_post_excerpt":"","_en_post_title":"","edit_language":"en","footnotes":""},"categories":[131],"tags":[],"class_list":["post-9568","post","type-post","status-publish","format-standard","hentry","category-tapahtumat","entry","no-media"],"_links":{"self":[{"href":"https:\/\/www.gerec.fi\/en\/wp-json\/wp\/v2\/posts\/9568","targetHints":{"allow":["GET"]}}],"collection":[{"href":"https:\/\/www.gerec.fi\/en\/wp-json\/wp\/v2\/posts"}],"about":[{"href":"https:\/\/www.gerec.fi\/en\/wp-json\/wp\/v2\/types\/post"}],"author":[{"embeddable":true,"href":"https:\/\/www.gerec.fi\/en\/wp-json\/wp\/v2\/users\/12"}],"replies":[{"embeddable":true,"href":"https:\/\/www.gerec.fi\/en\/wp-json\/wp\/v2\/comments?post=9568"}],"version-history":[{"count":6,"href":"https:\/\/www.gerec.fi\/en\/wp-json\/wp\/v2\/posts\/9568\/revisions"}],"predecessor-version":[{"id":9585,"href":"https:\/\/www.gerec.fi\/en\/wp-json\/wp\/v2\/posts\/9568\/revisions\/9585"}],"wp:attachment":[{"href":"https:\/\/www.gerec.fi\/en\/wp-json\/wp\/v2\/media?parent=9568"}],"wp:term":[{"taxonomy":"category","embeddable":true,"href":"https:\/\/www.gerec.fi\/en\/wp-json\/wp\/v2\/categories?post=9568"},{"taxonomy":"post_tag","embeddable":true,"href":"https:\/\/www.gerec.fi\/en\/wp-json\/wp\/v2\/tags?post=9568"}],"curies":[{"name":"wp","href":"https:\/\/api.w.org\/{rel}","templated":true}]}}