{"id":9545,"date":"2024-09-19T13:09:14","date_gmt":"2024-09-19T10:09:14","guid":{"rendered":"https:\/\/www.gerec.fi\/?p=9545"},"modified":"2024-09-19T13:09:14","modified_gmt":"2024-09-19T10:09:14","slug":"","status":"publish","type":"post","link":"https:\/\/www.gerec.fi\/en\/demokratiapaiva-11-10-2024-ikaantyvan-yhteiskunnan-haasteet-paneeli-klo-9-50\/","title":{"rendered":"","raw":""},"content":{"rendered":"","protected":false,"raw":""},"excerpt":{"rendered":"Kansallista demokratiap\u00e4iv\u00e4\u00e4 vietet\u00e4\u00e4n perjantaina 11. lokakuuta 2024 teemalla \u2019Paikalliset yhteis\u00f6t demokratian voimavarana\u2019. P\u00e4iv\u00e4n ohjelma koostuu asiantuntijapuheenvuoroista sek\u00e4 paneelikeskustelusta. Klo 9.50 j\u00e4rjestett\u00e4v\u00e4n paneelissa keskustellaan, miten demokratian ja osallisuuden vahvistamisella sek\u00e4 paikallisella yhteis\u00f6l\u00e4ht\u00f6isell\u00e4 kehitt\u00e4misell\u00e4 voitaisiin vaikuttaa ik\u00e4\u00e4ntyv\u00e4n yhteiskunnan haasteisiin.\u00a0 Paneelissa ovat keskustelemassa&hellip;","protected":false,"raw":""},"author":9,"featured_media":0,"comment_status":"closed","ping_status":"closed","sticky":false,"template":"","format":"standard","meta":{"_mi_skip_tracking":false,"_fi_post_content":"Kansallista demokratiap\u00e4iv\u00e4\u00e4 vietet\u00e4\u00e4n perjantaina 11. lokakuuta 2024 teemalla \u2019Paikalliset yhteis\u00f6t demokratian voimavarana\u2019. P\u00e4iv\u00e4n ohjelma koostuu asiantuntijapuheenvuoroista sek\u00e4 paneelikeskustelusta. Klo 9.50 j\u00e4rjestett\u00e4v\u00e4n paneelissa keskustellaan, miten demokratian ja osallisuuden vahvistamisella sek\u00e4 paikallisella yhteis\u00f6l\u00e4ht\u00f6isell\u00e4 kehitt\u00e4misell\u00e4 voitaisiin vaikuttaa ik\u00e4\u00e4ntyv\u00e4n yhteiskunnan haasteisiin.\u00a0 Paneelissa ovat keskustelemassa Ihmisoikeuskeskuksen johtaja <strong>Jarna Petman<\/strong>, vanhusasiavaltuutettu <strong>P\u00e4ivi Topo<\/strong>, v\u00e4it\u00f6skirjatutkijamme <strong>Anniriikka Rantala<\/strong> sek\u00e4 Teuvan kunnanjohtaja <strong>Veli Nummela<\/strong>. Tapahtumaan on mahdollista osallistua paikan p\u00e4\u00e4ll\u00e4 tai et\u00e4n\u00e4, ilmoittautuminen p\u00e4\u00e4ttyy 27.9.2024.\r\n\r\nDemokratiap\u00e4iv\u00e4n tapahtuma on kaikille avoin ja tarkoitettu esimerkiksi kansalaisyhteiskunnan toimijoille, virkahenkil\u00f6ille ja luottamushenkil\u00f6ille sek\u00e4 tutkijoille.\r\n\r\nKoko ohjelman l\u00f6yd\u00e4t t\u00e4\u00e4lt\u00e4: https:\/\/www.kuntaliitto.fi\/tapahtumat\/2024\/kansallinen-demokratiapaiva-2024\r\n\r\nDemokratiap\u00e4iv\u00e4n toteuttavat yhdess\u00e4 oikeusministeri\u00f6, valtiovarainministeri\u00f6, Suomen Kuntaliitto ja Hyvinvointialueyhti\u00f6 Hyvil.","_fi_post_name":"demokratiapaiva-11-10-2024-ikaantyvan-yhteiskunnan-haasteet-paneeli-klo-9-50","_fi_post_excerpt":"","_fi_post_title":"Demokratiap\u00e4iv\u00e4 11.10.2024: Ik\u00e4\u00e4ntyv\u00e4n yhteiskunnan haasteet paneeli klo 9.50","_en_post_content":"","_en_post_name":"","_en_post_excerpt":"","_en_post_title":"","edit_language":"en","footnotes":""},"categories":[131],"tags":[],"class_list":["post-9545","post","type-post","status-publish","format-standard","hentry","category-tapahtumat","entry","no-media"],"_links":{"self":[{"href":"https:\/\/www.gerec.fi\/en\/wp-json\/wp\/v2\/posts\/9545","targetHints":{"allow":["GET"]}}],"collection":[{"href":"https:\/\/www.gerec.fi\/en\/wp-json\/wp\/v2\/posts"}],"about":[{"href":"https:\/\/www.gerec.fi\/en\/wp-json\/wp\/v2\/types\/post"}],"author":[{"embeddable":true,"href":"https:\/\/www.gerec.fi\/en\/wp-json\/wp\/v2\/users\/9"}],"replies":[{"embeddable":true,"href":"https:\/\/www.gerec.fi\/en\/wp-json\/wp\/v2\/comments?post=9545"}],"version-history":[{"count":1,"href":"https:\/\/www.gerec.fi\/en\/wp-json\/wp\/v2\/posts\/9545\/revisions"}],"predecessor-version":[{"id":9546,"href":"https:\/\/www.gerec.fi\/en\/wp-json\/wp\/v2\/posts\/9545\/revisions\/9546"}],"wp:attachment":[{"href":"https:\/\/www.gerec.fi\/en\/wp-json\/wp\/v2\/media?parent=9545"}],"wp:term":[{"taxonomy":"category","embeddable":true,"href":"https:\/\/www.gerec.fi\/en\/wp-json\/wp\/v2\/categories?post=9545"},{"taxonomy":"post_tag","embeddable":true,"href":"https:\/\/www.gerec.fi\/en\/wp-json\/wp\/v2\/tags?post=9545"}],"curies":[{"name":"wp","href":"https:\/\/api.w.org\/{rel}","templated":true}]}}