{"id":9515,"date":"2024-08-28T10:35:50","date_gmt":"2024-08-28T07:35:50","guid":{"rendered":"https:\/\/www.gerec.fi\/?p=9515"},"modified":"2024-08-28T10:36:03","modified_gmt":"2024-08-28T07:36:03","slug":"","status":"publish","type":"post","link":"https:\/\/www.gerec.fi\/en\/kuule-minua-tapahtuma-perjantaina-27-9-2024\/","title":{"rendered":"","raw":""},"content":{"rendered":"","protected":false,"raw":""},"excerpt":{"rendered":"Tervetuloa Kuule minua -tapahtumaan perjantaina 27.9. klo 10-15! Mukana on paljon muistisairauksien ja ik\u00e4\u00e4ntymisen asiantuntijoita ja muita yhteiskunnan vaikuttajia. Tulevaisuuden muistiyst\u00e4v\u00e4llinen yhteiskunta rakennetaan yhdess\u00e4! Ajankohta: Perjantai 27.9. klo 10-15 Paikka: G Livelab, Yrj\u00f6nkatu 3, Helsinki Tapahtumatila on esteet\u00f6n. Lis\u00e4tietoa hankkeesta&hellip;","protected":false,"raw":""},"author":12,"featured_media":0,"comment_status":"closed","ping_status":"closed","sticky":false,"template":"","format":"standard","meta":{"_mi_skip_tracking":false,"_fi_post_content":"Tervetuloa Kuule minua -tapahtumaan<strong> perjantaina 27.9. klo 10-15!<\/strong>\r\n\r\nMukana on paljon muistisairauksien ja ik\u00e4\u00e4ntymisen asiantuntijoita ja muita yhteiskunnan vaikuttajia. Tulevaisuuden muistiyst\u00e4v\u00e4llinen yhteiskunta rakennetaan yhdess\u00e4!\r\n\r\n<strong>Ajankohta:<\/strong> Perjantai 27.9. klo 10-15\r\n<strong>Paikka:<\/strong> G Livelab, Yrj\u00f6nkatu 3, Helsinki\r\nTapahtumatila on esteet\u00f6n.\r\n\r\nLis\u00e4tietoa hankkeesta ja tapahtumasta: <a href=\"https:\/\/projects.tuni.fi\/kuuleminua\/\">https:\/\/projects.tuni.fi\/kuuleminua\/<\/a>\r\nLinkki ilmoittautumislomakkeeseen: <a href=\"https:\/\/forms.office.com\/e\/ERzNSSFfwM\">https:\/\/forms.office.com\/e\/ERzNSSFfwM<\/a>\r\n\r\nViimeinen ilmoittautumisp\u00e4iv\u00e4 on 13.9.\r\n\r\n<strong>Ohjelma<\/strong>\r\n\r\n10.00-11.00 Kurkistuksia parisuhteen muuttuvaan dynamiikkaan muistisairauden edetess\u00e4. \u00c4\u00e4ness\u00e4 kokemusasiantuntijat ja tutkijat\r\n\r\n11.00-12.00 Lounas, maksuton\r\n\r\n12.00-14.30 N\u00e4k\u00f6kulmia politiikan huipulta, piispa kuumassa tuolissa ja muusikon mietteit\u00e4 muistista.\r\n\r\n14.30 Loppukahvit ja vapaata yhdess\u00e4oloa\r\n\r\nMaksuton tilaisuus sis\u00e4lt\u00e4\u00e4 lounaan ja iltap\u00e4iv\u00e4kahvin. L\u00e4mpim\u00e4sti tervetuloa mukaan kuuntelemaan, keskustelemaan, vaikuttumaan ja vaikuttamaan!\r\n\r\nTampereen yliopiston koordinoima Suomen kulttuurirahaston Argumenta-hanke nostaa muistisairaudet ja niihin liittyv\u00e4t teemat tieteiden v\u00e4liseen ja laajaan yhteiskunnalliseen keskusteluun. Lis\u00e4tietoja verkkosivulta <a href=\"https:\/\/eur04.safelinks.protection.outlook.com\/?url=https%3A%2F%2Fprojects.tuni.fi%2Fkuuleminua%2F&amp;data=05%7C02%7Csuvi.mykkanen%40tuni.fi%7Ccb4a462f95c94d86038a08dcc360acef%7Cfa6944afcc7c4cd89154c01132798910%7C0%7C0%7C638600067181192886%7CUnknown%7CTWFpbGZsb3d8eyJWIjoiMC4wLjAwMDAiLCJQIjoiV2luMzIiLCJBTiI6Ik1haWwiLCJXVCI6Mn0%3D%7C0%7C%7C%7C&amp;sdata=XojlY0mkmiogy1PMxubD6Dr%2Baiw6kXhAm1YQi77%2BTYQ%3D&amp;reserved=0\">https:\/\/projects.tuni.fi\/kuuleminua\/<\/a>\r\n\r\n&nbsp;\r\n\r\n<img class=\"alignnone size-medium wp-image-9516\" src=\"https:\/\/www.gerec.fi\/wp-content\/uploads\/2024\/08\/Kuule-minua-tapahtuma-2024-09-24-300x218.png\" alt=\"\" width=\"300\" height=\"218\" \/>","_fi_post_name":"kuule-minua-tapahtuma-perjantaina-27-9-2024","_fi_post_excerpt":"","_fi_post_title":"Kuule minua -tapahtuma perjantaina 27.9.2024.","_en_post_content":"","_en_post_name":"","_en_post_excerpt":"","_en_post_title":"","edit_language":"en","footnotes":""},"categories":[131],"tags":[],"class_list":["post-9515","post","type-post","status-publish","format-standard","hentry","category-tapahtumat","entry","no-media"],"_links":{"self":[{"href":"https:\/\/www.gerec.fi\/en\/wp-json\/wp\/v2\/posts\/9515","targetHints":{"allow":["GET"]}}],"collection":[{"href":"https:\/\/www.gerec.fi\/en\/wp-json\/wp\/v2\/posts"}],"about":[{"href":"https:\/\/www.gerec.fi\/en\/wp-json\/wp\/v2\/types\/post"}],"author":[{"embeddable":true,"href":"https:\/\/www.gerec.fi\/en\/wp-json\/wp\/v2\/users\/12"}],"replies":[{"embeddable":true,"href":"https:\/\/www.gerec.fi\/en\/wp-json\/wp\/v2\/comments?post=9515"}],"version-history":[{"count":6,"href":"https:\/\/www.gerec.fi\/en\/wp-json\/wp\/v2\/posts\/9515\/revisions"}],"predecessor-version":[{"id":9522,"href":"https:\/\/www.gerec.fi\/en\/wp-json\/wp\/v2\/posts\/9515\/revisions\/9522"}],"wp:attachment":[{"href":"https:\/\/www.gerec.fi\/en\/wp-json\/wp\/v2\/media?parent=9515"}],"wp:term":[{"taxonomy":"category","embeddable":true,"href":"https:\/\/www.gerec.fi\/en\/wp-json\/wp\/v2\/categories?post=9515"},{"taxonomy":"post_tag","embeddable":true,"href":"https:\/\/www.gerec.fi\/en\/wp-json\/wp\/v2\/tags?post=9515"}],"curies":[{"name":"wp","href":"https:\/\/api.w.org\/{rel}","templated":true}]}}