{"id":9501,"date":"2024-06-24T10:37:05","date_gmt":"2024-06-24T07:37:05","guid":{"rendered":"https:\/\/www.gerec.fi\/?p=9501"},"modified":"2024-06-24T10:37:45","modified_gmt":"2024-06-24T07:37:45","slug":"","status":"publish","type":"post","link":"https:\/\/www.gerec.fi\/en\/hoivakoyhyyden-merkkeja-nakyy-ymparivuorokautiseen-hoitoon-paasyssa-ja-hoidon-laadussa\/","title":{"rendered":"","raw":""},"content":{"rendered":"","protected":false,"raw":""},"excerpt":{"rendered":"Tampereen, Turun ja Helsingin yliopiston tutkijoiden toteuttamassa haastattelututkimuksessa tarkasteltiin hoivakodeissa asuvien muistisairaiden henkil\u00f6iden kohtaamattomia hoidontarpeita l\u00e4heisten n\u00e4k\u00f6kulmasta. Haastattelujen perusteella hoitoon p\u00e4\u00e4seminen saattoi edellytt\u00e4\u00e4 paitsi mittavia hoidontarpeita ja avointa paikkaa, my\u00f6s jo todentuneita riskej\u00e4. Hoitopaikan saaminen ei my\u00f6sk\u00e4\u00e4n kaikkien kohdalla ollut&hellip;","protected":false,"raw":""},"author":9,"featured_media":9502,"comment_status":"closed","ping_status":"closed","sticky":false,"template":"","format":"standard","meta":{"_mi_skip_tracking":false,"_fi_post_content":"<em>Tampereen, Turun ja Helsingin yliopiston tutkijoiden toteuttamassa haastattelututkimuksessa tarkasteltiin hoivakodeissa asuvien muistisairaiden henkil\u00f6iden kohtaamattomia hoidontarpeita l\u00e4heisten n\u00e4k\u00f6kulmasta. Haastattelujen perusteella hoitoon p\u00e4\u00e4seminen saattoi edellytt\u00e4\u00e4 paitsi mittavia hoidontarpeita ja avointa paikkaa, my\u00f6s jo todentuneita riskej\u00e4. Hoitopaikan saaminen ei my\u00f6sk\u00e4\u00e4n kaikkien kohdalla ollut johtanut tarpeita vastaavaan hoitoon.<\/em>\r\n\r\nTutkimuksessa hy\u00f6dynnettiin professori Teppo Kr\u00f6gerin (2022) luomaa hoivak\u00f6yhyyden konseptia, jolla tarkoitetaan sit\u00e4, ett\u00e4 henkil\u00f6 tarvitsee palveluita, mutta ei tarpeestaan huolimatta n\u00e4it\u00e4 saa. Hoivak\u00f6yhyys voi kohdistua perustarpeisiin (ravinto, hygienia, pukeutuminen), arjen tarpeisiin (kuten l\u00e4\u00e4kkeiden ottaminen ja liikkuminen paikasta toiseen) ja sosioemotionaalisiin tarpeisiin. Absoluuttista hoivak\u00f6yhyytt\u00e4 on, kun henkil\u00f6 ei saa lainkaan hoitoa, kun taas suhteellinen hoivak\u00f6yhyys, jota t\u00e4ss\u00e4 tutkimuksessa tarkasteltiin, viittaa siihen, ettei saatu hoito vastaa hoidontarpeita.\r\n\r\nTutkijat haastattelivat pitk\u00e4lle edennytt\u00e4 muistisairautta sairastavien hoivakotiasukkaiden l\u00e4heisi\u00e4 selvitt\u00e4\u00e4kseen, milt\u00e4 hoitoon p\u00e4\u00e4sy ja saatu hoito n\u00e4ytt\u00e4v\u00e4t Suomessa l\u00e4heisten silmin katsottuna.\r\n\r\nL\u00e4heisten n\u00e4k\u00f6kulmasta ymp\u00e4rivuorokautista hoitoa tarjotaan muistisairautta sairastavalle ihmisille vasta sitten, kun kaikki muut palvelut ovat osoittautuneet riitt\u00e4m\u00e4tt\u00f6m\u00e4ksi. L\u00e4heiset kuvasivat, miten hoivakotipaikan saaminen saattoi edellytt\u00e4\u00e4 sit\u00e4, ett\u00e4 esimerkiksi vaaratilanteen riski oli jo k\u00e4ynyt toteen. Usein ymp\u00e4rivuorokautista hoitoa oli edelt\u00e4nyt yksi tai useampi sairaalajakso. Moni l\u00e4heinen kertoi my\u00f6s omaishoitajien uupumisesta, ja joissakin tapauksissa hoivakotipaikka oli mahdollistunut vasta sitten, kun omaishoitajan oma terveys oli heikentynyt siin\u00e4 m\u00e4\u00e4rin, ettei t\u00e4m\u00e4 kyennyt en\u00e4\u00e4 hoitamaan muistisairasta l\u00e4heist\u00e4\u00e4n.\r\n\r\nOsa l\u00e4heisist\u00e4 kuvasi ymp\u00e4rivuorokautiseen hoitoon siirtymist\u00e4 helpotuksena, mutta joidenkin kohdalla kohtaamattomia hoidontarpeita ja jopa kaltoinkohtelua koettiin my\u00f6s hoivakodissa. L\u00e4heisten kokemus hoidon laadusta vaihteli huomattavasti yksik\u00f6iden v\u00e4lill\u00e4. Eniten l\u00e4heiset olivat huolissaan kohtaamattomista perustarpeista. Osa l\u00e4heisist\u00e4 koki, ett\u00e4 heid\u00e4n n\u00e4kemyksens\u00e4 sivuutettiin, eik\u00e4 asioiden esille nostaminen ollut johtanut tilanteiden korjaamiseen.\r\n\r\n\u201dL\u00e4heisten ja hoivakotien henkil\u00f6st\u00f6n v\u00e4list\u00e4 vuorovaikutusta tulisi tutkimuksen perusteella parantaa. Konfliktitilanteita varten tulisi luoda selke\u00e4 protokolla, jonka avulla erimielisyyksi\u00e4 voitaisiin ratkaista rakentavalla ja potilaskeskeisell\u00e4 tavalla\u201d, kertoo tutkija Jenny Paananen Turun yliopistosta.\r\n\r\nTutkimuksen tulosten mukaan pitk\u00e4lle edennytt\u00e4 muistisairautta sairastavien hoidossa on havaittavissa hoivak\u00f6yhyyden merkkej\u00e4. Havainto on huolestuttava, sill\u00e4 ymp\u00e4rivuorokautista hoitoa ollaan Suomessa v\u00e4hent\u00e4m\u00e4ss\u00e4 entisest\u00e4\u00e4n kustannusten s\u00e4\u00e4st\u00e4miseksi.\r\n\r\n\u201dYmp\u00e4rivuorokautisen hoidon v\u00e4hent\u00e4minen tilanteessa, jossa v\u00e4est\u00f6 ik\u00e4\u00e4ntyy, uhkaa paitsi hoidettavien ja heid\u00e4n l\u00e4heistens\u00e4 sek\u00e4 hoitoalan ammattilaisten hyvinvointia, my\u00f6s koko hyvinvointivaltion olemassaoloa\u201d, toteaa yliopistotutkija Jari Pirhonen Tampereen yliopistosta.\r\n\r\n&nbsp;\r\n\r\n<strong>Lis\u00e4tietoja:<\/strong>\r\n\r\nYliopistotutkija Jari Pirhonen, <a href=\"mailto:jari.pirhonen@tuni.fi\">jari.pirhonen@tuni.fi<\/a>, puhelin: 050 4765 985\r\n\r\nTutkija Jenny Paananen, <a href=\"mailto:jekrni@utu.fi\">jekrni@utu.fi<\/a>, puhelin: 0415493775\r\n\r\nProfessori Jenni Kulmala, puhelin: 050 4395422\r\n\r\n&nbsp;\r\n\r\n<strong>Lue lis\u00e4\u00e4 tutkimusjulkaisusta<\/strong>: <a href=\"https:\/\/www.tandfonline.com\/doi\/full\/10.1080\/01488376.2024.2369115?src=\">https:\/\/www.tandfonline.com\/doi\/full\/10.1080\/01488376.2024.2369115?src=<\/a>\r\n\r\n<strong>Lue lis\u00e4\u00e4 muistitutkimushankkeista:<\/strong>\r\n\r\n<a href=\"https:\/\/www.muistisairaatyhteiskunnassa.fi\/\">https:\/\/www.muistisairaatyhteiskunnassa.fi\/<\/a>","_fi_post_name":"hoivakoyhyyden-merkkeja-nakyy-ymparivuorokautiseen-hoitoon-paasyssa-ja-hoidon-laadussa","_fi_post_excerpt":"","_fi_post_title":"Hoivak\u00f6yhyyden merkkej\u00e4 n\u00e4kyy ymp\u00e4rivuorokautiseen hoitoon p\u00e4\u00e4syss\u00e4 ja hoidon laadussa","_en_post_content":"","_en_post_name":"","_en_post_excerpt":"","_en_post_title":"","edit_language":"en","footnotes":""},"categories":[130],"tags":[491,493,492,489,494,249,490],"class_list":["post-9501","post","type-post","status-publish","format-standard","has-post-thumbnail","hentry","category-tiedeuutiset","tag-haastattelututkimus","tag-hoidon-laatu","tag-hoidontarpeet","tag-hoivakoti","tag-hoivakoyhyys","tag-muistisairaus","tag-ymparivuorokautinen-hoito","entry","has-media"],"_links":{"self":[{"href":"https:\/\/www.gerec.fi\/en\/wp-json\/wp\/v2\/posts\/9501","targetHints":{"allow":["GET"]}}],"collection":[{"href":"https:\/\/www.gerec.fi\/en\/wp-json\/wp\/v2\/posts"}],"about":[{"href":"https:\/\/www.gerec.fi\/en\/wp-json\/wp\/v2\/types\/post"}],"author":[{"embeddable":true,"href":"https:\/\/www.gerec.fi\/en\/wp-json\/wp\/v2\/users\/9"}],"replies":[{"embeddable":true,"href":"https:\/\/www.gerec.fi\/en\/wp-json\/wp\/v2\/comments?post=9501"}],"version-history":[{"count":2,"href":"https:\/\/www.gerec.fi\/en\/wp-json\/wp\/v2\/posts\/9501\/revisions"}],"predecessor-version":[{"id":9504,"href":"https:\/\/www.gerec.fi\/en\/wp-json\/wp\/v2\/posts\/9501\/revisions\/9504"}],"wp:featuredmedia":[{"embeddable":true,"href":"https:\/\/www.gerec.fi\/en\/wp-json\/wp\/v2\/media\/9502"}],"wp:attachment":[{"href":"https:\/\/www.gerec.fi\/en\/wp-json\/wp\/v2\/media?parent=9501"}],"wp:term":[{"taxonomy":"category","embeddable":true,"href":"https:\/\/www.gerec.fi\/en\/wp-json\/wp\/v2\/categories?post=9501"},{"taxonomy":"post_tag","embeddable":true,"href":"https:\/\/www.gerec.fi\/en\/wp-json\/wp\/v2\/tags?post=9501"}],"curies":[{"name":"wp","href":"https:\/\/api.w.org\/{rel}","templated":true}]}}