{"id":9396,"date":"2024-04-26T09:12:40","date_gmt":"2024-04-26T06:12:40","guid":{"rendered":"https:\/\/www.gerec.fi\/?p=9396"},"modified":"2024-04-26T09:46:48","modified_gmt":"2024-04-26T06:46:48","slug":"","status":"publish","type":"post","link":"https:\/\/www.gerec.fi\/en\/vaitoskirjatutkija-tunnista-osaamisesi\/","title":{"rendered":"","raw":""},"content":{"rendered":"","protected":false,"raw":""},"excerpt":{"rendered":"Gerontologian tutkimuskeskuksen 15 v\u00e4it\u00f6skirjatutkijaa kokoontuivat 11.4.2024 aurinkoisessa ja tuulisessa Jyv\u00e4skyl\u00e4ss\u00e4 tutustumisen ja tulevaisuuden yhteisty\u00f6n rakentamisen merkeiss\u00e4. V\u00e4it\u00f6skirjatutkijoiden tiiviimp\u00e4\u00e4 yhteisty\u00f6t\u00e4 Tampereen ja Jyv\u00e4skyl\u00e4n yliopistojen v\u00e4lill\u00e4 aloiteltiin jo vuonna 2019, mutta maailman mullistukset heittiv\u00e4t kapuloita rattaisiin hidastaen yhteisty\u00f6n syvent\u00e4mist\u00e4. Kipin\u00e4 yhteisty\u00f6n elvytt\u00e4miselle&hellip;","protected":false,"raw":""},"author":12,"featured_media":0,"comment_status":"closed","ping_status":"closed","sticky":false,"template":"","format":"standard","meta":{"_mi_skip_tracking":false,"_fi_post_content":"Gerontologian tutkimuskeskuksen 15 v\u00e4it\u00f6skirjatutkijaa kokoontuivat 11.4.2024 aurinkoisessa ja tuulisessa Jyv\u00e4skyl\u00e4ss\u00e4 tutustumisen ja tulevaisuuden yhteisty\u00f6n rakentamisen merkeiss\u00e4. V\u00e4it\u00f6skirjatutkijoiden tiiviimp\u00e4\u00e4 yhteisty\u00f6t\u00e4 Tampereen ja Jyv\u00e4skyl\u00e4n yliopistojen v\u00e4lill\u00e4 aloiteltiin jo vuonna 2019, mutta maailman mullistukset heittiv\u00e4t kapuloita rattaisiin hidastaen yhteisty\u00f6n syvent\u00e4mist\u00e4. Kipin\u00e4 yhteisty\u00f6n elvytt\u00e4miselle syttyi kuitenkin uudelleen GERECin syyskoulussa 2023. V\u00e4it\u00f6skirjatutkijoiden verkostoitumisp\u00e4iv\u00e4 olikin t\u00e4ynn\u00e4 inspiraatiota, intoa ja iloisia kohtaamisia.\r\n\r\n<img class=\"wp-image-9397 size-large alignnone\" src=\"https:\/\/www.gerec.fi\/wp-content\/uploads\/2024\/04\/Kuva1-1024x698.jpg\" alt=\"\" width=\"980\" height=\"668\" \/>\r\n\r\nP\u00e4iv\u00e4n keskeinen teema oli <em>oman osaamisen tunnistaminen ja sen n\u00e4kyv\u00e4ksi tekeminen<\/em>. Saara Minkkinen Jyv\u00e4skyl\u00e4n yliopiston henkil\u00f6st\u00f6palveluista oli alustamassa Jyv\u00e4skyl\u00e4n yliopiston Osaamisprofiili -ty\u00f6kalun k\u00e4yt\u00f6ss\u00e4. Osalle Osaamisprofiili -ty\u00f6kalu olikin tuttu GERECin syyskoulusta, mutta osalle ty\u00f6kalu oli uusi tuttavuus ja hy\u00f6dynsimmekin sit\u00e4 nyt hieman eri tavoin kuin syyskoulussa.\r\n\r\nOsaamisprofiili -ty\u00f6kalun tarkoituksena on tunnistaa ja j\u00e4sent\u00e4\u00e4 omaa osaamista ja ammatti-identiteetti\u00e4 sek\u00e4 opetella oman osaamisen sanoittamista ja siit\u00e4 viestimist\u00e4. Oman osaamisen tunnistaminen ja sen jakaminen on GERECin sis\u00e4isen yhteisty\u00f6n kannalta t\u00e4rke\u00e4\u00e4 ja v\u00e4ltt\u00e4m\u00e4t\u00f6nt\u00e4. Saara Minkkisen pit\u00e4m\u00e4n innostavan alustuksen j\u00e4lkeen hy\u00f6dynsimme ty\u00f6kalua pienryhmiss\u00e4, joissa samalla tutustuimme toisiimme esittelem\u00e4ll\u00e4 omia uratarinoitamme ja eri yhteyksiss\u00e4 kertynytt\u00e4 osaamistamme. Ryhm\u00e4ty\u00f6skentelyn avulla huomasimme, ett\u00e4 meill\u00e4 on valtavasti erilaista osaamista, jota voisimme yhdistell\u00e4 ja hy\u00f6dynt\u00e4\u00e4 my\u00f6s tutkimuskeskuksen sis\u00e4ll\u00e4: tieteellisen tiedon tuottamiseen liittyv\u00e4\u00e4 osaamista, monipuolista menetelm\u00e4osaamista, organisointi- ja projektinhallintataitoja, vuorovaikutus- ja viestint\u00e4taitoja, ongelmanratkaisutaitoja, monipuolista kielitaitoa, sek\u00e4 rutkasti luovuutta, itseohjautuvuutta ja sinnikkyytt\u00e4. Porukastamme l\u00f6ytyi my\u00f6s osaamista, jota ei v\u00e4ltt\u00e4m\u00e4tt\u00e4 t\u00e4m\u00e4nhetkisess\u00e4 ty\u00f6ss\u00e4 p\u00e4\u00e4se hy\u00f6dynt\u00e4m\u00e4\u00e4n, vaikka haluaisi. T\u00e4llaisina nousivat esille esimerkiksi ohjaus- ja valmennusosaaminen, luova kirjoittaminen, visuaaliset taidot, teko\u00e4lyn tehokas k\u00e4ytt\u00f6 ja hy\u00f6dynt\u00e4minen sek\u00e4 terveydenhuollon ammattilaisten k\u00e4yt\u00e4nn\u00f6n osaaminen.\r\n\r\nLounaan j\u00e4lkeen pohdimme ensin pienryhmiss\u00e4 ja sitten koko porukalla tulevaisuuden uraunelmia ja mahdollisuuksia. Erilaisten ty\u00f6uran skenaarioiden jakaminen auttoi hahmottamaan tulevaisuuden mahdollisuuksia. Pidimme t\u00e4rke\u00e4n\u00e4 tulevaisuuden ty\u00f6n mielekkyytt\u00e4, jatkuvuutta, kertyneen asiantuntijuuden laajaa ja monipuolista hy\u00f6dynt\u00e4mist\u00e4 sek\u00e4 hyv\u00e4\u00e4 ty\u00f6yhteis\u00f6\u00e4.\r\n\r\nTutkimuskeskuksen tulevaisuus v\u00e4it\u00f6skirjatutkijoiden n\u00e4k\u00f6kulmasta oli my\u00f6s yksi teema iltap\u00e4iv\u00e4n sessiossa. Meille muodostui yhteinen n\u00e4kemys siit\u00e4, ett\u00e4 GERECin laajaa osaamista ja verkostoa pit\u00e4isi hy\u00f6dynt\u00e4\u00e4 nykyist\u00e4 aktiivisemmin ja n\u00e4kyv\u00e4mmin. Keskusteluissa korostui sis\u00e4isen yhteisty\u00f6n vahvistaminen ja sen n\u00e4kyvyyden lis\u00e4\u00e4minen my\u00f6s tutkimuskeskuksen ulkopuolelle. Tiiviimpi yhteisty\u00f6 Tampereen ja Jyv\u00e4skyl\u00e4n yliopistojen v\u00e4lill\u00e4, kuten yhteiset artikkelit ja rahoitushakemukset, voisivat olla askelia oikeaan suuntaan. Lis\u00e4ksi GERECille voisi luoda \u00a0tutkijoiden osaamiskartan, joka auttaisi sek\u00e4 meit\u00e4 GERECin j\u00e4seni\u00e4, ett\u00e4 ulkopuolisia l\u00f6yt\u00e4m\u00e4\u00e4n ja hy\u00f6dynt\u00e4m\u00e4\u00e4n j\u00e4sentemme monipuolista osaamista.\r\n\r\nIltap\u00e4iv\u00e4n sessiossa Jenni Kulmalan ja Laura Joensuun esitykset verkostoitumisesta ja konsortiohankkeista vahvistivat ajatustamme yhteisty\u00f6n t\u00e4rkeydest\u00e4. Onnistumiset syntyv\u00e4t hyv\u00e4ll\u00e4 porukalla, samankaltaisella ty\u00f6tahdilla ja mielekk\u00e4\u00e4ll\u00e4 ty\u00f6nteolla.\r\n\r\nToiveemme on, ett\u00e4 t\u00e4m\u00e4 huhtikuinen v\u00e4it\u00f6skirjatutkijoiden verkostoitumisp\u00e4iv\u00e4 ei ollut vain kertaluonteinen tapahtuma, vaan alku uudelle ja vahvemmalle yhteisty\u00f6lle. Jatkossa toivomme, ett\u00e4 verkostoitumisp\u00e4iv\u00e4 olisi osana GERECin vuosikalenteria ja kannustamme my\u00f6s muissa urapolun vaiheissa olevia samankaltaiseen toimintaan. T\u00e4st\u00e4 on hyv\u00e4 jatkaa kohti yhteisi\u00e4 tavoitteita, muistaen, ett\u00e4 meill\u00e4 on GERECiss\u00e4 Suomen paras osaaminen ik\u00e4\u00e4ntymistutkimuksen kent\u00e4ll\u00e4!\r\n\r\n&nbsp;\r\n\r\nKirjoittajat:\r\n\r\nLaura Lahti, v\u00e4it\u00f6skirjatutkija, Tampereen yliopisto\r\n\r\nKatja Lindeman, v\u00e4it\u00f6skirjatutkija, Jyv\u00e4skyl\u00e4n yliopisto\r\n\r\n&nbsp;\r\n\r\n&nbsp;","_fi_post_name":"vaitoskirjatutkija-tunnista-osaamisesi","_fi_post_excerpt":"","_fi_post_title":"V\u00e4it\u00f6skirjatutkija, tunnista osaamisesi!","_en_post_content":"","_en_post_name":"","_en_post_excerpt":"","_en_post_title":"","edit_language":"en","footnotes":""},"categories":[132],"tags":[],"class_list":["post-9396","post","type-post","status-publish","format-standard","hentry","category-blogi","entry","no-media"],"_links":{"self":[{"href":"https:\/\/www.gerec.fi\/en\/wp-json\/wp\/v2\/posts\/9396","targetHints":{"allow":["GET"]}}],"collection":[{"href":"https:\/\/www.gerec.fi\/en\/wp-json\/wp\/v2\/posts"}],"about":[{"href":"https:\/\/www.gerec.fi\/en\/wp-json\/wp\/v2\/types\/post"}],"author":[{"embeddable":true,"href":"https:\/\/www.gerec.fi\/en\/wp-json\/wp\/v2\/users\/12"}],"replies":[{"embeddable":true,"href":"https:\/\/www.gerec.fi\/en\/wp-json\/wp\/v2\/comments?post=9396"}],"version-history":[{"count":8,"href":"https:\/\/www.gerec.fi\/en\/wp-json\/wp\/v2\/posts\/9396\/revisions"}],"predecessor-version":[{"id":9405,"href":"https:\/\/www.gerec.fi\/en\/wp-json\/wp\/v2\/posts\/9396\/revisions\/9405"}],"wp:attachment":[{"href":"https:\/\/www.gerec.fi\/en\/wp-json\/wp\/v2\/media?parent=9396"}],"wp:term":[{"taxonomy":"category","embeddable":true,"href":"https:\/\/www.gerec.fi\/en\/wp-json\/wp\/v2\/categories?post=9396"},{"taxonomy":"post_tag","embeddable":true,"href":"https:\/\/www.gerec.fi\/en\/wp-json\/wp\/v2\/tags?post=9396"}],"curies":[{"name":"wp","href":"https:\/\/api.w.org\/{rel}","templated":true}]}}