{"id":9305,"date":"2023-10-26T09:27:08","date_gmt":"2023-10-26T06:27:08","guid":{"rendered":"https:\/\/www.gerec.fi\/?p=9305"},"modified":"2023-10-26T15:32:05","modified_gmt":"2023-10-26T12:32:05","slug":"","status":"publish","type":"post","link":"https:\/\/www.gerec.fi\/en\/hoiva-ja-demokratia-tyopajoja-marraskuussa-9-11-ja-28-11\/","title":{"rendered":"","raw":""},"content":{"rendered":"","protected":false,"raw":""},"excerpt":{"rendered":"Tampereen yliopiston Demokratiatutkimusverkosto j\u00e4rjest\u00e4\u00e4 marraskuussa kaksi avointa hoivaan ja demokratiaan liittyv\u00e4\u00e4 ty\u00f6pajaa. Ty\u00f6pajojen pyrkimyksen\u00e4 on tuoda yhteen j\u00e4rjest\u00f6jen edustajia ja tutkijoita keskustelemaan ik\u00e4\u00e4ntymisen, hoivan ja demokratian polttavista kysymyksist\u00e4 niin tutkimuksen kuin k\u00e4yt\u00e4nn\u00f6n toiminnankin n\u00e4k\u00f6kulmasta. Ty\u00f6pajojen ohjelma muodostuu sidosryhmien ja tutkijoiden&hellip;","protected":false,"raw":""},"author":9,"featured_media":0,"comment_status":"closed","ping_status":"closed","sticky":false,"template":"","format":"standard","meta":{"_mi_skip_tracking":false,"_fi_post_content":"Tampereen yliopiston Demokratiatutkimusverkosto j\u00e4rjest\u00e4\u00e4 marraskuussa kaksi avointa hoivaan ja demokratiaan liittyv\u00e4\u00e4 ty\u00f6pajaa. Ty\u00f6pajojen pyrkimyksen\u00e4 on tuoda yhteen j\u00e4rjest\u00f6jen edustajia ja tutkijoita keskustelemaan ik\u00e4\u00e4ntymisen, hoivan ja demokratian polttavista kysymyksist\u00e4 niin tutkimuksen kuin k\u00e4yt\u00e4nn\u00f6n toiminnankin n\u00e4k\u00f6kulmasta. Ty\u00f6pajojen ohjelma muodostuu sidosryhmien ja tutkijoiden lyhyist\u00e4 puheenvuoroista ja yhteisest\u00e4 keskustelusta. Tilaisuuksissa on kahvitarjoilu.\r\n\r\n&nbsp;\r\n\r\n<strong>9.11. klo 12.30\u201315.30, Tampereen yliopisto, Lyhty-rakennus<\/strong>\r\n\r\nTy\u00f6pajassa tarkastellaan hoivaa, huolenpitoa ja demokratiaa kaupunkitilassa. Ty\u00f6pajassa pohdimme, millaista on el\u00e4\u00e4 yhdess\u00e4 urbaanissa ymp\u00e4rist\u00f6ss\u00e4, ja miten hoiva ja huolenpito yll\u00e4pit\u00e4v\u00e4t ihmisten v\u00e4lisi\u00e4 suhteita. Keit\u00e4 ja mit\u00e4 pidet\u00e4\u00e4n hoivan ja huolenpidon arvoisina? Miten hoiva voi olla sek\u00e4 demokraattinen oikeus ett\u00e4 demokratian edellytys? Millainen rooli kolmannella sektorilla ja aktiivisilla kaupunkilaisilla on moninaisten hoivan ja huolenpidon k\u00e4yt\u00e4nt\u00f6jen muodostumisessa?\u00a0Mukana ty\u00f6pajassa <strong>Villi vy\u00f6hyke<\/strong>,<strong>\u00a0Skeittitapuli<\/strong>\u00a0sek\u00e4\u00a0<strong>Tampereen kaupungin Puistoruokailu<\/strong>. Tutkijoiden puheenvuoroista vastaavat\u00a0<strong>Mikko Kyr\u00f6nviita<\/strong>,\u00a0<strong>Riina Lundman<\/strong>,\u00a0<strong>Johanna Hokka<\/strong>\u00a0ja\u00a0<strong>Antti Wallin<\/strong>.\r\n\r\n&nbsp;\r\n\r\n<strong>28.11. klo 12.30\u201315.30, P\u00e4\u00e4kirjasto Metso <\/strong>\r\n\r\nTy\u00f6pajassa tarkastellaan hoivaa, huolenpitoa ja demokratiaa kaupunkitilassa ik\u00e4\u00e4ntymisen ja ik\u00e4\u00e4ntyvien kaupunkilaisten n\u00e4k\u00f6kulmasta. Ty\u00f6pajassa pohdimme, millaista on vanheta urbaanissa ymp\u00e4rist\u00f6ss\u00e4 ja miten kaupunkitila ja eri toimijat voivat tukea ik\u00e4\u00e4ntyvien kaupunkilaisten hyvinvointia ja osallisuutta. Millaisia merkityksi\u00e4 ylisukupolvisilla suhteilla on kaupunkitilassa? N\u00e4hd\u00e4\u00e4nk\u00f6 ik\u00e4\u00e4ntyv\u00e4t kaupunkilaiset aktiivisina toimijoina vai hoivan ja huolenpidon kohteina? Millainen rooli tiloilla on ik\u00e4\u00e4ntymisen n\u00e4k\u00f6kulmasta? Lis\u00e4ksi pohdimme kolmannen sektorin merkityst\u00e4 moninaisten hoivan ja huolenpidon k\u00e4yt\u00e4nt\u00f6jen muodostumisessa. Mukana ty\u00f6pajassa <strong>Muistiliitto,<\/strong> <strong>Tampereen vanhusneuvosto<\/strong> ja <strong>Tampere Missio<\/strong> sek\u00e4 tutkijat <strong>Outi Jolanki,<\/strong> <strong>Liina Sointu, Lina Van Aerschot<\/strong> ja<strong> Virve Repo.<\/strong>\r\n\r\n&nbsp;\r\n\r\nL\u00e4mpim\u00e4sti tervetuloa mukaan!","_fi_post_name":"hoiva-ja-demokratia-tyopajoja-marraskuussa-9-11-ja-28-11","_fi_post_excerpt":"","_fi_post_title":"Hoiva ja demokratia ty\u00f6pajat marraskuussa 9.11. ja 28.11.","_en_post_content":"","_en_post_name":"","_en_post_excerpt":"","_en_post_title":"","edit_language":"en","footnotes":""},"categories":[131],"tags":[],"class_list":["post-9305","post","type-post","status-publish","format-standard","hentry","category-tapahtumat","entry","no-media"],"_links":{"self":[{"href":"https:\/\/www.gerec.fi\/en\/wp-json\/wp\/v2\/posts\/9305","targetHints":{"allow":["GET"]}}],"collection":[{"href":"https:\/\/www.gerec.fi\/en\/wp-json\/wp\/v2\/posts"}],"about":[{"href":"https:\/\/www.gerec.fi\/en\/wp-json\/wp\/v2\/types\/post"}],"author":[{"embeddable":true,"href":"https:\/\/www.gerec.fi\/en\/wp-json\/wp\/v2\/users\/9"}],"replies":[{"embeddable":true,"href":"https:\/\/www.gerec.fi\/en\/wp-json\/wp\/v2\/comments?post=9305"}],"version-history":[{"count":4,"href":"https:\/\/www.gerec.fi\/en\/wp-json\/wp\/v2\/posts\/9305\/revisions"}],"predecessor-version":[{"id":9311,"href":"https:\/\/www.gerec.fi\/en\/wp-json\/wp\/v2\/posts\/9305\/revisions\/9311"}],"wp:attachment":[{"href":"https:\/\/www.gerec.fi\/en\/wp-json\/wp\/v2\/media?parent=9305"}],"wp:term":[{"taxonomy":"category","embeddable":true,"href":"https:\/\/www.gerec.fi\/en\/wp-json\/wp\/v2\/categories?post=9305"},{"taxonomy":"post_tag","embeddable":true,"href":"https:\/\/www.gerec.fi\/en\/wp-json\/wp\/v2\/tags?post=9305"}],"curies":[{"name":"wp","href":"https:\/\/api.w.org\/{rel}","templated":true}]}}