{"id":9293,"date":"2023-11-01T15:07:17","date_gmt":"2023-11-01T13:07:17","guid":{"rendered":"https:\/\/www.gerec.fi\/?p=9293"},"modified":"2023-11-04T17:44:40","modified_gmt":"2023-11-04T15:44:40","slug":"","status":"publish","type":"post","link":"https:\/\/www.gerec.fi\/en\/gerec-yliopistoharjoittelijan-silmin\/","title":{"rendered":"","raw":""},"content":{"rendered":"","protected":false,"raw":""},"excerpt":{"rendered":"Kirpe\u00e4 tuuli kieputtelee ruskan v\u00e4rj\u00e4\u00e4mi\u00e4 lehti\u00e4 ymp\u00e4riins\u00e4. Kev\u00e4\u00e4ll\u00e4 aloittamani ty\u00f6harjoittelu Gerontologian tutkimuskeskuksessa valmistui t\u00e4m\u00e4n syksyn alussa. Matkalle on mahtunut opettavaisia ty\u00f6teht\u00e4vi\u00e4 ja havaintoja gerontologiasta tieteenalana. Jakson aikana k\u00e4sitykseni gerontologiasta ei varsinaisesti muuttunut mutta sanoisin sen t\u00e4ydentyneen ja her\u00e4tt\u00e4neen mieless\u00e4ni uusia&hellip;","protected":false,"raw":""},"author":10,"featured_media":9294,"comment_status":"closed","ping_status":"closed","sticky":false,"template":"","format":"standard","meta":{"_mi_skip_tracking":false,"_fi_post_content":"Kirpe\u00e4 tuuli kieputtelee ruskan v\u00e4rj\u00e4\u00e4mi\u00e4 lehti\u00e4 ymp\u00e4riins\u00e4. Kev\u00e4\u00e4ll\u00e4 aloittamani ty\u00f6harjoittelu Gerontologian tutkimuskeskuksessa valmistui t\u00e4m\u00e4n syksyn alussa. Matkalle on mahtunut opettavaisia ty\u00f6teht\u00e4vi\u00e4 ja havaintoja gerontologiasta tieteenalana. Jakson aikana k\u00e4sitykseni gerontologiasta ei varsinaisesti muuttunut mutta sanoisin sen t\u00e4ydentyneen ja her\u00e4tt\u00e4neen mieless\u00e4ni uusia kysymyksi\u00e4.\r\n\r\nAsiantuntijaharjoittelu kuuluu osaksi liikuntal\u00e4\u00e4ketieteen maisteriohjelmaa Jyv\u00e4skyl\u00e4n yliopistossa. Harjoittelupaikan saaminen GERECist\u00e4 oli onnenpotku, sill\u00e4 tutkimuskeskuksen toiminta ja viestinn\u00e4lliset teht\u00e4v\u00e4t kiinnostavat minua. Jakson aikana tein GERECin nettisivuille sis\u00e4ll\u00f6llisi\u00e4 p\u00e4ivityksi\u00e4, autoin uutiskirjeen koonnissa, tein datasta kuvaajia, osallistuin tapahtumien j\u00e4rjest\u00e4miseen ja harjoittelin aineiston k\u00e4sittely\u00e4 sek\u00e4 muutamia tilastollisia analyysej\u00e4.\r\n\r\nP\u00e4\u00e4teht\u00e4v\u00e4n\u00e4ni p\u00e4ivitin tutkimuskeskuksen verkkosivuja yhteisty\u00f6ss\u00e4 tutkijoiden kanssa. Lukuisten tutkimusten kuvauksista ilmeni ik\u00e4\u00e4ntymisen ja vanhenemisen tutkimuksen kattavuus. GERECin tutkimuksen l\u00e4hestymistavat vaihtelevat biologisesta ja psykologisesta sosiaaliseen ja yhteiskunnalliseen aspektiin. Ik\u00e4\u00e4ntymist\u00e4 voi tarkastella esimerkiksi kokemuksien, mekanismien tai seurauksien kautta. Mielest\u00e4ni etenkin elinik\u00e4inen oppiminen ja el\u00e4m\u00e4nkulkun\u00e4k\u00f6kulma havainnollistavat ik\u00e4\u00e4ntymiseen liittyv\u00e4n tutkimuksen laajuutta.\r\n\r\nIk\u00e4\u00e4ntyminen ilmi\u00f6ineen ei mahdu yhden tieteenalan alle, yksitt\u00e4isen tutkijan k\u00e4siin eik\u00e4 tiiliskivikirjan kansien v\u00e4liin. Juuri siksi onkin t\u00e4rke\u00e4\u00e4, ett\u00e4 Gerontologian tutkimuskeskus pyrkii tutkimuksen, jatkokoulutuksen ja verkostoitumisen kautta edist\u00e4m\u00e4\u00e4n tieteenalojen yhteisty\u00f6t\u00e4. T\u00e4h\u00e4n tarkoitukseen on my\u00f6s tulossa ensi kertaa j\u00e4rjestett\u00e4v\u00e4 JYU.Age -symposium, jonka nettisivuja p\u00e4\u00e4sin tekem\u00e4\u00e4n harjoittelujakson aikana. Jos siis ik\u00e4\u00e4ntymisen tutkimus puhuttelee, suosittelen suuntaamaan marraskuussa ik\u00e4\u00e4ntymistutkimusta valaisevaan <a href=\"https:\/\/www.jyu.fi\/fi\/tapahtumat\/jyuage-symposium-ihmeellinen-ikaantyminen\">JYU.Age -symposiumiin<\/a>.\r\n\r\n<img class=\" wp-image-9294 alignright\" src=\"https:\/\/www.gerec.fi\/wp-content\/uploads\/2023\/10\/20200923_091243-300x225.jpg\" alt=\"\" width=\"374\" height=\"281\" \/>\r\n\r\nTapahtuman suunnittelupalavereissa kuten my\u00f6s muissakin teht\u00e4viss\u00e4ni huomasin toiminnan olevan projektity\u00f6skentely\u00e4. Minulle konkretisoitui se, kuinka hy\u00f6dyllist\u00e4 on vastuiden jakaminen sek\u00e4 aikataulutus ja oman ty\u00f6n raportointi. Harjoittelun aikana minulle oli yleens\u00e4 muutamakin teht\u00e4v\u00e4 yht\u00e4 aikaa ty\u00f6n alla, mik\u00e4 vaati j\u00e4rjestelm\u00e4llisyytt\u00e4. Tietynlainen j\u00e4rjestelm\u00e4llisyys kuuluu oleellisesti my\u00f6s tutkimusty\u00f6h\u00f6n. Vaikka teht\u00e4v\u00e4ni eiv\u00e4t itsess\u00e4\u00e4n olleet tutkimuksen tekoa, GERECin toiminnassa tuli luonnollisesti esille tutkijoiden t\u00e4rke\u00e4 rooli. <a href=\"https:\/\/www.gerec.fi\/gerec-news-puolivuotisjulkaisu-on-luettavissa-4\/\">GEREC News -uutiskirjett\u00e4<\/a> kootessa tulin pohtineeksi, mit\u00e4 kaikkea tutkijan ty\u00f6h\u00f6n kuuluukaan: esimerkiksi rahoituksen ja lupien hakua, aineiston keruuta, sen k\u00e4sittely\u00e4 ja analysointia, artikkelien kirjoittamista, tietoteknisi\u00e4 taitoja, vertaisarviointia, esiintymist\u00e4, kielitaitoa, opetusvastuuta\u2026 n\u00e4in muutamia mainitakseni. Aikamoista taitopalettia tutkimusty\u00f6 tosiaan vaatii, mutta onneksi se on osittain my\u00f6s yhteisty\u00f6t\u00e4, jossa jokainen voi hy\u00f6dynt\u00e4\u00e4 omia vahvuuksiaan.\r\n\r\nOli ilahduttavaa huomata, kuinka monikanavaisesti GEREC viestii tutkimuksestaan my\u00f6s suuremmalle yleis\u00f6lle. Seurasin teht\u00e4vieni puitteissa tutkimuskeskuksen tiedottamista nettisivujen, uutiskirjeen, blogin ja Facebookin kautta. Moni tutkija on jakanut tietotaitoaan mediassa esimerkiksi lehtijuttujen ja podcastien muodossa. Kun aiheita k\u00e4sitell\u00e4\u00e4n sopivan yleistajuisella otteella, tutkimustieto tavoittaa alan ulkopuolisetkin aiheesta kiinnostuneet ja parhaassa tapauksessa nekin, keit\u00e4 asia ei alun perin kiinnosta. Mielest\u00e4ni alan tutkijat nostavat sujuvasti keskusteluun my\u00f6s tulenarat aiheet, kuten ik\u00e4syrjinn\u00e4n ja hoivapalveluiden riitt\u00e4vyyden.\r\n\r\nItsekin ajauduin lukemaan aiheista, joiden \u00e4\u00e4relle en ollut aiemmin pys\u00e4htynyt. Minua puhuttelivat mm. tutkimusuutiset, jotka k\u00e4sitteliv\u00e4t pitk\u00e4n i\u00e4n ja vanhuuden merkityksi\u00e4. Sit\u00e4, millaisena vanhuuden k\u00e4sit\u00e4mme, mist\u00e4 se alkaa ja kuinka monenlaista se voi olla. Mahtaako k\u00e4sitykseni vanhuudesta olla kapea, jopa vanhentunut? Olen arkiel\u00e4m\u00e4ss\u00e4 huomannut, ett\u00e4 yleiset asenteet vanhenemista kohtaan ovat jokseenkin negatiivisia tai ainakin puhe usein keskittyy toimintakyvyn ja terveydentilan haasteisiin. Ehk\u00e4 kaikki i\u00e4n tuomat muutokset eiv\u00e4t istu niihin ihanteisiin, jotka korostavat tehokkuutta. Onkin kiinnostava kysymys, millaista on hyv\u00e4 vanhuus ja tarvitseeko sen aina olla samalla tavoin aktiivista. Toinen kysymys on, kuinka tasavertaisia mahdollisuuksia yhteiskunnassa on omanlaiseen el\u00e4m\u00e4\u00e4n i\u00e4kk\u00e4\u00e4mp\u00e4n\u00e4.\r\n\r\nGERECin tutkimuksen aihepiireiss\u00e4 n\u00e4kyy monin\u00e4k\u00f6kulmaisuuden ohella arvostava suhtautuminen kohderyhm\u00e4\u00e4n. My\u00f6s tietynlainen positiivinen pilke n\u00e4kyy tutkimuskeskuksen toiminnassa, esimerkiksi <a href=\"https:\/\/www.gerec.fi\/luvassa-hyvia-uutisia-vanhenemisesta\/\">\u201dHyvi\u00e4 uutisia vanhenemisesta\u201d -kokonaisuus<\/a>, osana Tutkitun tiedon teemavuoden ohjelmaa vuonna 2021, l\u00e4hestyi vanhuusteemaa ilon ja uteliaisuuden kautta. Siihen liittyv\u00e4ss\u00e4 <a href=\"https:\/\/soundcloud.com\/radio_moreeni\/sets\/hyviae-uutisia-vanhenemisesta\">podcastissa<\/a> oli kiinnostavia ajatuksia mm. vanhuuden monimuotoistumisesta ja asuinymp\u00e4rist\u00f6n vaikutuksista.\r\n\r\nVuoden 2023 Tutkijoiden Y\u00f6ss\u00e4 mukana ollessani huomasin edelleen, kuinka ik\u00e4\u00e4 ja el\u00e4m\u00e4nkulkua k\u00e4siteltiin toiveikkuuden kautta. Esimerkiksi yhdell\u00e4 tapahtuman pisteell\u00e4 esiteltiin Lapsesta aikuiseksi -tutkimusta otsikolla \u201dMyytit nurin: my\u00f6h\u00e4isaikuisuus on my\u00f6nteist\u00e4 aikaa\u201d ja muilla pisteill\u00e4 oli mahdollista keskustella vaihdevuositeemasta tai pohtia el\u00e4m\u00e4ntapoja ja k\u00e4ytt\u00e4ytymisen muutosta tutkijoiden kanssa. Tapahtumassa sai my\u00f6s kokeilla itse toimintakykymittauksia, kuten puristusvoimaa, tasapainoa, jalkojen voimaa ja kognitiota mittaavia testej\u00e4. Liikuntaan ja terveyteen liittyv\u00e4t teemat n\u00e4yttiv\u00e4tkin kiinnostavan kaikenik\u00e4isi\u00e4 k\u00e4vij\u00f6it\u00e4. Mielest\u00e4ni <a href=\"https:\/\/tutkijoidenyo.fi\/\">Tutkijoiden Y\u00f6<\/a> on mainio konsepti, joka houkuttelee v\u00e4ke\u00e4 tutustumaan eri tieteenalojen antiin.\r\n\r\nHarjoittelujakso GERECiss\u00e4 antoi teknisten taitojen ohella syvempi\u00e4 s\u00e4vyj\u00e4 k\u00e4sitykseeni ik\u00e4\u00e4ntymisen tutkimuksesta. My\u00f6s uteliaisuuteni aihepiiri\u00e4 kohtaan kasvoi. Uteliaisuus onkin mielest\u00e4ni t\u00e4rkein mauste niin opiskelussa, tutkimuksessa kuin yleisesti el\u00e4m\u00e4n py\u00f6rteiss\u00e4. Suuret kiitokset siis GERECille harjoittelujakson tarjoamista kokemuksista!\r\n\r\n<img class=\"size-medium wp-image-9295 alignleft\" src=\"https:\/\/www.gerec.fi\/wp-content\/uploads\/2023\/10\/20200210_1635522-298x300.jpg\" alt=\"\" width=\"298\" height=\"300\" \/>\r\n\r\n&nbsp;\r\n\r\n<em>Minna Vahteri\u00a0<\/em>\r\n\r\nKirjoittaja on terveystieteiden viidennen vuoden opiskelija Jyv\u00e4skyl\u00e4n yliopistossa","_fi_post_name":"gerec-yliopistoharjoittelijan-silmin","_fi_post_excerpt":"","_fi_post_title":"GEREC yliopistoharjoittelijan silmin","_en_post_content":"","_en_post_name":"","_en_post_excerpt":"","_en_post_title":"","edit_language":"en","footnotes":""},"categories":[132],"tags":[],"class_list":["post-9293","post","type-post","status-publish","format-standard","has-post-thumbnail","hentry","category-blogi","entry","has-media"],"_links":{"self":[{"href":"https:\/\/www.gerec.fi\/en\/wp-json\/wp\/v2\/posts\/9293","targetHints":{"allow":["GET"]}}],"collection":[{"href":"https:\/\/www.gerec.fi\/en\/wp-json\/wp\/v2\/posts"}],"about":[{"href":"https:\/\/www.gerec.fi\/en\/wp-json\/wp\/v2\/types\/post"}],"author":[{"embeddable":true,"href":"https:\/\/www.gerec.fi\/en\/wp-json\/wp\/v2\/users\/10"}],"replies":[{"embeddable":true,"href":"https:\/\/www.gerec.fi\/en\/wp-json\/wp\/v2\/comments?post=9293"}],"version-history":[{"count":6,"href":"https:\/\/www.gerec.fi\/en\/wp-json\/wp\/v2\/posts\/9293\/revisions"}],"predecessor-version":[{"id":9313,"href":"https:\/\/www.gerec.fi\/en\/wp-json\/wp\/v2\/posts\/9293\/revisions\/9313"}],"wp:featuredmedia":[{"embeddable":true,"href":"https:\/\/www.gerec.fi\/en\/wp-json\/wp\/v2\/media\/9294"}],"wp:attachment":[{"href":"https:\/\/www.gerec.fi\/en\/wp-json\/wp\/v2\/media?parent=9293"}],"wp:term":[{"taxonomy":"category","embeddable":true,"href":"https:\/\/www.gerec.fi\/en\/wp-json\/wp\/v2\/categories?post=9293"},{"taxonomy":"post_tag","embeddable":true,"href":"https:\/\/www.gerec.fi\/en\/wp-json\/wp\/v2\/tags?post=9293"}],"curies":[{"name":"wp","href":"https:\/\/api.w.org\/{rel}","templated":true}]}}