{"id":9288,"date":"2023-10-17T18:41:19","date_gmt":"2023-10-17T15:41:19","guid":{"rendered":"https:\/\/www.gerec.fi\/?p=9288"},"modified":"2023-10-17T18:41:19","modified_gmt":"2023-10-17T15:41:19","slug":"","status":"publish","type":"post","link":"https:\/\/www.gerec.fi\/en\/apuraha-haettavissa-vanhojen-ihmisten-asuinolojen-ja-asuinympariston-tutkimukseen\/","title":{"rendered":"","raw":""},"content":{"rendered":"","protected":false,"raw":""},"excerpt":{"rendered":"Jyv\u00e4skyl\u00e4n sotainvalidien asuntos\u00e4\u00e4ti\u00f6 my\u00f6nt\u00e4\u00e4 pienen apurahan vanhojen ihmisten asuinolojen ja asuinymp\u00e4rist\u00f6n tutkimukseen (15\u00a0000e). Tutkimuksen toivotaan kytkeytyv\u00e4n Jyv\u00e4skyl\u00e4n seudulle. Apuraha on haettavissa 20.11.2023 menness\u00e4 ja lis\u00e4tietoa hakemisesta l\u00f6ytyy s\u00e4\u00e4ti\u00f6n kotisivuilta: \u00a0 https:\/\/telkanpesa.fi\/apuraha-vanhustutkimukseen\/","protected":false,"raw":""},"author":9,"featured_media":0,"comment_status":"closed","ping_status":"closed","sticky":false,"template":"","format":"standard","meta":{"_mi_skip_tracking":false,"_fi_post_content":"<p class=\"xmsonormal\" style=\"background: white;\"><span style=\"color: #242424;\">Jyv\u00e4skyl\u00e4n sotainvalidien asuntos\u00e4\u00e4ti\u00f6 my\u00f6nt\u00e4\u00e4 pienen apurahan vanhojen ihmisten asuinolojen ja asuinymp\u00e4rist\u00f6n tutkimukseen (15\u00a0000e). Tutkimuksen toivotaan kytkeytyv\u00e4n Jyv\u00e4skyl\u00e4n seudulle. Apuraha on haettavissa 20.11.2023 menness\u00e4 ja lis\u00e4tietoa hakemisesta l\u00f6ytyy s\u00e4\u00e4ti\u00f6n kotisivuilta:<\/span><\/p>\r\n<p class=\"xmsonormal\" style=\"background: white;\"><span style=\"color: #242424;\">\u00a0<\/span><\/p>\r\n<p class=\"xmsonormal\" style=\"background: white;\"><span style=\"color: #242424;\"><a href=\"https:\/\/eur04.safelinks.protection.outlook.com\/?url=https%3A%2F%2Ftelkanpesa.fi%2Fapuraha-vanhustutkimukseen%2F&amp;data=05%7C01%7Canniriikka.rantala%40tuni.fi%7C15c22e1b1aec41b0247708dbcf1f4ea7%7Cfa6944afcc7c4cd89154c01132798910%7C0%7C0%7C638331507117221923%7CUnknown%7CTWFpbGZsb3d8eyJWIjoiMC4wLjAwMDAiLCJQIjoiV2luMzIiLCJBTiI6Ik1haWwiLCJXVCI6Mn0%3D%7C3000%7C%7C%7C&amp;sdata=QwLWKOzGB49AE3UpGFHGMSZ0sp2MMtuIdju44keLivg%3D&amp;reserved=0\" target=\"_blank\" rel=\"noopener\">https:\/\/telkanpesa.fi\/apuraha-vanhustutkimukseen\/<\/a><\/span><\/p>","_fi_post_name":"apuraha-haettavissa-vanhojen-ihmisten-asuinolojen-ja-asuinympariston-tutkimukseen","_fi_post_excerpt":"","_fi_post_title":"Apuraha haettavissa vanhojen ihmisten asuinolojen ja asuinymp\u00e4rist\u00f6n tutkimukseen","_en_post_content":"","_en_post_name":"","_en_post_excerpt":"","_en_post_title":"","edit_language":"en","footnotes":""},"categories":[130],"tags":[],"class_list":["post-9288","post","type-post","status-publish","format-standard","hentry","category-tiedeuutiset","entry","no-media"],"_links":{"self":[{"href":"https:\/\/www.gerec.fi\/en\/wp-json\/wp\/v2\/posts\/9288","targetHints":{"allow":["GET"]}}],"collection":[{"href":"https:\/\/www.gerec.fi\/en\/wp-json\/wp\/v2\/posts"}],"about":[{"href":"https:\/\/www.gerec.fi\/en\/wp-json\/wp\/v2\/types\/post"}],"author":[{"embeddable":true,"href":"https:\/\/www.gerec.fi\/en\/wp-json\/wp\/v2\/users\/9"}],"replies":[{"embeddable":true,"href":"https:\/\/www.gerec.fi\/en\/wp-json\/wp\/v2\/comments?post=9288"}],"version-history":[{"count":1,"href":"https:\/\/www.gerec.fi\/en\/wp-json\/wp\/v2\/posts\/9288\/revisions"}],"predecessor-version":[{"id":9289,"href":"https:\/\/www.gerec.fi\/en\/wp-json\/wp\/v2\/posts\/9288\/revisions\/9289"}],"wp:attachment":[{"href":"https:\/\/www.gerec.fi\/en\/wp-json\/wp\/v2\/media?parent=9288"}],"wp:term":[{"taxonomy":"category","embeddable":true,"href":"https:\/\/www.gerec.fi\/en\/wp-json\/wp\/v2\/categories?post=9288"},{"taxonomy":"post_tag","embeddable":true,"href":"https:\/\/www.gerec.fi\/en\/wp-json\/wp\/v2\/tags?post=9288"}],"curies":[{"name":"wp","href":"https:\/\/api.w.org\/{rel}","templated":true}]}}