{"id":9284,"date":"2023-10-10T13:30:13","date_gmt":"2023-10-10T10:30:13","guid":{"rendered":"https:\/\/www.gerec.fi\/?p=9284"},"modified":"2023-10-10T13:34:12","modified_gmt":"2023-10-10T10:34:12","slug":"","status":"publish","type":"post","link":"https:\/\/www.gerec.fi\/en\/asuinymparisto-hyvinvointi-ja-vanheneminen-seminaari-1-12-2023\/","title":{"rendered":"","raw":""},"content":{"rendered":"","protected":false,"raw":""},"excerpt":{"rendered":"Aika ja paikka: 1.12.2023, klo 9.30\u201314.00, Tampereen yliopisto, P\u00e4\u00e4talo, Kalevantie 4 (ls C6) \/et\u00e4osallistuminen Zoom (linkki ilmoitetaan my\u00f6hemmin). Seminaarissa tarkastellaan eri n\u00e4k\u00f6kulmista asuinymp\u00e4rist\u00f6n yhteyksi\u00e4 hyvinvointiin erityisesti ik\u00e4\u00e4ntyvien ja i\u00e4kk\u00e4iden kuntalaisten n\u00e4k\u00f6kulmasta. Seminaarin tavoitteena on v\u00e4litt\u00e4\u00e4 tietoa sek\u00e4 her\u00e4tt\u00e4\u00e4 keskustelua siit\u00e4&hellip;","protected":false,"raw":""},"author":9,"featured_media":9287,"comment_status":"closed","ping_status":"closed","sticky":false,"template":"","format":"standard","meta":{"_mi_skip_tracking":false,"_fi_post_content":"Aika ja paikka: 1.12.2023, klo 9.30\u201314.00, Tampereen yliopisto, P\u00e4\u00e4talo, Kalevantie 4 (ls C6) \/et\u00e4osallistuminen Zoom (linkki ilmoitetaan my\u00f6hemmin).\r\n\r\nSeminaarissa tarkastellaan eri n\u00e4k\u00f6kulmista asuinymp\u00e4rist\u00f6n yhteyksi\u00e4 hyvinvointiin erityisesti ik\u00e4\u00e4ntyvien ja i\u00e4kk\u00e4iden kuntalaisten n\u00e4k\u00f6kulmasta. Seminaarin tavoitteena on v\u00e4litt\u00e4\u00e4 tietoa sek\u00e4 her\u00e4tt\u00e4\u00e4 keskustelua siit\u00e4 mill\u00e4 keinoin vanhempien kuntalaisten hyvinvointia voidaan edist\u00e4\u00e4 tutkimustietoa hy\u00f6dynt\u00e4m\u00e4ll\u00e4, kaupunki- ja aluesuunnittelun, j\u00e4rjest\u00f6jen sek\u00e4 hyvinvointipalveluiden keinoin. Seminaari on Vanheneminen ja hyvinvointi-projektin (SoWell 2018-2022) loppuseminaari ja j\u00e4rjestet\u00e4\u00e4n yhteisty\u00f6ss\u00e4 Ik\u00e4\u00e4ntymisen ja hoivan tutkimuksen huippuyksik\u00f6n (CoE AgeCare) kanssa. Ilmoittautumisia pyydet\u00e4\u00e4n 22.11. menness\u00e4.\r\n\r\nIlmoittautuminen: <a href=\"https:\/\/forms.office.com\/e\/NFjcfaEWV1\">https:\/\/forms.office.com\/e\/NFjcfaEWV1<\/a>\r\n\r\n<strong>Ohjelma:<\/strong>\r\n\r\n<strong>9.00\u20139.30 Aamukahvi\/tee <\/strong>\r\n\r\n9.30\u20139.40 Avaussanat, Outi Jolanki\r\n\r\n9.40\u201310.00 Vanheneminen ja sosiaalinen hyvinvointi \u2013 monia toimijoita tarvitaan, Marja Jylh\u00e4, Tampereen yliopisto\r\n\r\n<strong>Asuin- ja elinymp\u00e4rist\u00f6n yhteydet hyvinvointiin (10 min. + 5min. keskustelu\/esitys)<\/strong>\r\n\r\n10.00\u201310.15 Palvelutalot sosiaalisena ymp\u00e4rist\u00f6n\u00e4, Katariina Tuominen, Tampereen yliopisto\r\n\r\n10.15\u201310.30 Paikalliset hyvinvointipalvelut (L\u00e4hitorit) - kuntien ja j\u00e4rjest\u00f6jen yhteisty\u00f6 i\u00e4kk\u00e4iden hyvinvoinnin edist\u00e4misess\u00e4, Anniriikka Rantala, Tampereen yliopisto\r\n\r\n10.30\u201310.45 Rakennetun l\u00e4hiluonnon merkitys hyvinvoinnille, Katja Maununaho &amp; Joona Lukka, Tampereen yliopisto\r\n\r\n10.45\u201311.00 Viherhoivasta (Green Care) hyvinvointia kaikille? Erja Rappe, Ik\u00e4instituutti\r\n\r\n<strong>11.00\u201311.45 Lounas<\/strong>\r\n\r\n11.45\u201312.00 Uudet senioriasumisen mallit hyvinvoinnin edist\u00e4jin\u00e4, Outi Jolanki, Tampereen yliopisto\r\n\r\n12.00\u201312.15 Digitalisaatio \u2013 Voiko virtuaalinen ymp\u00e4rist\u00f6 edist\u00e4\u00e4 hyvinvointia? Outi Valkama, Tampereen yliopisto\r\n\r\n<strong>Kaupunkisuunnittelu hyvinvoinnin edist\u00e4misen v\u00e4lineen\u00e4 (20 min.\/esitys + 15 min. yhteiskeskustelu)<\/strong>\r\n\r\n12.15\u201312.35 Ik\u00e4\u00e4ntyneiden osallisuus l\u00e4hi\u00f6- ja kaupunginosaohjelmissa Tampereella, Henna Kuitunen, Tampereen kaupunki, Kest\u00e4v\u00e4 asuminen ja rakentaminen\r\n\r\n12.35\u201312.55 Ik\u00e4yst\u00e4v\u00e4llist\u00e4 asuinymp\u00e4rist\u00f6\u00e4 kaupunkisuunnittelun keinoin<em>, <\/em>Piia Sipinen, Jyv\u00e4skyl\u00e4n kaupunki, Kaupunkisuunnittelu- ja maank\u00e4ytt\u00f6\r\n\r\n12.55\u201313.10 Keskustelua\r\n\r\n<strong>13.10-13.20 biotauko + kahvi\/tee (10min.)<\/strong>\r\n\r\n13.20\u201313.40 Valtio ja hyvinvointia edist\u00e4vien asuinymp\u00e4rist\u00f6jen kehitt\u00e4minen, Raija Hynynen, asuntoneuvos, Ymp\u00e4rist\u00f6ministeri\u00f6\r\n\r\n13.40.-14.00 Loppukeskustelu ja seminaarin p\u00e4\u00e4t\u00f6s","_fi_post_name":"asuinymparisto-hyvinvointi-ja-vanheneminen-seminaari-1-12-2023","_fi_post_excerpt":"","_fi_post_title":"Asuinymp\u00e4rist\u00f6, hyvinvointi ja vanheneminen - seminaari 1.12.2023","_en_post_content":"","_en_post_name":"","_en_post_excerpt":"","_en_post_title":"","edit_language":"en","footnotes":""},"categories":[131],"tags":[],"class_list":["post-9284","post","type-post","status-publish","format-standard","has-post-thumbnail","hentry","category-tapahtumat","entry","has-media"],"_links":{"self":[{"href":"https:\/\/www.gerec.fi\/en\/wp-json\/wp\/v2\/posts\/9284","targetHints":{"allow":["GET"]}}],"collection":[{"href":"https:\/\/www.gerec.fi\/en\/wp-json\/wp\/v2\/posts"}],"about":[{"href":"https:\/\/www.gerec.fi\/en\/wp-json\/wp\/v2\/types\/post"}],"author":[{"embeddable":true,"href":"https:\/\/www.gerec.fi\/en\/wp-json\/wp\/v2\/users\/9"}],"replies":[{"embeddable":true,"href":"https:\/\/www.gerec.fi\/en\/wp-json\/wp\/v2\/comments?post=9284"}],"version-history":[{"count":1,"href":"https:\/\/www.gerec.fi\/en\/wp-json\/wp\/v2\/posts\/9284\/revisions"}],"predecessor-version":[{"id":9286,"href":"https:\/\/www.gerec.fi\/en\/wp-json\/wp\/v2\/posts\/9284\/revisions\/9286"}],"wp:featuredmedia":[{"embeddable":true,"href":"https:\/\/www.gerec.fi\/en\/wp-json\/wp\/v2\/media\/9287"}],"wp:attachment":[{"href":"https:\/\/www.gerec.fi\/en\/wp-json\/wp\/v2\/media?parent=9284"}],"wp:term":[{"taxonomy":"category","embeddable":true,"href":"https:\/\/www.gerec.fi\/en\/wp-json\/wp\/v2\/categories?post=9284"},{"taxonomy":"post_tag","embeddable":true,"href":"https:\/\/www.gerec.fi\/en\/wp-json\/wp\/v2\/tags?post=9284"}],"curies":[{"name":"wp","href":"https:\/\/api.w.org\/{rel}","templated":true}]}}