{"id":9276,"date":"2023-10-10T14:05:15","date_gmt":"2023-10-10T11:05:15","guid":{"rendered":"https:\/\/www.gerec.fi\/?p=9276"},"modified":"2023-10-10T14:05:15","modified_gmt":"2023-10-10T11:05:15","slug":"","status":"publish","type":"post","link":"https:\/\/www.gerec.fi\/en\/ikaantyneiden-sairaalahoitopaivien-maara-notkahti-koronapandemian-alussa\/","title":{"rendered":"","raw":""},"content":{"rendered":"","protected":false,"raw":""},"excerpt":{"rendered":"Ik\u00e4\u00e4ntyneiden sairaalahoitop\u00e4ivien m\u00e4\u00e4r\u00e4 v\u00e4heni voimakkaasti, kun koronarajoitukset alkoivat vuonna 2020. Vaikka v\u00e4heneminen oli melko lyhytaikaista, se saattoi viiv\u00e4stytt\u00e4\u00e4 ik\u00e4\u00e4ntyneiden tarvitseman hoidon saamista merkitt\u00e4v\u00e4sti. Palveluissa n\u00e4kyy my\u00f6s pidempiaikainen muutos, jossa ymp\u00e4rivuorokautisten palvelujen peitt\u00e4vyys ja hoitop\u00e4ivien m\u00e4\u00e4r\u00e4 v\u00e4henev\u00e4t, mutta kotiin tuotavat palvelut&hellip;","protected":false,"raw":""},"author":12,"featured_media":9279,"comment_status":"closed","ping_status":"closed","sticky":false,"template":"","format":"standard","meta":{"_mi_skip_tracking":false,"_fi_post_content":"<strong>Ik\u00e4\u00e4ntyneiden sairaalahoitop\u00e4ivien m\u00e4\u00e4r\u00e4 v\u00e4heni voimakkaasti, kun koronarajoitukset alkoivat vuonna 2020. Vaikka v\u00e4heneminen oli melko lyhytaikaista, se saattoi viiv\u00e4stytt\u00e4\u00e4 ik\u00e4\u00e4ntyneiden tarvitseman hoidon saamista merkitt\u00e4v\u00e4sti. Palveluissa n\u00e4kyy my\u00f6s pidempiaikainen muutos, jossa ymp\u00e4rivuorokautisten palvelujen peitt\u00e4vyys ja hoitop\u00e4ivien m\u00e4\u00e4r\u00e4 v\u00e4henev\u00e4t, mutta kotiin tuotavat palvelut eiv\u00e4t lis\u00e4\u00e4nny vastaavasti. \u00a0<\/strong>\r\n\r\nIk\u00e4\u00e4ntyneiden sosiaali- ja terveyspalvelujen k\u00e4ytt\u00f6 muuttui merkitt\u00e4v\u00e4sti koronapandemian ja siihen liittyvien rajoitusten vuoksi kev\u00e4\u00e4ll\u00e4 2020. Taustalla oli yht\u00e4\u00e4lt\u00e4 se, ett\u00e4 suunniteltuja hoitoja peruttiin, koska terveydenhuollon resursseja haluttiin kohdentaa koronavirustautiin sairastuneiden hoitoon, ja toisaalta se, ett\u00e4 osa ik\u00e4\u00e4ntyneist\u00e4 saattoi perua hoitoja tai j\u00e4tt\u00e4\u00e4 hakeutumatta hoitoon tartunnan pelon vuoksi. T\u00e4m\u00e4n lis\u00e4ksi tiedettiin, ett\u00e4 hoitojaksot sairaaloissa ovat lyhentyneet ja ymp\u00e4rivuorokautisen hoidon peitt\u00e4vyys on laskenut jo vuosia. Tutkimuksessa tarkasteltiin, miten n\u00e4m\u00e4 muutokset n\u00e4kyiv\u00e4t ik\u00e4\u00e4ntyneiden sote-palvelujen k\u00e4yt\u00f6ss\u00e4 vuosina 2018\u20132020, ja miss\u00e4 m\u00e4\u00e4rin muutokset olivat erilaisia eri ik\u00e4- ja sukupuoliryhmiss\u00e4.\r\n\r\nHoitop\u00e4ivien m\u00e4\u00e4r\u00e4 sairaalassa 10 000 henkil\u00f6\u00e4 kohden v\u00e4heni selv\u00e4sti vuoden 2020 maalis-huhtikuussa, erityisesti miesten vanhimmassa ik\u00e4ryhm\u00e4ss\u00e4 (90+ vuotta). T\u00e4m\u00e4n j\u00e4lkeen hoitop\u00e4ivien m\u00e4\u00e4r\u00e4 kasvoi kohti aikaisempien vuosien m\u00e4\u00e4ri\u00e4. Joulukuussa hoitop\u00e4ivien m\u00e4\u00e4r\u00e4 v\u00e4heni j\u00e4lleen.\r\n\r\nYmp\u00e4rivuorokautisessa pitk\u00e4aikaishoidossa olleiden osuus oli pienempi vuonna 2020 kuin vuonna 2018, ja hoitop\u00e4ivien m\u00e4\u00e4r\u00e4 10 000 henkil\u00f6\u00e4 kohden v\u00e4heni jonkin verran, erityisesti vanhimpien naisten joukossa. Kotihoitok\u00e4yntien m\u00e4\u00e4r\u00e4 pysyi samana koko tutkimusajan, eli sill\u00e4 ei kompensoitu v\u00e4hentynytt\u00e4 ymp\u00e4rivuorokautisen hoidon m\u00e4\u00e4r\u00e4\u00e4.\r\n\r\n\u2013 On huolestuttavaa, ett\u00e4 hoidon m\u00e4\u00e4r\u00e4 laskee erityisesti vanhimpien ihmisten joukossa, sill\u00e4 ei ole n\u00e4ytt\u00f6\u00e4 siit\u00e4, ett\u00e4 heid\u00e4n hoidontarpeensa olisi v\u00e4hentynyt, sanoo dosentti Leena Forma Laurea-ammattikorkeakoulusta ja Tampereen yliopistosta.\r\n\r\nPitk\u00e4aikaishoitop\u00e4ivien m\u00e4\u00e4r\u00e4 ei muuttunut koronarajoitusten alkaessa, sill\u00e4 se on luonteeltaan pysyv\u00e4\u00e4, eik\u00e4 koronarajoituksilla siksi ollut vaikutusta hoitop\u00e4ivien m\u00e4\u00e4r\u00e4\u00e4n.\r\n\r\nTutkimuksen tuloksia voidaan hy\u00f6dynt\u00e4\u00e4, kun arvioidaan koronapandemian ja siihen liittyvien rajoitusten seurauksia ik\u00e4\u00e4ntyneiden terveyteen, hyvinvointiin ja palvelujenk\u00e4ytt\u00f6\u00f6n. Pandemiaan liittyv\u00e4n lyhytaikaisen muutoksen lis\u00e4ksi meneill\u00e4\u00e4n on merkitt\u00e4vi\u00e4 heikennyksi\u00e4 palvelujen saatavuudessa.\r\n\r\n\u2013 My\u00f6s t\u00e4m\u00e4n pidempiaikaisen muutoksen seurausten arviointi olisi eritt\u00e4in t\u00e4rke\u00e4\u00e4, toteaa Leena Forma.\r\n\r\nJatkossa on t\u00e4rke\u00e4\u00e4 tutkia koronapandemian ja siihen liittyvien rajoitusten pidempiaikaisia vaikutuksia ik\u00e4\u00e4ntyneiden hoitoon ja hoidontarpeeseen sek\u00e4 sit\u00e4, miss\u00e4 m\u00e4\u00e4rin rajoitukset ja niiden seuraukset osuivat eri v\u00e4est\u00f6ryhmiin.\r\n\r\nTutkimuksessa k\u00e4ytettiin rekisteriaineistoa, johon on yhdistetty tietoja Tilastokeskuksen ja Terveyden ja hyvinvoinnin laitoksen rekistereist\u00e4. Tutkimusjoukkoon kuuluivat kaikki Suomessa asuvat v\u00e4hint\u00e4\u00e4n 70-vuotiaat henkil\u00f6t vuosilta 2018, 2019 ja 2020, yhteens\u00e4 1 032 076 henkil\u00f6\u00e4.\r\n\r\n<strong>Lue lis\u00e4\u00e4:<\/strong> <a href=\"https:\/\/www.julkari.fi\/bitstream\/handle\/10024\/147249\/YP2304_Formaym.pdf?sequence=1&amp;isAllowed=y\">https:\/\/www.julkari.fi\/bitstream\/handle\/10024\/147249\/YP2304_Formaym.pdf?sequence=1&amp;isAllowed=y<\/a>\r\n\r\n<strong>Lis\u00e4tietoja:<\/strong>\r\n\r\nLeena Forma\r\nerikoistutkija, Laurean ammattikorkeakoulu ja Tampereen yliopisto\r\n<a href=\"Leena.Forma@laurea.fi\">Leena.Forma@laurea.fi<\/a>\r\n\r\nCOCTEL-hanke: <a href=\"https:\/\/www.tuni.fi\/fi\/tutkimus\/pitkaikaisyyden-vallankumous-ja-sen-seuraukset-sosiaali-ja-terveyspalvelujen-kaytolle-ja\">https:\/\/www.tuni.fi\/fi\/tutkimus\/pitkaikaisyyden-vallankumous-ja-sen-seuraukset-sosiaali-ja-terveyspalvelujen-kaytolle-ja<\/a>","_fi_post_name":"ikaantyneiden-sairaalahoitopaivien-maara-notkahti-koronapandemian-alussa","_fi_post_excerpt":"","_fi_post_title":"Ik\u00e4\u00e4ntyneiden sairaalahoitop\u00e4ivien m\u00e4\u00e4r\u00e4 notkahti koronapandemian alussa","_en_post_content":"","_en_post_name":"","_en_post_excerpt":"","_en_post_title":"","edit_language":"en","footnotes":""},"categories":[130],"tags":[162,313,383,382],"class_list":["post-9276","post","type-post","status-publish","format-standard","has-post-thumbnail","hentry","category-tiedeuutiset","tag-ikaantyneet","tag-koronapandemia","tag-pitkaaikaishoito","tag-sairaalahoito","entry","has-media"],"_links":{"self":[{"href":"https:\/\/www.gerec.fi\/en\/wp-json\/wp\/v2\/posts\/9276","targetHints":{"allow":["GET"]}}],"collection":[{"href":"https:\/\/www.gerec.fi\/en\/wp-json\/wp\/v2\/posts"}],"about":[{"href":"https:\/\/www.gerec.fi\/en\/wp-json\/wp\/v2\/types\/post"}],"author":[{"embeddable":true,"href":"https:\/\/www.gerec.fi\/en\/wp-json\/wp\/v2\/users\/12"}],"replies":[{"embeddable":true,"href":"https:\/\/www.gerec.fi\/en\/wp-json\/wp\/v2\/comments?post=9276"}],"version-history":[{"count":3,"href":"https:\/\/www.gerec.fi\/en\/wp-json\/wp\/v2\/posts\/9276\/revisions"}],"predecessor-version":[{"id":9281,"href":"https:\/\/www.gerec.fi\/en\/wp-json\/wp\/v2\/posts\/9276\/revisions\/9281"}],"wp:featuredmedia":[{"embeddable":true,"href":"https:\/\/www.gerec.fi\/en\/wp-json\/wp\/v2\/media\/9279"}],"wp:attachment":[{"href":"https:\/\/www.gerec.fi\/en\/wp-json\/wp\/v2\/media?parent=9276"}],"wp:term":[{"taxonomy":"category","embeddable":true,"href":"https:\/\/www.gerec.fi\/en\/wp-json\/wp\/v2\/categories?post=9276"},{"taxonomy":"post_tag","embeddable":true,"href":"https:\/\/www.gerec.fi\/en\/wp-json\/wp\/v2\/tags?post=9276"}],"curies":[{"name":"wp","href":"https:\/\/api.w.org\/{rel}","templated":true}]}}