{"id":9134,"date":"2023-06-20T13:29:56","date_gmt":"2023-06-20T10:29:56","guid":{"rendered":"https:\/\/www.gerec.fi\/?p=9134"},"modified":"2023-06-20T13:29:56","modified_gmt":"2023-06-20T10:29:56","slug":"","status":"publish","type":"post","link":"https:\/\/www.gerec.fi\/en\/muistisairauksien-tutkijat-ovat-kuulolla-ja-haluavat-vaikuttaa\/","title":{"rendered":"","raw":""},"content":{"rendered":"","protected":false,"raw":""},"excerpt":{"rendered":"Suomen Kulttuurirahaston rahoittaman Kuule minua -Argumenta-hankkeen https:\/\/projects.tuni.fi\/kuuleminua\/ ensimm\u00e4inen ty\u00f6paja j\u00e4rjestettiin Karjalohjalla Heponiemen hiljaisuuden keskuksessa toukokuussa 2023. Kev\u00e4\u00e4n ensivihre\u00e4n keskell\u00e4 noin 20 tutkijaa, asiantuntijaa ja kokemusasiantuntijaa kokoontui kahdeksi p\u00e4iv\u00e4ksi pohtimaan muistisairauksia eri n\u00e4k\u00f6kannoilta. Ty\u00f6pajan annetut teemat olivat julkinen puhe muistisairaista ihmisist\u00e4&hellip;","protected":false,"raw":""},"author":9,"featured_media":9135,"comment_status":"closed","ping_status":"closed","sticky":false,"template":"","format":"standard","meta":{"_mi_skip_tracking":false,"_fi_post_content":"Suomen Kulttuurirahaston rahoittaman Kuule minua -Argumenta-hankkeen <a href=\"https:\/\/projects.tuni.fi\/kuuleminua\/\">https:\/\/projects.tuni.fi\/kuuleminua\/<\/a> ensimm\u00e4inen ty\u00f6paja j\u00e4rjestettiin Karjalohjalla Heponiemen hiljaisuuden keskuksessa toukokuussa 2023. Kev\u00e4\u00e4n ensivihre\u00e4n keskell\u00e4 noin 20 tutkijaa, asiantuntijaa ja kokemusasiantuntijaa kokoontui kahdeksi p\u00e4iv\u00e4ksi pohtimaan muistisairauksia eri n\u00e4k\u00f6kannoilta. Ty\u00f6pajan annetut teemat olivat julkinen puhe muistisairaista ihmisist\u00e4 ja rakennettu ymp\u00e4rist\u00f6 muistisairaiden ihmisten n\u00e4k\u00f6kannalta. N\u00e4ist\u00e4 aiheista kuulimme asiantuntija-alustukset, mutta keskustelut eiv\u00e4t suinkaan n\u00e4ihin teemoihin rajoittuneet.\r\n\r\nApulaisprofessori Jenni Kulmalan (TaY) johtamassa Kuule minua -hankkeessa emme tee tutkimusta, vaan jaamme jo olemassa olevaa tietoa ja her\u00e4t\u00e4mme yhteiskunnallista keskustelua. P\u00e4\u00e4asiallisena ty\u00f6muotona ovat y\u00f6n yli kest\u00e4v\u00e4t ty\u00f6pajat, joita j\u00e4rjestet\u00e4\u00e4n yhteens\u00e4 nelj\u00e4 kappaletta. Ty\u00f6pajoissa ei p\u00f6n\u00f6tet\u00e4 tai luennoida, vaan luovuus saa kukkia. Muistisairauksien teemasta taiteen v\u00e4it\u00f6stutkimusta tekev\u00e4 Riku Laakkonen (TaY) rytmitti Heponiemen ty\u00f6pajaa monilla harjoitteilla, jotka paitsi ohjasivat osallistujia katselemaan asioita \u201dlaatikon ulkopuolelta\u201d my\u00f6s ryhm\u00e4yttiv\u00e4t porukan erinomaisella tavalla.\r\n\r\nKeskustelu ty\u00f6pajassa oli hyvin moni\u00e4\u00e4nist\u00e4 ja monin\u00e4k\u00f6kulmaista. Mieleemme j\u00e4i erityisesti kaksi asiaa. Paljon puhuimme molempina p\u00e4ivin\u00e4 muistisairauksiin liitetyst\u00e4 termist\u00f6st\u00e4. Esimerkiksi termi \u201dmuistisairas\u201d saatetaan kokea hyvinkin leimaavana tai jopa virheellisen\u00e4, koska aina sairaus ei vaikuta ensisijaisesti muistiin. Joku taho on siksi ottanut k\u00e4ytt\u00f6\u00f6n termin \u201dmuistikuntoutuja\u201d, mutta se taas her\u00e4tti ajatuksia siit\u00e4, ett\u00e4 termi on tietyll\u00e4 tavalla velvoittava \u2013 ik\u00e4\u00e4n kuin hyv\u00e4 muistisairas ihminen on vain sellainen, joka koko ajan koettaa kuntouttaa itse\u00e4\u00e4n sairaudesta, joka lopulta ei ole pois kuntoutettavissa. Mutta monin\u00e4k\u00f6kulmaista, toisia arvostavaa keskustelua saatiin alkuun ja my\u00f6s termist\u00f6n pohdinta tulee varmasti jatkumaan. Argumentassamme on mukana kolme valtakunnallista j\u00e4rjest\u00f6\u00e4 (Muistiliitto, Ik\u00e4instituutti ja Vanhusty\u00f6n keskusliitto), joiden kannanottojen ja verkostojen kautta hankkeella on todellinen mahdollisuus vaikuttaa esimerkiksi muistisairauksista puhumisen tapoihin.\r\n\r\nToisen mieleen j\u00e4\u00e4neen n\u00e4k\u00f6kulman kuulimme mukana olleelta muistisairautta sairastavalta henkil\u00f6lt\u00e4. Puhuimme juuri muistisairas -termin leimaavasta vaikutuksesta, kun kulttuurissamme on suuri vaara siihen, ett\u00e4 diagnoosi alkaa hallita k\u00e4sityst\u00e4mme koko sairastuneesta ihmisest\u00e4. Ihminen ik\u00e4\u00e4n kuin j\u00e4\u00e4 muistisairas-termin taakse, jolloin sairaudesta helposti tulee piiloteltava asia. Mukana ollut kokemusasiantuntija k\u00e4\u00e4nsi ajatuksen ymp\u00e4ri sanoen, ett\u00e4 h\u00e4n pyrkii itse asettumaan muistisairaus -termin eteen. H\u00e4n kertoi puhuvansa avoimesti sairaudestaan ja siten n\u00e4ytt\u00e4v\u00e4ns\u00e4 ihmisille, ett\u00e4 h\u00e4n tulee persoonana ennen sairautta. H\u00e4n on h\u00e4n, ja sairaus on vain osa h\u00e4nest\u00e4. Osa, jonka kanssa elet\u00e4\u00e4n, kun vaihtoehtoakaan ei ole. Yleens\u00e4 arvostamme ihmisi\u00e4, jotka seisovat sanojensa takana, mutta yht\u00e4 lailla kannattaa arvostaa heit\u00e4, jotka persoonallaan seisovat sanojen edess\u00e4.\r\n\r\nHeponiemen ty\u00f6pajassa l\u00f6ysimme heti oivallisen konseptin tulevillekin ty\u00f6pajoille. Yhteisten keskustelujen lis\u00e4ksi aikaa annetaan saunomiselle, sy\u00f6miselle ja rentoutumiselle. Lokakuun ty\u00f6pajaan on jo varattu palju t\u00e4htitaivaan alle. N\u00e4in muodostamme laajaa muistisairauksien asiantuntijoiden hyv\u00e4henkist\u00e4 verkostoa, jonka yhdess\u00e4 vaikuttamisen mahdollisuudet ovat my\u00f6s tulevaisuudessa vahvat.\r\n\r\nHankkeemme nelj\u00e4n ty\u00f6pajan yhteistuloksena synnytell\u00e4\u00e4n esimerkiksi Muistimanifestia, kuorolauluteosta, podcastia ja kenties my\u00f6s jotakin draamallista lopputuotosta. Huikea asiantuntemus saadaan t\u00e4ll\u00e4 tavoin ihan kaikkien k\u00e4ytt\u00f6\u00f6n ja samalla v\u00e4h\u00e4n tuuletamme akateemisen tekemisen tapoja.\r\n\r\nOtapa heti Kuule minua -hanke seurantaan:\r\n\r\n<a href=\"https:\/\/projects.tuni.fi\/kuuleminua\/\">Kuule minua | Argumenta 2023-2025 | Tampereen korkeakouluyhteis\u00f6 (tuni.fi)<\/a>\r\n\r\n<a href=\"https:\/\/www.facebook.com\/people\/Kuule-minua\/100089549232310\/\">https:\/\/www.facebook.com\/people\/Kuule-minua\/100089549232310\/<\/a>\r\n\r\n<strong>Jari Pirhonen<\/strong>\r\n\r\nKuule minua -hankkeen varajohtaja\r\n\r\n<strong>Jenni Kulmala<\/strong>\r\n\r\nKuule minua -hankkeen johtaja","_fi_post_name":"muistisairauksien-tutkijat-ovat-kuulolla-ja-haluavat-vaikuttaa","_fi_post_excerpt":"","_fi_post_title":"Muistisairauksien tutkijat ovat kuulolla ja haluavat vaikuttaa","_en_post_content":"","_en_post_name":"","_en_post_excerpt":"","_en_post_title":"","edit_language":"en","footnotes":""},"categories":[132],"tags":[478,483,484,482,481,367,249,486,487,485],"class_list":["post-9134","post","type-post","status-publish","format-standard","has-post-thumbnail","hentry","category-blogi","tag-aivoterveys","tag-argumenta","tag-hanke","tag-kulttuurirahasto","tag-kuuleminua","tag-muistisairaudet","tag-muistisairaus","tag-omaiset","tag-puoliso","tag-tutkimushanke","entry","has-media"],"_links":{"self":[{"href":"https:\/\/www.gerec.fi\/en\/wp-json\/wp\/v2\/posts\/9134","targetHints":{"allow":["GET"]}}],"collection":[{"href":"https:\/\/www.gerec.fi\/en\/wp-json\/wp\/v2\/posts"}],"about":[{"href":"https:\/\/www.gerec.fi\/en\/wp-json\/wp\/v2\/types\/post"}],"author":[{"embeddable":true,"href":"https:\/\/www.gerec.fi\/en\/wp-json\/wp\/v2\/users\/9"}],"replies":[{"embeddable":true,"href":"https:\/\/www.gerec.fi\/en\/wp-json\/wp\/v2\/comments?post=9134"}],"version-history":[{"count":1,"href":"https:\/\/www.gerec.fi\/en\/wp-json\/wp\/v2\/posts\/9134\/revisions"}],"predecessor-version":[{"id":9137,"href":"https:\/\/www.gerec.fi\/en\/wp-json\/wp\/v2\/posts\/9134\/revisions\/9137"}],"wp:featuredmedia":[{"embeddable":true,"href":"https:\/\/www.gerec.fi\/en\/wp-json\/wp\/v2\/media\/9135"}],"wp:attachment":[{"href":"https:\/\/www.gerec.fi\/en\/wp-json\/wp\/v2\/media?parent=9134"}],"wp:term":[{"taxonomy":"category","embeddable":true,"href":"https:\/\/www.gerec.fi\/en\/wp-json\/wp\/v2\/categories?post=9134"},{"taxonomy":"post_tag","embeddable":true,"href":"https:\/\/www.gerec.fi\/en\/wp-json\/wp\/v2\/tags?post=9134"}],"curies":[{"name":"wp","href":"https:\/\/api.w.org\/{rel}","templated":true}]}}