{"id":9089,"date":"2023-06-15T10:35:55","date_gmt":"2023-06-15T07:35:55","guid":{"rendered":"https:\/\/www.gerec.fi\/?p=9089"},"modified":"2023-06-15T10:35:55","modified_gmt":"2023-06-15T07:35:55","slug":"","status":"publish","type":"post","link":"https:\/\/www.gerec.fi\/en\/tau-age-symposium-8-9-2023\/","title":{"rendered":"","raw":""},"content":{"rendered":"","protected":false,"raw":""},"excerpt":{"rendered":"TAU-AGE symposium 8.9.2023 Ohjelma: https:\/\/events.tuni.fi\/tau-age\/ohjelma\/ Pitk\u00e4 ik\u00e4 on ihmiskunnan suurin saavutus, mutta v\u00e4est\u00f6n ik\u00e4\u00e4ntyminen on my\u00f6s t\u00e4m\u00e4n hetken suuri globaali haaste. Tampereen yliopistossa tehd\u00e4\u00e4n monenlaista vanhenemiseen ja ik\u00e4\u00e4ntyv\u00e4\u00e4n yhteiskuntaan kohdistuvaa tutkimusta.\u00a0 Yliopistossamme lienee paljon my\u00f6s sellaista tutkimusta, jolla on toistaiseksi&hellip;","protected":false,"raw":""},"author":9,"featured_media":0,"comment_status":"closed","ping_status":"closed","sticky":false,"template":"","format":"standard","meta":{"_mi_skip_tracking":false,"_fi_post_content":"<strong>TAU-AGE symposium 8.9.2023<\/strong>\r\n\r\nOhjelma: <a href=\"https:\/\/events.tuni.fi\/tau-age\/ohjelma\/\">https:\/\/events.tuni.fi\/tau-age\/ohjelma\/<\/a>\r\n\r\nPitk\u00e4 ik\u00e4 on ihmiskunnan suurin saavutus, mutta v\u00e4est\u00f6n ik\u00e4\u00e4ntyminen on my\u00f6s t\u00e4m\u00e4n hetken suuri globaali haaste. Tampereen yliopistossa tehd\u00e4\u00e4n monenlaista vanhenemiseen ja ik\u00e4\u00e4ntyv\u00e4\u00e4n yhteiskuntaan kohdistuvaa tutkimusta.\u00a0 Yliopistossamme lienee paljon my\u00f6s sellaista tutkimusta, jolla on toistaiseksi tunnistamatonta potentiaalia vastata ik\u00e4\u00e4ntyv\u00e4n yhteiskunnan haasteisiin. Yhteisty\u00f6ll\u00e4 ja verkostoitumalla voimme vahvistaa tutkimuksemme tuloksellisuutta ja n\u00e4kyvyytt\u00e4.\r\n\r\nKutsumme koolle kaikki Tampereen yliopiston tutkijat, jotka ovat kiinnostuneita:\r\n<ul>\r\n \t<li>vanhenemisesta, vanhuudesta, ja ik\u00e4\u00e4ntyv\u00e4st\u00e4 yhteiskunnasta<\/li>\r\n \t<li>ik\u00e4\u00e4ntyvien ihmisten terveydest\u00e4, hoivasta, hoidosta ja palveluista<\/li>\r\n \t<li>my\u00f6h\u00e4isen aikuisi\u00e4n aktiivisuudesta, harrastuksista ja sosiaalisista suhteista<\/li>\r\n \t<li>vanhuuden taloudesta ja vanhuuspolitiikasta<\/li>\r\n \t<li>ty\u00f6urien pident\u00e4misest\u00e4, el\u00e4kkeelle j\u00e4\u00e4misest\u00e4 ja el\u00e4kkeell\u00e4 olemisesta<\/li>\r\n \t<li>teknologiasta hyvinvoinnin ja terveyden tukemisessa, ik\u00e4teknologiasta<\/li>\r\n \t<li>digitalisaatiosta ik\u00e4\u00e4ntyv\u00e4ss\u00e4 yhteiskunnassa<\/li>\r\n \t<li>ik\u00e4\u00e4ntyv\u00e4n yhteiskunnan elinymp\u00e4rist\u00f6ist\u00e4 ja infrastruktuureista<\/li>\r\n \t<li>muista ihmisen vanhenemiseen, pitk\u00e4ik\u00e4isyyteen tai ik\u00e4\u00e4ntyv\u00e4\u00e4n yhteiskuntaan liittyvist\u00e4 kysymyksist\u00e4<\/li>\r\n<\/ul>\r\nTule tutustumaan muihin tutkijoihin ja kertomaan omasta tutkimuksestasi. Luodaan yhdess\u00e4 uusia keinoja vastata ik\u00e4\u00e4ntyv\u00e4n yhteiskunnan haasteisiin; rakennetaan Tampereen yliopistosta maan johtava vanhuuteen ja ik\u00e4\u00e4ntymiseen liittyv\u00e4n tutkimuksen keskittym\u00e4.\r\n\r\nIlmoittautuminen (DL 1.9.2023): <a href=\"https:\/\/forms.office.com\/e\/rVpMFETs6y\">https:\/\/forms.office.com\/e\/rVpMFETs6y<\/a>\r\n\r\nLis\u00e4tietoja symposiumista l\u00f6yd\u00e4t tapahtuman kotisivuilta: <a href=\"https:\/\/events.tuni.fi\/tau-age\/\">https:\/\/events.tuni.fi\/tau-age\/<\/a>","_fi_post_name":"tau-age-symposium-8-9-2023","_fi_post_excerpt":"","_fi_post_title":"TAU-AGE symposium 8.9.2023","_en_post_content":"","_en_post_name":"","_en_post_excerpt":"","_en_post_title":"","edit_language":"en","footnotes":""},"categories":[131],"tags":[],"class_list":["post-9089","post","type-post","status-publish","format-standard","hentry","category-tapahtumat","entry","no-media"],"_links":{"self":[{"href":"https:\/\/www.gerec.fi\/en\/wp-json\/wp\/v2\/posts\/9089","targetHints":{"allow":["GET"]}}],"collection":[{"href":"https:\/\/www.gerec.fi\/en\/wp-json\/wp\/v2\/posts"}],"about":[{"href":"https:\/\/www.gerec.fi\/en\/wp-json\/wp\/v2\/types\/post"}],"author":[{"embeddable":true,"href":"https:\/\/www.gerec.fi\/en\/wp-json\/wp\/v2\/users\/9"}],"replies":[{"embeddable":true,"href":"https:\/\/www.gerec.fi\/en\/wp-json\/wp\/v2\/comments?post=9089"}],"version-history":[{"count":1,"href":"https:\/\/www.gerec.fi\/en\/wp-json\/wp\/v2\/posts\/9089\/revisions"}],"predecessor-version":[{"id":9090,"href":"https:\/\/www.gerec.fi\/en\/wp-json\/wp\/v2\/posts\/9089\/revisions\/9090"}],"wp:attachment":[{"href":"https:\/\/www.gerec.fi\/en\/wp-json\/wp\/v2\/media?parent=9089"}],"wp:term":[{"taxonomy":"category","embeddable":true,"href":"https:\/\/www.gerec.fi\/en\/wp-json\/wp\/v2\/categories?post=9089"},{"taxonomy":"post_tag","embeddable":true,"href":"https:\/\/www.gerec.fi\/en\/wp-json\/wp\/v2\/tags?post=9089"}],"curies":[{"name":"wp","href":"https:\/\/api.w.org\/{rel}","templated":true}]}}