{"id":9071,"date":"2023-06-08T11:25:12","date_gmt":"2023-06-08T08:25:12","guid":{"rendered":"https:\/\/www.gerec.fi\/?p=9071"},"modified":"2023-06-08T11:25:12","modified_gmt":"2023-06-08T08:25:12","slug":"","status":"publish","type":"post","link":"https:\/\/www.gerec.fi\/en\/muistisairaus-on-korkean-ian-toiminnanvajavuuksien-tarkein-syy\/","title":{"rendered":"","raw":""},"content":{"rendered":"","protected":false,"raw":""},"excerpt":{"rendered":"Muistisairaus on hyvin vanhojen ihmisten toiminnanvajavuuksien t\u00e4rkein syy. Runsas puolet yli 90-vuotiaiden p\u00e4ivitt\u00e4isten perustoimintojen ongelmista ja melkein viidennes liikkumiskyvyn ongelmista selittyy muistisairaudella. T\u00e4m\u00e4 ilmeni tohtoritutkija Saritha Vargesen ja ty\u00f6toverien tutkimuksesta, joka ilmestyi BMC Geriatrics -lehdess\u00e4.\u00a0 Muistisairaus yksin aiheuttaa p\u00e4ivitt\u00e4isten perustoimintojen&hellip;","protected":false,"raw":""},"author":9,"featured_media":0,"comment_status":"closed","ping_status":"closed","sticky":false,"template":"","format":"standard","meta":{"_mi_skip_tracking":false,"_fi_post_content":"Muistisairaus on hyvin vanhojen ihmisten toiminnanvajavuuksien t\u00e4rkein syy. Runsas puolet yli 90-vuotiaiden p\u00e4ivitt\u00e4isten perustoimintojen ongelmista ja melkein viidennes liikkumiskyvyn ongelmista selittyy muistisairaudella. T\u00e4m\u00e4 ilmeni tohtoritutkija Saritha Vargesen ja ty\u00f6toverien tutkimuksesta, joka ilmestyi BMC Geriatrics -lehdess\u00e4.\u00a0 Muistisairaus yksin aiheuttaa p\u00e4ivitt\u00e4isten perustoimintojen ongelmia paljon enemm\u00e4n kuin monta muuta yht\u00e4aikaista sairautta yhdess\u00e4. Monet yht\u00e4aikaiset sairaudet lis\u00e4siv\u00e4t liikkumisvaikeuksia my\u00f6s muilla samanik\u00e4isill\u00e4 kuin muistisairauksia sairastavilla.\u00a0 Tervaskannot 90+ -tutkimuksen aineistossa verrattiin muistisairaiden ja muiden yli 90-vuotiaiden toimintakyky\u00e4 vuosina 2001, 2010 ja 2018. T\u00e4n\u00e4 aikana toimintakyky parani, mutta se ei tapahtunut samalla tavalla koko ik\u00e4ryhm\u00e4ss\u00e4: muistisairailla toimintakyky parani vain hieman, kun taas muilla toimintakyvyn my\u00f6nteinen kehitys oli huomattavasti suurempaa. Siksi ero muistisairaiden ja muiden toimintakyvyss\u00e4 kasvoi. Noin nelj\u00e4 kymmenest\u00e4 yli 90-vuotiasta sairastaa muistisairautta. Pitk\u00e4ik\u00e4isyyden yleistyess\u00e4 on t\u00e4rke\u00e4\u00e4 pyrki\u00e4 lykk\u00e4\u00e4m\u00e4\u00e4n muistisairautta yh\u00e4 vanhempaan ik\u00e4\u00e4n, mutta yht\u00e4 t\u00e4rke\u00e4\u00e4 on parantaa hoitok\u00e4yt\u00e4nt\u00f6j\u00e4 ja kuntoutusta siten, ett\u00e4 toimintakyky s\u00e4ilyisi parempana my\u00f6s muistisairausdiagnoosin saamisen j\u00e4lkeen.\r\n\r\n&nbsp;\r\n\r\nVargese S, Jylh\u00e4 M, Raitanen J, Enroth L, Halonen P, and Aaltonen M. Dementia-related disability in population aged 90 and over: differences over time and the role of comorbidity in the Vitality 90+ Study.\r\n\r\nKoko artikkeli on luettavissa t\u00e4\u00e4lt\u00e4 <a href=\"https:\/\/bmcgeriatr.biomedcentral.com\/articles\/10.1186\/s12877-023-03980-5\">https:\/\/bmcgeriatr.biomedcentral.com\/articles\/10.1186\/s12877-023-03980-5<\/a>","_fi_post_name":"muistisairaus-on-korkean-ian-toiminnanvajavuuksien-tarkein-syy","_fi_post_excerpt":"","_fi_post_title":"Muistisairaus on korkean i\u00e4n toiminnanvajavuuksien t\u00e4rkein syy","_en_post_content":"","_en_post_name":"","_en_post_excerpt":"","_en_post_title":"","edit_language":"en","footnotes":""},"categories":[130],"tags":[],"class_list":["post-9071","post","type-post","status-publish","format-standard","hentry","category-tiedeuutiset","entry","no-media"],"_links":{"self":[{"href":"https:\/\/www.gerec.fi\/en\/wp-json\/wp\/v2\/posts\/9071","targetHints":{"allow":["GET"]}}],"collection":[{"href":"https:\/\/www.gerec.fi\/en\/wp-json\/wp\/v2\/posts"}],"about":[{"href":"https:\/\/www.gerec.fi\/en\/wp-json\/wp\/v2\/types\/post"}],"author":[{"embeddable":true,"href":"https:\/\/www.gerec.fi\/en\/wp-json\/wp\/v2\/users\/9"}],"replies":[{"embeddable":true,"href":"https:\/\/www.gerec.fi\/en\/wp-json\/wp\/v2\/comments?post=9071"}],"version-history":[{"count":1,"href":"https:\/\/www.gerec.fi\/en\/wp-json\/wp\/v2\/posts\/9071\/revisions"}],"predecessor-version":[{"id":9072,"href":"https:\/\/www.gerec.fi\/en\/wp-json\/wp\/v2\/posts\/9071\/revisions\/9072"}],"wp:attachment":[{"href":"https:\/\/www.gerec.fi\/en\/wp-json\/wp\/v2\/media?parent=9071"}],"wp:term":[{"taxonomy":"category","embeddable":true,"href":"https:\/\/www.gerec.fi\/en\/wp-json\/wp\/v2\/categories?post=9071"},{"taxonomy":"post_tag","embeddable":true,"href":"https:\/\/www.gerec.fi\/en\/wp-json\/wp\/v2\/tags?post=9071"}],"curies":[{"name":"wp","href":"https:\/\/api.w.org\/{rel}","templated":true}]}}