{"id":9045,"date":"2023-06-01T13:52:07","date_gmt":"2023-06-01T10:52:07","guid":{"rendered":"https:\/\/www.gerec.fi\/?p=9045"},"modified":"2023-06-01T13:52:30","modified_gmt":"2023-06-01T10:52:30","slug":"","status":"publish","type":"post","link":"https:\/\/www.gerec.fi\/en\/uusi-akatemiahanke-tutkii-muistisairauksia-ja-niihin-liittyvaa-hoivaa\/","title":{"rendered":"","raw":""},"content":{"rendered":"","protected":false,"raw":""},"excerpt":{"rendered":"L\u00e4mpim\u00e4t onnittelut uudesta akatemiahankkeesta Lina van Aerschot, Jenni Kulmala, Mari Aaltonen sek\u00e4 muut SOREMO-konsortiossa mukana olevat kollegat! Suomen Akatemian kulttuurin ja yhteiskunnan tutkimuksen toimikunta on my\u00f6nt\u00e4nyt rahoituksen 59 akatemiahankkeelle, jotka sis\u00e4lt\u00e4v\u00e4t yhteens\u00e4 78 osahanketta. SOREMO-konsortio tutkii muistisairauksia ja niihin liittyv\u00e4\u00e4&hellip;","protected":false,"raw":""},"author":9,"featured_media":0,"comment_status":"closed","ping_status":"closed","sticky":false,"template":"","format":"standard","meta":{"_mi_skip_tracking":false,"_fi_post_content":"L\u00e4mpim\u00e4t onnittelut uudesta akatemiahankkeesta Lina van Aerschot, Jenni Kulmala, Mari Aaltonen sek\u00e4 muut SOREMO-konsortiossa mukana olevat kollegat!\r\n\r\nSuomen Akatemian kulttuurin ja yhteiskunnan tutkimuksen toimikunta on my\u00f6nt\u00e4nyt rahoituksen 59 akatemiahankkeelle, jotka sis\u00e4lt\u00e4v\u00e4t yhteens\u00e4 78 osahanketta. SOREMO-konsortio tutkii muistisairauksia ja niihin liittyv\u00e4\u00e4 hoivaa. <strong>Lina van Aerschot <\/strong>Jyv\u00e4skyl\u00e4n yliopistosta johtaa konsortiota, johon osallistuvat partnereina tenure track -professori <strong>Jenni Kulmala<\/strong> (SOC) ja THL:n <strong>Mari Aaltonen<\/strong> omilla hankkeillaan.\r\n\r\nMuistisairautta sairastavien ihmisten m\u00e4\u00e4r\u00e4 kasvaa nopeasti ja kysymykset hoivan j\u00e4rjest\u00e4misest\u00e4 sosiaalisesti kest\u00e4vill\u00e4 tavoilla ovat yhteiskunnassa \u00e4\u00e4rimm\u00e4isen ajankohtaisia. On v\u00e4ltt\u00e4m\u00e4t\u00f6nt\u00e4 kuulla muistisairaita ihmisi\u00e4 ja heid\u00e4n omaishoitajiaan nykyist\u00e4 paremmin.\r\n\r\nHankkeessa selvitet\u00e4\u00e4n, millaista on sosiaalisesti kest\u00e4v\u00e4 hoiva silloin, kun otetaan l\u00e4ht\u00f6kohdaksi muistisairaiden ihmisten ja heid\u00e4n l\u00e4heistens\u00e4 n\u00e4k\u00f6kulma. Tutkimuksessa hy\u00f6dynnet\u00e4\u00e4n laajasti sek\u00e4 laadullisia aineistoja ett\u00e4 rekisteriaineistoja. Tarkoituksena on selvitt\u00e4\u00e4, millaista on el\u00e4m\u00e4 muistisairauden kanssa, millaisia sosiaalisia ja institutionaalisia esteit\u00e4 ja hoivak\u00f6yhyyden riskej\u00e4 muistisairaat ja heid\u00e4n omaishoitajansa kohtaavat ja miten heid\u00e4n osallisuuttaan pit\u00e4isi tukea, jotta se toteutuisi niin arkiel\u00e4m\u00e4ss\u00e4 kuin palveluissa. Tulosten pohjalta kehitet\u00e4\u00e4n sosiaalis-relationaalista muistisairauden mallia, joka toimii kest\u00e4v\u00e4n hoivan perustana.\r\n\r\nTutkimus toteutetaan Tampereen yliopiston, Jyv\u00e4skyl\u00e4n yliopiston ja THL:n yhteisty\u00f6n\u00e4.\r\n\r\n<a href=\"https:\/\/www.aka.fi\/suomen-akatemian-toiminta\/ajankohtaista\/tiedotteet-ja-uutiset\/2023\/kulttuurin-ja-yhteiskunnan-tutkimuksen-aloille-59-uutta-akatemiahanketta\/\">https:\/\/www.aka.fi\/suomen-akatemian-toiminta\/ajankohtaista\/tiedotteet-ja-uutiset\/2023\/kulttuurin-ja-yhteiskunnan-tutkimuksen-aloille-59-uutta-akatemiahanketta\/<\/a>","_fi_post_name":"uusi-akatemiahanke-tutkii-muistisairauksia-ja-niihin-liittyvaa-hoivaa","_fi_post_excerpt":"","_fi_post_title":"Uusi akatemiahanke tutkii muistisairauksia ja niihin liittyv\u00e4\u00e4 hoivaa","_en_post_content":"","_en_post_name":"","_en_post_excerpt":"","_en_post_title":"","edit_language":"en","footnotes":""},"categories":[130],"tags":[],"class_list":["post-9045","post","type-post","status-publish","format-standard","hentry","category-tiedeuutiset","entry","no-media"],"_links":{"self":[{"href":"https:\/\/www.gerec.fi\/en\/wp-json\/wp\/v2\/posts\/9045","targetHints":{"allow":["GET"]}}],"collection":[{"href":"https:\/\/www.gerec.fi\/en\/wp-json\/wp\/v2\/posts"}],"about":[{"href":"https:\/\/www.gerec.fi\/en\/wp-json\/wp\/v2\/types\/post"}],"author":[{"embeddable":true,"href":"https:\/\/www.gerec.fi\/en\/wp-json\/wp\/v2\/users\/9"}],"replies":[{"embeddable":true,"href":"https:\/\/www.gerec.fi\/en\/wp-json\/wp\/v2\/comments?post=9045"}],"version-history":[{"count":3,"href":"https:\/\/www.gerec.fi\/en\/wp-json\/wp\/v2\/posts\/9045\/revisions"}],"predecessor-version":[{"id":9048,"href":"https:\/\/www.gerec.fi\/en\/wp-json\/wp\/v2\/posts\/9045\/revisions\/9048"}],"wp:attachment":[{"href":"https:\/\/www.gerec.fi\/en\/wp-json\/wp\/v2\/media?parent=9045"}],"wp:term":[{"taxonomy":"category","embeddable":true,"href":"https:\/\/www.gerec.fi\/en\/wp-json\/wp\/v2\/categories?post=9045"},{"taxonomy":"post_tag","embeddable":true,"href":"https:\/\/www.gerec.fi\/en\/wp-json\/wp\/v2\/tags?post=9045"}],"curies":[{"name":"wp","href":"https:\/\/api.w.org\/{rel}","templated":true}]}}