{"id":9009,"date":"2023-05-16T08:37:26","date_gmt":"2023-05-16T05:37:26","guid":{"rendered":"https:\/\/www.gerec.fi\/?p=9009"},"modified":"2023-05-16T08:37:26","modified_gmt":"2023-05-16T05:37:26","slug":"","status":"publish","type":"post","link":"https:\/\/www.gerec.fi\/en\/keskiaikuisuus-on-seesteista-aikaa-mielen-hyvinvointi-sailyy-varsin-hyvana-lapi-aikuisuuden\/","title":{"rendered":"","raw":""},"content":{"rendered":"","protected":false,"raw":""},"excerpt":{"rendered":"Gerontologian tutkimuskeskuksessa Jyv\u00e4skyl\u00e4n yliopiston liikuntatieteellisess\u00e4 tiedekunnassa tehdyss\u00e4 tutkimuksessa selvisi, ett\u00e4 kokonaisvaltainen mielen hyvinvointi on varsin pysyv\u00e4\u00e4 keskiaikuisuudesta my\u00f6h\u00e4isaikuisuuden alkuun eli ik\u00e4vuosien 42 ja 61 v\u00e4lill\u00e4. Mielen hyvinvointi voi toimia yksil\u00f6iden voimavarana tukea ja huolehtia my\u00f6s muiden hyvinvoinnista. Aikuisuuden, erityisesti my\u00f6h\u00e4isaikuisuuden,&hellip;","protected":false,"raw":""},"author":10,"featured_media":0,"comment_status":"closed","ping_status":"closed","sticky":false,"template":"","format":"standard","meta":{"_mi_skip_tracking":false,"_fi_post_content":"Gerontologian tutkimuskeskuksessa Jyv\u00e4skyl\u00e4n yliopiston liikuntatieteellisess\u00e4 tiedekunnassa tehdyss\u00e4 tutkimuksessa selvisi, ett\u00e4 kokonaisvaltainen mielen hyvinvointi on varsin pysyv\u00e4\u00e4 keskiaikuisuudesta my\u00f6h\u00e4isaikuisuuden alkuun eli ik\u00e4vuosien 42 ja 61 v\u00e4lill\u00e4. Mielen hyvinvointi voi toimia yksil\u00f6iden voimavarana tukea ja huolehtia my\u00f6s muiden hyvinvoinnista.\r\n\r\nAikuisuuden, erityisesti my\u00f6h\u00e4isaikuisuuden, kehityksest\u00e4 puhutaan usein negatiivisin s\u00e4vyin. Keskiaikuisuus ja my\u00f6h\u00e4isaikuisuuden alku n\u00e4ytt\u00e4ytyv\u00e4t kuitenkin tuoreen tutkimuksen valossa psykologisesti my\u00f6nteisen\u00e4 ajanjaksona, jolloin mielen hyvinvointi s\u00e4ilyy keskim\u00e4\u00e4rin varsin hyv\u00e4ll\u00e4 tasolla.\r\n\r\nKokonaisvaltainen mielen hyvinvointi sis\u00e4lt\u00e4\u00e4 sellaisia my\u00f6nteisi\u00e4 ulottuvuuksia kuin emotionaalinen, psykologinen ja sosiaalinen hyvinvointi sek\u00e4 enimmill\u00e4\u00e4n v\u00e4h\u00e4iset masentuneisuuden tuntemukset. Emotionaalista hyvinvointia kuvaavat esimerkiksi tyytyv\u00e4isyys el\u00e4m\u00e4\u00e4n ja positiivisten tunteiden kokeminen. Psykologinen hyvinvointi k\u00e4sitt\u00e4\u00e4 muun muassa itsens\u00e4 toteuttamisen ja kokemuksen el\u00e4m\u00e4n tarkoituksellisuudesta. Sosiaalisen hyvinvoinnin osa-alueita ovat esimerkiksi tunne yhteis\u00f6\u00f6n kuulumisesta ja ymp\u00e4rist\u00f6n hyv\u00e4ksynn\u00e4st\u00e4.\r\n\r\n\u2013 Tutkittavien onnellisuus, el\u00e4m\u00e4ntyytyv\u00e4isyys ja sosiaalinen hyvinvointi lis\u00e4\u00e4ntyiv\u00e4t keskim\u00e4\u00e4rin ik\u00e4vuosien 42 ja 61 v\u00e4lill\u00e4. Sen sijaan masentuneisuuden tuntemukset olivat varsin matalalla tasolla ajankohdasta toiseen, kertoo v\u00e4it\u00f6skirjatutkija\u00a0<b><strong>Emmi Reinil\u00e4<\/strong><\/b>\u00a0Gerontologian tutkimuskeskuksesta ja liikuntatieteellisest\u00e4 tiedekunnasta.\r\n\r\n\u2013 Havaitsimme kokonaisvaltaisessa mielen hyvinvoinnissa my\u00f6s vahvaa pysyvyytt\u00e4 eli sit\u00e4, ett\u00e4 tutkittavien keskin\u00e4inen j\u00e4rjestys mielen hyvinvoinnissa pysyi varsin samana ik\u00e4vaiheesta toiseen. Toisin sanoen se, kenell\u00e4 oli parempi mielen hyvinvointi 42-vuotiaana, sai todenn\u00e4k\u00f6isesti korkeamman pistem\u00e4\u00e4r\u00e4n my\u00f6s 50- ja 61-vuotiaana, Reinil\u00e4 kuvaa.\r\n<h3 style=\"font-weight: 600;\"><b><strong>Mielen hyvinvointi voi auttaa tukemaan my\u00f6s muita<\/strong><\/b><\/h3>\r\nReinil\u00e4 ja kumppanit selvittiv\u00e4t my\u00f6s, onko mielen hyvinvointi yhteydess\u00e4 generatiivisuuteen eli haluun tukea ja huolehtia seuraavan sukupolven hyvinvoinnista. Perinteisiss\u00e4 psykologian kehitysteorioissa generatiivisuus on esitetty keskiaikuisuuden keskeisen\u00e4 kehitysteht\u00e4v\u00e4n\u00e4. Reinil\u00e4 on havainnut generatiivisuuden keskim\u00e4\u00e4rin v\u00e4henev\u00e4n 42 ik\u00e4vuodesta 61 ik\u00e4vuoteen, mutta sen kehityksess\u00e4 havaittiin kuitenkin eroja yksil\u00f6iden v\u00e4lill\u00e4.\r\n\r\n\u2013 He, joilla oli parempi kokonaisvaltaisen mielen hyvinvoinnin taso, raportoivat my\u00f6s enemm\u00e4n huolenpitoa ja halua tukea seuraavaa sukupolvea. Erityisesti parempi sosiaalinen hyvinvointi ennusti my\u00f6hemp\u00e4\u00e4 generatiivisuutta, Reinil\u00e4 toteaa.\r\n\r\nTutkimukset olivat osa Jyv\u00e4skyl\u00e4n yliopiston liikuntatieteellisess\u00e4 tiedekunnassa, Gerontologian tutkimuskeskuksessa (GEREC) toteutettavaa\u00a0<a href=\"https:\/\/www.jyu.fi\/sport\/fi\/tutkimus\/hankkeet\/laku\" data-linktype=\"external\" data-val=\"https:\/\/www.jyu.fi\/sport\/fi\/tutkimus\/hankkeet\/laku\">Lapsesta aikuiseksi -tutkimusta<\/a>, joka on professori\u00a0<b><strong>Lea Pulkkisen<\/strong><\/b>\u00a0vuonna 1968 psykologian laitoksella aloittama seurantatutkimus. Tutkimuksessa on seurattu samoja keskisuomalaisia lapsia yli 50 vuoden ajan. Nyky\u00e4\u00e4n tutkimusta johtaa tutkimusjohtaja\u00a0<b><strong>Katja Kokko<\/strong><\/b>. Viimeisin aineistonkeruu (TRAILS) toteutettiin vuosina 2020\u20132021 Suomen Akatemian rahoittamana.\r\n<h3 style=\"font-weight: 600;\"><b><strong>Alkuper\u00e4isjulkaisut<\/strong><\/b>:<\/h3>\r\nReinil\u00e4, E., Saajanaho, M., Fadjukoff, P., T\u00f6rm\u00e4kangas, T.*, &amp; Kokko, K.* (2023).\u00a0The development of generativity in middle adulthood and the beginning of late adulthood: A longitudinal study from age 42 to 61.\u00a0<em>Journal of Adult Development.<\/em>\u00a0<a href=\"https:\/\/doi.org\/10.1007\/s10804-022-09436-1\">https:\/\/doi.org\/10.1007\/s10804-022-09436-1<\/a>\u00a0(*Jaettu viimeinen kirjoittajuus)\r\n\r\nReinil\u00e4, E., Kek\u00e4l\u00e4inen, T., Saajanaho, M., &amp; Kokko, K. (2023).\u00a0The structure of mental well-being and its relationship with generativity in middle adulthood and the beginning of late adulthood.\u00a0<em>International Journal of Behavioral Development<\/em>.\u00a0<a href=\"https:\/\/doi.org\/10.1177\/01650254231165837\">https:\/\/doi.org\/10.1177\/01650254231165837<\/a>\r\n<h3 style=\"font-weight: 600;\"><b><strong>Lis\u00e4tietoa<\/strong><\/b><\/h3>\r\n<p style=\"font-weight: 400;\">Emmi Reinil\u00e4\r\nv\u00e4it\u00f6skirjatutkija\r\n<a href=\"mailto:emmi.e.reinila@jyu.fi\">emmi.e.reinila@jyu.fi<\/a>\r\n+358 40 183 1423<\/p>","_fi_post_name":"keskiaikuisuus-on-seesteista-aikaa-mielen-hyvinvointi-sailyy-varsin-hyvana-lapi-aikuisuuden","_fi_post_excerpt":"","_fi_post_title":"Keskiaikuisuus on seesteist\u00e4 aikaa \u2013 mielen hyvinvointi s\u00e4ilyy varsin hyv\u00e4n\u00e4 l\u00e4pi aikuisuuden","_en_post_content":"","_en_post_name":"","_en_post_excerpt":"","_en_post_title":"","edit_language":"en","footnotes":""},"categories":[130],"tags":[480,160,418],"class_list":["post-9009","post","type-post","status-publish","format-standard","hentry","category-tiedeuutiset","tag-generatiivisuus","tag-mielen-hyvinvointi","tag-pitkittaistutkimus","entry","no-media"],"_links":{"self":[{"href":"https:\/\/www.gerec.fi\/en\/wp-json\/wp\/v2\/posts\/9009","targetHints":{"allow":["GET"]}}],"collection":[{"href":"https:\/\/www.gerec.fi\/en\/wp-json\/wp\/v2\/posts"}],"about":[{"href":"https:\/\/www.gerec.fi\/en\/wp-json\/wp\/v2\/types\/post"}],"author":[{"embeddable":true,"href":"https:\/\/www.gerec.fi\/en\/wp-json\/wp\/v2\/users\/10"}],"replies":[{"embeddable":true,"href":"https:\/\/www.gerec.fi\/en\/wp-json\/wp\/v2\/comments?post=9009"}],"version-history":[{"count":2,"href":"https:\/\/www.gerec.fi\/en\/wp-json\/wp\/v2\/posts\/9009\/revisions"}],"predecessor-version":[{"id":9011,"href":"https:\/\/www.gerec.fi\/en\/wp-json\/wp\/v2\/posts\/9009\/revisions\/9011"}],"wp:attachment":[{"href":"https:\/\/www.gerec.fi\/en\/wp-json\/wp\/v2\/media?parent=9009"}],"wp:term":[{"taxonomy":"category","embeddable":true,"href":"https:\/\/www.gerec.fi\/en\/wp-json\/wp\/v2\/categories?post=9009"},{"taxonomy":"post_tag","embeddable":true,"href":"https:\/\/www.gerec.fi\/en\/wp-json\/wp\/v2\/tags?post=9009"}],"curies":[{"name":"wp","href":"https:\/\/api.w.org\/{rel}","templated":true}]}}