{"id":8729,"date":"2023-02-23T09:29:35","date_gmt":"2023-02-23T07:29:35","guid":{"rendered":"https:\/\/www.gerec.fi\/?p=8729"},"modified":"2023-02-23T09:31:43","modified_gmt":"2023-02-23T07:31:43","slug":"","status":"publish","type":"post","link":"https:\/\/www.gerec.fi\/en\/vn-teas-rahoitus-ikaystavallisyyden-laatuindikaattorit-suomessa-kuntien-ja-hyvinvointialueiden-varautuminen-vaeston-ikaantymiseen-hankkeelle\/","title":{"rendered":"","raw":""},"content":{"rendered":"","protected":false,"raw":""},"excerpt":{"rendered":"Valtioneuvoston selvitys- ja tutkimustoimikunta valitsi 8.2.2023 Tampereen yliopiston hankkeen: Ik\u00e4yst\u00e4v\u00e4llisyyden laatuindikaattorit Suomessa: kuntien ja hyvinvointialueiden varautuminen v\u00e4est\u00f6n ik\u00e4\u00e4ntymiseen, toteuttamaan hankeselvityksen teemalle: Kuntien ja hyvinvointialueiden varautuminen v\u00e4est\u00f6n ik\u00e4\u00e4ntymiseen. Tutkimusryhm\u00e4\u00e4n kuuluvat Tampereen yliopistosta gerontologian professori Anu Siren (hankkeen johtaja), dosentti, tutkimusp\u00e4\u00e4llikk\u00f6 Outi&hellip;","protected":false,"raw":""},"author":9,"featured_media":0,"comment_status":"closed","ping_status":"closed","sticky":false,"template":"","format":"standard","meta":{"_mi_skip_tracking":false,"_fi_post_content":"Valtioneuvoston selvitys- ja tutkimustoimikunta valitsi 8.2.2023 Tampereen yliopiston hankkeen: Ik\u00e4yst\u00e4v\u00e4llisyyden laatuindikaattorit Suomessa: kuntien ja hyvinvointialueiden varautuminen v\u00e4est\u00f6n ik\u00e4\u00e4ntymiseen, toteuttamaan hankeselvityksen teemalle: Kuntien ja hyvinvointialueiden varautuminen v\u00e4est\u00f6n ik\u00e4\u00e4ntymiseen. Tutkimusryhm\u00e4\u00e4n kuuluvat Tampereen yliopistosta gerontologian professori <b>Anu Siren<\/b> (hankkeen johtaja), dosentti, tutkimusp\u00e4\u00e4llikk\u00f6 <b>Outi Jolanki<\/b>, dosentti, yliopistotutkija<b> Kristina Tiainen<\/b> sek\u00e4 Ik\u00e4instituuttista dosentti, vanhempi tutkija Erja Rappe, tutkija Jere Rajaniemi ja viestint\u00e4koordinaattori Anne Honkanen. Selvityshanke on kolmivuotinen ja alkaa 1.3.2023. Valtioneuvoston selvityshankkeelle my\u00f6nt\u00e4m\u00e4 rahoitus on 298 819 \u20ac.\r\n\r\n<a href=\"https:\/\/tietokayttoon.fi\/-\/ikaystavallisyyden-laatuindikaattorit-suomessa-kuntien-ja-hyvinvointialueiden-varautuminen-vaeston-ikaantymiseen\">Ik\u00e4yst\u00e4v\u00e4llisyyden laatuindikaattorit Suomessa: kuntien ja hyvinvointialueiden varautuminen v\u00e4est\u00f6n ik\u00e4\u00e4ntymiseen | Tieto k\u00e4ytt\u00f6\u00f6n (tietokayttoon.fi)<\/a>","_fi_post_name":"vn-teas-rahoitus-ikaystavallisyyden-laatuindikaattorit-suomessa-kuntien-ja-hyvinvointialueiden-varautuminen-vaeston-ikaantymiseen-hankkeelle","_fi_post_excerpt":"","_fi_post_title":"VN TEAS-rahoitus Ik\u00e4yst\u00e4v\u00e4llisyyden laatuindikaattorit Suomessa: kuntien ja hyvinvointialueiden varautuminen v\u00e4est\u00f6n ik\u00e4\u00e4ntymiseen -hankkeelle","_en_post_content":"","_en_post_name":"","_en_post_excerpt":"","_en_post_title":"","edit_language":"en","footnotes":""},"categories":[130],"tags":[],"class_list":["post-8729","post","type-post","status-publish","format-standard","hentry","category-tiedeuutiset","entry","no-media"],"_links":{"self":[{"href":"https:\/\/www.gerec.fi\/en\/wp-json\/wp\/v2\/posts\/8729","targetHints":{"allow":["GET"]}}],"collection":[{"href":"https:\/\/www.gerec.fi\/en\/wp-json\/wp\/v2\/posts"}],"about":[{"href":"https:\/\/www.gerec.fi\/en\/wp-json\/wp\/v2\/types\/post"}],"author":[{"embeddable":true,"href":"https:\/\/www.gerec.fi\/en\/wp-json\/wp\/v2\/users\/9"}],"replies":[{"embeddable":true,"href":"https:\/\/www.gerec.fi\/en\/wp-json\/wp\/v2\/comments?post=8729"}],"version-history":[{"count":1,"href":"https:\/\/www.gerec.fi\/en\/wp-json\/wp\/v2\/posts\/8729\/revisions"}],"predecessor-version":[{"id":8730,"href":"https:\/\/www.gerec.fi\/en\/wp-json\/wp\/v2\/posts\/8729\/revisions\/8730"}],"wp:attachment":[{"href":"https:\/\/www.gerec.fi\/en\/wp-json\/wp\/v2\/media?parent=8729"}],"wp:term":[{"taxonomy":"category","embeddable":true,"href":"https:\/\/www.gerec.fi\/en\/wp-json\/wp\/v2\/categories?post=8729"},{"taxonomy":"post_tag","embeddable":true,"href":"https:\/\/www.gerec.fi\/en\/wp-json\/wp\/v2\/tags?post=8729"}],"curies":[{"name":"wp","href":"https:\/\/api.w.org\/{rel}","templated":true}]}}