{"id":8718,"date":"2023-02-01T14:46:27","date_gmt":"2023-02-01T12:46:27","guid":{"rendered":"https:\/\/www.gerec.fi\/?p=8718"},"modified":"2023-02-01T14:46:27","modified_gmt":"2023-02-01T12:46:27","slug":"","status":"publish","type":"post","link":"https:\/\/www.gerec.fi\/en\/kutsu-kuule-minua-webinaari-6-3-2023-klo-14-15-30\/","title":{"rendered":"","raw":""},"content":{"rendered":"","protected":false,"raw":""},"excerpt":{"rendered":"Kuule minua -webinaari: Muistisairaan ihmisen \u00e4\u00e4ni on arvokas\u00a0 Maanantaina 6.3.2023 klo 14.00-15.30.\u00a0 \u00a0 Tulevaisuudessa suurin osa suomalaisista on arjessaan tekemisiss\u00e4 etenev\u00e4n muistisairauden kanssa \u2013 joko itse sairastavana tai l\u00e4heisen\u00e4. On todenn\u00e4k\u00f6ist\u00e4, ett\u00e4 vuonna 2050 Suomessa el\u00e4\u00e4 yli puoli miljoonaa muistisairautta&hellip;","protected":false,"raw":""},"author":9,"featured_media":0,"comment_status":"closed","ping_status":"closed","sticky":false,"template":"","format":"standard","meta":{"_mi_skip_tracking":false,"_fi_post_content":"<img class=\"alignnone wp-image-8719 size-full\" src=\"https:\/\/www.gerec.fi\/wp-content\/uploads\/2023\/02\/Kuule-minua-webinaari-2023.png\" alt=\"\" width=\"800\" height=\"580\" \/>\r\n<p class=\"paragraph\" style=\"background: white;\"><span class=\"normaltextrun\"><b><u><span style=\"font-size: 12.0pt; font-family: 'Arial',sans-serif; color: black;\">Kuule minua -webinaari: Muistisairaan ihmisen \u00e4\u00e4ni on arvokas<\/span><\/u><\/b><\/span><span class=\"eop\"><b><span style=\"font-size: 12.0pt; font-family: 'Arial',sans-serif; color: black;\">\u00a0<\/span><\/b><\/span><b><u><\/u><\/b><\/p>\r\n<p class=\"paragraph\" style=\"background: white;\"><span class=\"normaltextrun\"><span style=\"font-size: 12.0pt; font-family: 'Arial',sans-serif; color: black;\">Maanantaina 6.3.2023 <\/span><\/span><span class=\"contextualspellingandgrammarerror\"><span style=\"font-size: 12.0pt; font-family: 'Arial',sans-serif; color: black;\">klo 14.00-15.30<\/span><\/span><span class=\"normaltextrun\"><span style=\"font-size: 12.0pt; font-family: 'Arial',sans-serif; color: black;\">.<\/span><\/span><span class=\"eop\"><span style=\"font-size: 12.0pt; font-family: 'Arial',sans-serif; color: black;\">\u00a0<\/span><\/span><\/p>\r\n<p class=\"paragraph\" style=\"background: white; user-select: text; overflow-wrap: break-word; font-kerning: none;\"><span class=\"normaltextrun\"><span style=\"font-family: 'Arial',sans-serif;\">\u00a0<\/span><\/span><\/p>\r\n<p class=\"paragraph\" style=\"background: white;\"><span class=\"normaltextrun\"><span style=\"font-family: 'Arial',sans-serif; color: black;\">Tulevaisuudessa suurin osa suomalaisista on arjessaan tekemisiss\u00e4 etenev\u00e4n muistisairauden kanssa \u2013 joko itse sairastavana tai l\u00e4heisen\u00e4. On todenn\u00e4k\u00f6ist\u00e4, ett\u00e4 vuonna 2050 Suomessa el\u00e4\u00e4 yli puoli miljoonaa muistisairautta sairastavaa ihmist\u00e4. Muistisairaiden ihmisten hyv\u00e4n el\u00e4m\u00e4n edellytyksist\u00e4 tuleekin ajoissa k\u00e4yd\u00e4 laajaa keskustelua.\u00a0<\/span><\/span><span class=\"eop\"><span style=\"font-family: 'Arial',sans-serif; color: black;\">\u00a0<\/span><\/span><\/p>\r\n<p class=\"paragraph\" style=\"background: white; user-select: text; overflow-wrap: break-word; font-kerning: none;\"><span class=\"normaltextrun\"><span style=\"font-family: 'Arial',sans-serif; color: black;\">Tervetuloa kaikille avoimeen webinaariin, jossa avataan nelj\u00e4 n\u00e4k\u00f6kulmaa muistisairaiden ihmisten kuuntelemiseen. Vain kuuntelemalla ja aidosti kuulemalla sek\u00e4 asiantuntijoita ett\u00e4 muistisairaita ihmisi\u00e4 voimme kehitt\u00e4\u00e4 yhteiskuntaa muistiyst\u00e4v\u00e4llisemm\u00e4ksi. Kuulemalla ja yhdess\u00e4 toimimalla voimme valmistautua ik\u00e4\u00e4ntyv\u00e4\u00e4n yhteiskuntaan eettisesti kest\u00e4v\u00e4ll\u00e4 tavalla.<\/span><\/span><span class=\"eop\"><span style=\"font-family: 'Arial',sans-serif; color: black;\">\u00a0<\/span><\/span><\/p>\r\n<p class=\"paragraph\" style=\"background: white; user-select: text; overflow-wrap: break-word; font-kerning: none;\"><span class=\"normaltextrun\"><span style=\"font-family: 'Arial',sans-serif; color: black;\">Seminaari on avoin kaikille aiheesta kiinnostuneille. Erityisesti se on suunnattu muistisairaita ihmisi\u00e4 ty\u00f6ss\u00e4\u00e4n kohtaaville, tutkijoille sek\u00e4 muistisairaiden ihmisten l\u00e4heisille.<\/span><\/span><span class=\"eop\"><span style=\"font-family: 'Arial',sans-serif; color: black;\">\u00a0<\/span><\/span><\/p>\r\n<p class=\"xparagraph\" style=\"background: white;\"><strong><span class=\"xnormaltextrun\"><span style=\"font-family: 'Arial',sans-serif; color: black;\">OHJELMA<\/span><\/span><span class=\"xeop\"><span style=\"font-family: 'Arial',sans-serif; color: black;\">\u00a0<\/span><\/span><\/strong><\/p>\r\n<p class=\"xparagraph\" style=\"background: white;\"><span class=\"xnormaltextrun\"><span style=\"font-family: 'Arial',sans-serif; color: black;\">14.00\u201314.05\u00a0Alkusanat: Jenni Kulmala,\u00a0gerontologian apulaisprofessori, Tampereen\u00a0yliopisto.<\/span><\/span><span class=\"xeop\"><span style=\"font-family: 'Arial',sans-serif; color: black;\">\u00a0<\/span><\/span><\/p>\r\n<p class=\"xparagraph\" style=\"background: white;\"><span class=\"xnormaltextrun\"><span style=\"font-family: 'Arial',sans-serif; color: black;\">14.05\u201314.20 Miten minua ja vaimoani on kuultu \u2013 Kokemuksia muistisairaan ihmisen el\u00e4m\u00e4st\u00e4, kokemustoimija Petri Lampinen\u00a0<\/span><\/span><span class=\"xeop\"><span style=\"font-family: 'Arial',sans-serif; color: black;\">\u00a0<\/span><\/span><\/p>\r\n<p class=\"xparagraph\" style=\"background: white;\"><span class=\"xnormaltextrun\"><span style=\"font-family: 'Arial',sans-serif; color: black;\">14.20\u201314.40\u00a0Vuorovaikutuksen mukauttaminen \u2013 Kieli ja muistisairaudet, pohjoismaisten kielten professori Camilla Lindholm\u00a0<\/span><\/span><span class=\"xeop\"><span style=\"font-family: 'Arial',sans-serif; color: black;\">\u00a0<\/span><\/span><\/p>\r\n<p class=\"xparagraph\" style=\"background: white;\"><span class=\"xnormaltextrun\"><span style=\"font-family: 'Arial',sans-serif; color: black;\">14.40\u201315.00\u00a0Miten saada muistisairaiden ihmisten \u00e4\u00e4ni kuuluviin \u2013 Dokumentaarisen ilmaisun n\u00e4k\u00f6kulma, dokumentaristi, v\u00e4it\u00f6skirjatutkija Katarina Blomqvist\u00a0<\/span><\/span><span class=\"xeop\"><span style=\"font-family: 'Arial',sans-serif; color: black;\">\u00a0<\/span><\/span><\/p>\r\n<p class=\"xparagraph\" style=\"background: white;\"><span class=\"xnormaltextrun\"><span style=\"font-family: 'Arial',sans-serif; color: black;\">15.00\u201315.20 Kuinka kuunnella sanatonta? gerontologian dosentti, teologi Jari Pirhonen\u00a0<\/span><\/span><span class=\"xeop\"><span style=\"font-family: 'Arial',sans-serif; color: black;\">\u00a0<\/span><\/span><\/p>\r\n<p class=\"xparagraph\" style=\"background: white;\"><span class=\"xnormaltextrun\"><span style=\"font-family: 'Arial',sans-serif; color: black;\">15.20\u201315.30 Yhteenveto ja keskustelua.<\/span><\/span><span class=\"xeop\"><span style=\"font-family: 'Arial',sans-serif; color: black;\">\u00a0<\/span><\/span><\/p>\r\n<p class=\"xparagraph\" style=\"background: white;\"><span class=\"xeop\"><span style=\"font-size: 12.0pt; font-family: 'Times New Roman',serif; color: black;\">\u00a0<\/span><\/span><\/p>\r\n<p class=\"paragraph\" style=\"background: white; user-select: text; overflow-wrap: break-word; font-kerning: none;\"><span class=\"normaltextrun\"><span style=\"font-family: 'Arial',sans-serif; color: black;\">Laita ajankohta kalenteriin,\u00a0l\u00e4mpim\u00e4sti tervetuloa mukaan!<\/span><\/span><span class=\"eop\"><span style=\"font-family: 'Arial',sans-serif; color: black;\">\u00a0<\/span><\/span><\/p>\r\n<p class=\"paragraph\" style=\"background: white; user-select: text; overflow-wrap: break-word; font-kerning: none;\"><span class=\"normaltextrun\"><span style=\"font-family: 'Arial',sans-serif; color: black;\">Seminaarin j\u00e4rjest\u00e4\u00e4 Tampereen yliopiston koordinoima Suomen Kulttuurirahaston Kuule minua \u2013<\/span><\/span><span class=\"spellingerror\"><span style=\"font-family: 'Arial',sans-serif; color: black;\">Argumenta<\/span><\/span><span class=\"normaltextrun\"><span style=\"font-family: 'Arial',sans-serif; color: black;\">-hanke.<\/span><\/span><span class=\"eop\"><span style=\"font-family: 'Arial',sans-serif; color: black;\">\u00a0<\/span><\/span><\/p>\r\n<p class=\"paragraph\" style=\"background: white; user-select: text; overflow-wrap: break-word; font-kerning: none;\"><span class=\"normaltextrun\"><span style=\"font-family: 'Arial',sans-serif; color: black; background: white;\">Webinaariin ei tarvitse ilmoittautua etuk\u00e4teen.<\/span><\/span><span class=\"eop\"><span style=\"font-family: 'Arial',sans-serif; color: black; background: white;\">\u00a0<\/span><\/span><span class=\"eop\"><span style=\"font-family: 'Arial',sans-serif; color: black;\">\u00a0<\/span><\/span><\/p>\r\n<p class=\"paragraph\" style=\"background: white; user-select: text; overflow-wrap: break-word; font-kerning: none;\"><span class=\"normaltextrun\"><span style=\"font-family: 'Arial',sans-serif; color: black;\">Webinaari j\u00e4rjestet\u00e4\u00e4n Teams-alustalla. Seuraa <\/span><\/span><span class=\"contextualspellingandgrammarerror\"><span style=\"font-family: 'Arial',sans-serif; color: black;\">webinaaria<\/span><\/span><span class=\"normaltextrun\"><span style=\"font-family: 'Arial',sans-serif; color: black;\">\u00a0t\u00e4st\u00e4 linkist\u00e4:<\/span><\/span><a href=\"https:\/\/teams.microsoft.com\/l\/meetup-join\/19%3ameeting_NTIzNGY2ZjAtYjI0Mi00NWJkLWJlYTQtZjdhNWRkMGUwOWY2%40thread.v2\/0?context=%7b%22Tid%22%3a%22fa6944af-cc7c-4cd8-9154-c01132798910%22%2c%22Oid%22%3a%2296943162-e179-4edc-a309-6ac4d3665336%22%7d\"><span class=\"eop\"><span style=\"font-family: 'Arial',sans-serif; color: black;\"><strong> Liity webinaariin t\u00e4st\u00e4<\/strong> <\/span><\/span><\/a><\/p>","_fi_post_name":"kutsu-kuule-minua-webinaari-6-3-2023-klo-14-15-30","_fi_post_excerpt":"","_fi_post_title":"Kutsu: Kuule minua -webinaari 6.3.2023 klo 14-15.30","_en_post_content":"","_en_post_name":"","_en_post_excerpt":"","_en_post_title":"","edit_language":"en","footnotes":""},"categories":[131],"tags":[],"class_list":["post-8718","post","type-post","status-publish","format-standard","hentry","category-tapahtumat","entry","no-media"],"_links":{"self":[{"href":"https:\/\/www.gerec.fi\/en\/wp-json\/wp\/v2\/posts\/8718","targetHints":{"allow":["GET"]}}],"collection":[{"href":"https:\/\/www.gerec.fi\/en\/wp-json\/wp\/v2\/posts"}],"about":[{"href":"https:\/\/www.gerec.fi\/en\/wp-json\/wp\/v2\/types\/post"}],"author":[{"embeddable":true,"href":"https:\/\/www.gerec.fi\/en\/wp-json\/wp\/v2\/users\/9"}],"replies":[{"embeddable":true,"href":"https:\/\/www.gerec.fi\/en\/wp-json\/wp\/v2\/comments?post=8718"}],"version-history":[{"count":3,"href":"https:\/\/www.gerec.fi\/en\/wp-json\/wp\/v2\/posts\/8718\/revisions"}],"predecessor-version":[{"id":8722,"href":"https:\/\/www.gerec.fi\/en\/wp-json\/wp\/v2\/posts\/8718\/revisions\/8722"}],"wp:attachment":[{"href":"https:\/\/www.gerec.fi\/en\/wp-json\/wp\/v2\/media?parent=8718"}],"wp:term":[{"taxonomy":"category","embeddable":true,"href":"https:\/\/www.gerec.fi\/en\/wp-json\/wp\/v2\/categories?post=8718"},{"taxonomy":"post_tag","embeddable":true,"href":"https:\/\/www.gerec.fi\/en\/wp-json\/wp\/v2\/tags?post=8718"}],"curies":[{"name":"wp","href":"https:\/\/api.w.org\/{rel}","templated":true}]}}