{"id":8715,"date":"2023-01-23T09:19:49","date_gmt":"2023-01-23T07:19:49","guid":{"rendered":"https:\/\/www.gerec.fi\/?p=8715"},"modified":"2023-01-23T09:19:49","modified_gmt":"2023-01-23T07:19:49","slug":"","status":"publish","type":"post","link":"https:\/\/www.gerec.fi\/en\/juho-vainion-saatio-myonsi-apurahoja-viidelle-gerecin-tutkijalle-vuodelle-2023\/","title":{"rendered":"","raw":""},"content":{"rendered":"","protected":false,"raw":""},"excerpt":{"rendered":"Juho Vainion s\u00e4\u00e4ti\u00f6 on my\u00f6nt\u00e4nyt apurahoja viidelle GERECin tutkijalle Jyv\u00e4skyl\u00e4\u00e4n vuodelle 2023: Tiina F\u00f6hrille my\u00f6nnettiin 25\u00a0000 euroa tutkimukseen biologisen ik\u00e4\u00e4ntymisen yhteydest\u00e4 toimintakykyyn ja kuolleisuuteen. Enni-Maria Hietavalalle my\u00f6nnettiin 25\u00a0000 euroa tutkimukseen \u201d \u201dSy\u00f6misk\u00e4ytt\u00e4ytyminen, fyysinen aktiivisuus ja psyykkinen hyvinvointi taistelussa hormoneja ja&hellip;","protected":false,"raw":""},"author":10,"featured_media":0,"comment_status":"closed","ping_status":"closed","sticky":false,"template":"","format":"standard","meta":{"_mi_skip_tracking":false,"_fi_post_content":"Juho Vainion s\u00e4\u00e4ti\u00f6 on my\u00f6nt\u00e4nyt apurahoja viidelle GERECin tutkijalle Jyv\u00e4skyl\u00e4\u00e4n vuodelle 2023:\r\n\r\n<strong>Tiina F\u00f6hrille<\/strong> my\u00f6nnettiin 25\u00a0000 euroa tutkimukseen biologisen ik\u00e4\u00e4ntymisen yhteydest\u00e4 toimintakykyyn ja kuolleisuuteen.\r\n\r\n<strong>Enni-Maria Hietavalalle<\/strong> my\u00f6nnettiin 25\u00a0000 euroa tutkimukseen \u201d \u201dSy\u00f6misk\u00e4ytt\u00e4ytyminen, fyysinen aktiivisuus ja psyykkinen hyvinvointi taistelussa hormoneja ja kehonkoostumuksen muutoksia vastaan vaihdevuosien aikana\u201d.\r\n\r\n<strong>Laura Karavirralle<\/strong> my\u00f6nnettiin 30\u00a0000 euroa tutkimukseen yksil\u00f6llisen fyysisen aktiivisuuden profiilin pitkitt\u00e4ismuutoksista ja i\u00e4kk\u00e4iden aikuisten terveydest\u00e4.\r\n\r\n<strong>Kirsi Keskiselle<\/strong> my\u00f6nnettiin 29\u00a0920 euroa tutkimukseen ik\u00e4\u00e4ntyvien henkil\u00f6iden aktiivisuudesta korona-aikana.\r\n\r\n<strong>Kaisa Koivuselle<\/strong> my\u00f6nnettiin 30\u00a0000 euroa tutkimukseen \u201dResilienssi ja terveen\u00e4 ik\u00e4\u00e4ntyminen: systeemiteoreettinen l\u00e4hestymistapa\u201d.\r\n\r\nPaljon onnea kaikille rahoituksen saajille!\r\n\r\nLis\u00e4tietoja Juho Vainion S\u00e4\u00e4ti\u00f6n sivuilta: <a href=\"https:\/\/juhovainionsaatio.fi\/2023\/01\/20\/juho-vainion-saation-myonnetyt-apurahat-vuodelle-2023\/\">https:\/\/juhovainionsaatio.fi\/2023\/01\/20\/juho-vainion-saation-myonnetyt-apurahat-vuodelle-2023\/<\/a>","_fi_post_name":"juho-vainion-saatio-myonsi-apurahoja-viidelle-gerecin-tutkijalle-vuodelle-2023","_fi_post_excerpt":"","_fi_post_title":"Juho Vainion S\u00e4\u00e4ti\u00f6 my\u00f6nsi apurahoja viidelle GERECin tutkijalle vuodelle 2023","_en_post_content":"","_en_post_name":"","_en_post_excerpt":"","_en_post_title":"","edit_language":"en","footnotes":""},"categories":[130],"tags":[235,186],"class_list":["post-8715","post","type-post","status-publish","format-standard","hentry","category-tiedeuutiset","tag-apuraha","tag-tutkimusrahoitus","entry","no-media"],"_links":{"self":[{"href":"https:\/\/www.gerec.fi\/en\/wp-json\/wp\/v2\/posts\/8715","targetHints":{"allow":["GET"]}}],"collection":[{"href":"https:\/\/www.gerec.fi\/en\/wp-json\/wp\/v2\/posts"}],"about":[{"href":"https:\/\/www.gerec.fi\/en\/wp-json\/wp\/v2\/types\/post"}],"author":[{"embeddable":true,"href":"https:\/\/www.gerec.fi\/en\/wp-json\/wp\/v2\/users\/10"}],"replies":[{"embeddable":true,"href":"https:\/\/www.gerec.fi\/en\/wp-json\/wp\/v2\/comments?post=8715"}],"version-history":[{"count":1,"href":"https:\/\/www.gerec.fi\/en\/wp-json\/wp\/v2\/posts\/8715\/revisions"}],"predecessor-version":[{"id":8716,"href":"https:\/\/www.gerec.fi\/en\/wp-json\/wp\/v2\/posts\/8715\/revisions\/8716"}],"wp:attachment":[{"href":"https:\/\/www.gerec.fi\/en\/wp-json\/wp\/v2\/media?parent=8715"}],"wp:term":[{"taxonomy":"category","embeddable":true,"href":"https:\/\/www.gerec.fi\/en\/wp-json\/wp\/v2\/categories?post=8715"},{"taxonomy":"post_tag","embeddable":true,"href":"https:\/\/www.gerec.fi\/en\/wp-json\/wp\/v2\/tags?post=8715"}],"curies":[{"name":"wp","href":"https:\/\/api.w.org\/{rel}","templated":true}]}}