{"id":8678,"date":"2022-10-31T12:39:18","date_gmt":"2022-10-31T10:39:18","guid":{"rendered":"https:\/\/www.gerec.fi\/?p=8678"},"modified":"2022-10-31T12:39:18","modified_gmt":"2022-10-31T10:39:18","slug":"","status":"publish","type":"post","link":"https:\/\/www.gerec.fi\/en\/marja-jylha-jyvaskylan-yliopiston-kunniatohtoriksi-kevaalla-2023\/","title":{"rendered":"","raw":""},"content":{"rendered":"","protected":false,"raw":""},"excerpt":{"rendered":"Jyv\u00e4skyl\u00e4n yliopisto vihkii toukokuussa 2023 viisitoista uutta kunniatohtoria. Yliopiston tiedekunnat promovoivat kunniatohtoriksi henkil\u00f6it\u00e4, jotka ovat ansioituneet ty\u00f6el\u00e4m\u00e4ss\u00e4, yhteiskunnallisissa tai tieteellisiss\u00e4 teht\u00e4viss\u00e4. Promootioon osallistuu my\u00f6s suuri m\u00e4\u00e4r\u00e4 promovoitavia maistereita ja tohtoreita. Professori Marja Jylh\u00e4 promovoidaan Liikuntatieteellisen tiedekunnan kunniatohtoriksi. Marja Jylh\u00e4 on&hellip;","protected":false,"raw":""},"author":9,"featured_media":0,"comment_status":"closed","ping_status":"closed","sticky":false,"template":"","format":"standard","meta":{"_mi_skip_tracking":false,"_fi_post_content":"<strong>Jyv\u00e4skyl\u00e4n yliopisto vihkii toukokuussa 2023 viisitoista uutta kunniatohtoria. Yliopiston tiedekunnat promovoivat kunniatohtoriksi henkil\u00f6it\u00e4, jotka ovat ansioituneet ty\u00f6el\u00e4m\u00e4ss\u00e4, yhteiskunnallisissa tai tieteellisiss\u00e4 teht\u00e4viss\u00e4. Promootioon osallistuu my\u00f6s suuri m\u00e4\u00e4r\u00e4 promovoitavia maistereita ja tohtoreita. <\/strong><strong>Professori Marja Jylh\u00e4 promovoidaan Liikuntatieteellisen tiedekunnan kunniatohtoriksi.\r\n<\/strong>\r\n\r\n<img class=\"alignnone size-medium wp-image-8679\" src=\"https:\/\/www.gerec.fi\/wp-content\/uploads\/2022\/10\/28.9.22-Marja-Jylha_28-240x300.jpg\" alt=\"\" width=\"240\" height=\"300\" \/>\r\n<div class=\"xdj266r x11i5rnm xat24cr x1mh8g0r x1vvkbs x126k92a\">\r\n<div dir=\"auto\">Marja Jylh\u00e4 on johtanut useita ik\u00e4\u00e4ntyv\u00e4n v\u00e4est\u00f6n terveytt\u00e4, toimintakyky\u00e4 ja hyvinvointia koskevia pitkitt\u00e4istutkimuksia ja on kansainv\u00e4lisesti erityisen tunnettu koetun terveyden tutkija. H\u00e4n on aktiivinen tiedepoliittinen toimija ja yhteiskunnallinen keskustelija. Jylh\u00e4 on tuonut mediassa esiin v\u00e4est\u00f6n vanhenemisen yhteiskunnallisia seurauksia ja kirjoittanut niist\u00e4 useilla foorumeilla saaden ty\u00f6st\u00e4\u00e4n useita palkintoja.<\/div>\r\n<div dir=\"auto\"><\/div>\r\n<\/div>\r\n<div class=\"x11i5rnm xat24cr x1mh8g0r x1vvkbs xtlvy1s x126k92a\">\r\n<div dir=\"auto\">- T\u00e4llaisen arvonimen saaminen on ihmeellinen ja k\u00e4sitt\u00e4m\u00e4t\u00f6n kunnia, sanoo Marja Jylh\u00e4. Kiitos, Jyv\u00e4skyl\u00e4n yliopisto! Mutta taaskaan ei pid\u00e4 unohtaa, ett\u00e4 kaikki se ty\u00f6, josta t\u00e4m\u00e4 kunnianosoitus annetaan, on tehty vuosien varrella yhdess\u00e4 hienojen ty\u00f6tovereiden, ensin itse\u00e4ni vanhempien ja sitten nuorempien kanssa. Iloitaan t\u00e4st\u00e4 siis yhdess\u00e4!<\/div>\r\n<div dir=\"auto\"><\/div>\r\n<\/div>\r\n<div class=\"x11i5rnm xat24cr x1mh8g0r x1vvkbs xtlvy1s x126k92a\">\r\n<div dir=\"auto\">Yliopiston tiedekunnat promovoivat kunniatohtoriksi henkil\u00f6it\u00e4, jotka ovat ansioituneet ty\u00f6el\u00e4m\u00e4ss\u00e4, yhteiskunnallisissa tai tieteellisiss\u00e4 teht\u00e4viss\u00e4.<\/div>\r\n<div dir=\"auto\"><\/div>\r\n<\/div>\r\n<div class=\"x11i5rnm xat24cr x1mh8g0r x1vvkbs xtlvy1s x126k92a\">\r\n<div dir=\"auto\">L\u00e4mpim\u00e4t onnittelut Gerontologian tutkimuskeskukselta Marja!<\/div>\r\n<\/div>\r\n<div dir=\"auto\"><\/div>","_fi_post_name":"marja-jylha-jyvaskylan-yliopiston-kunniatohtoriksi-kevaalla-2023","_fi_post_excerpt":"","_fi_post_title":"Marja Jylh\u00e4 Jyv\u00e4skyl\u00e4n yliopiston kunniatohtoriksi kev\u00e4\u00e4ll\u00e4 2023","_en_post_content":"","_en_post_name":"","_en_post_excerpt":"","_en_post_title":"","edit_language":"en","footnotes":""},"categories":[130],"tags":[],"class_list":["post-8678","post","type-post","status-publish","format-standard","hentry","category-tiedeuutiset","entry","no-media"],"_links":{"self":[{"href":"https:\/\/www.gerec.fi\/en\/wp-json\/wp\/v2\/posts\/8678","targetHints":{"allow":["GET"]}}],"collection":[{"href":"https:\/\/www.gerec.fi\/en\/wp-json\/wp\/v2\/posts"}],"about":[{"href":"https:\/\/www.gerec.fi\/en\/wp-json\/wp\/v2\/types\/post"}],"author":[{"embeddable":true,"href":"https:\/\/www.gerec.fi\/en\/wp-json\/wp\/v2\/users\/9"}],"replies":[{"embeddable":true,"href":"https:\/\/www.gerec.fi\/en\/wp-json\/wp\/v2\/comments?post=8678"}],"version-history":[{"count":1,"href":"https:\/\/www.gerec.fi\/en\/wp-json\/wp\/v2\/posts\/8678\/revisions"}],"predecessor-version":[{"id":8680,"href":"https:\/\/www.gerec.fi\/en\/wp-json\/wp\/v2\/posts\/8678\/revisions\/8680"}],"wp:attachment":[{"href":"https:\/\/www.gerec.fi\/en\/wp-json\/wp\/v2\/media?parent=8678"}],"wp:term":[{"taxonomy":"category","embeddable":true,"href":"https:\/\/www.gerec.fi\/en\/wp-json\/wp\/v2\/categories?post=8678"},{"taxonomy":"post_tag","embeddable":true,"href":"https:\/\/www.gerec.fi\/en\/wp-json\/wp\/v2\/tags?post=8678"}],"curies":[{"name":"wp","href":"https:\/\/api.w.org\/{rel}","templated":true}]}}