{"id":8669,"date":"2022-10-06T09:59:42","date_gmt":"2022-10-06T06:59:42","guid":{"rendered":"https:\/\/www.gerec.fi\/?p=8669"},"modified":"2022-10-06T09:59:42","modified_gmt":"2022-10-06T06:59:42","slug":"","status":"publish","type":"post","link":"https:\/\/www.gerec.fi\/en\/gerec-onnittelee-uusia-apulaisprofessoreita-riku-nikanderia-merja-rantakokkoa-seka-elina-sillanpaata\/","title":{"rendered":"","raw":""},"content":{"rendered":"","protected":false,"raw":""},"excerpt":{"rendered":"Gerontologian tutkimuskeskus GEREC onnittelee l\u00e4mpim\u00e4sti kolmea uutta apulaisprofessoria: Riku Nikanderia, Merja Rantakokkoa sek\u00e4 Elina Sillanp\u00e4\u00e4t\u00e4! Riku Nikander aloitti elokuun alussa kliinisen fysioterapian apulaisprofessorina. Merja Rantakokko aloitti syyskuun alussa gerontologisen kuntoutuksen apulaisprofessorina ja Elina Sillanp\u00e4\u00e4 lokakuun alussa terveyden edist\u00e4misen apulaisprofessorina. Viisivuotisen&hellip;","protected":false,"raw":""},"author":9,"featured_media":8670,"comment_status":"closed","ping_status":"closed","sticky":false,"template":"","format":"standard","meta":{"_mi_skip_tracking":false,"_fi_post_content":"Gerontologian tutkimuskeskus GEREC onnittelee l\u00e4mpim\u00e4sti kolmea uutta apulaisprofessoria: Riku Nikanderia, Merja Rantakokkoa sek\u00e4 Elina Sillanp\u00e4\u00e4t\u00e4!\r\n\r\nRiku Nikander aloitti elokuun alussa kliinisen fysioterapian apulaisprofessorina. Merja Rantakokko aloitti syyskuun alussa gerontologisen kuntoutuksen apulaisprofessorina ja Elina Sillanp\u00e4\u00e4 lokakuun alussa terveyden edist\u00e4misen apulaisprofessorina. Viisivuotisen apulaisprofessuurin aikana on tarkoitus p\u00e4tev\u00f6ity\u00e4 professorin teht\u00e4v\u00e4\u00e4n Jyv\u00e4skyl\u00e4n yliopiston tenure track -vakinaistamispolun mukaisesti. Apulaisprofessuurit ovat Jyv\u00e4skyl\u00e4n yliopiston ja Keski-Suomen sairaanhoitopiirin yhteisi\u00e4.\r\n\r\nOlemme iloisia ja ylpeit\u00e4 ty\u00f6tovereidemme saavutuksista ja uusista teht\u00e4vist\u00e4!\r\n\r\nKuvassa vasemmalta oikealle: Riku Nikander, Merja Rantakokko ja Elina Sillanp\u00e4\u00e4.","_fi_post_name":"gerec-onnittelee-uusia-apulaisprofessoreita-riku-nikanderia-merja-rantakokkoa-seka-elina-sillanpaata","_fi_post_excerpt":"","_fi_post_title":"GEREC onnittelee uusia apulaisprofessoreita Riku Nikanderia, Merja Rantakokkoa sek\u00e4 Elina Sillanp\u00e4\u00e4t\u00e4!","_en_post_content":"","_en_post_name":"","_en_post_excerpt":"","_en_post_title":"","edit_language":"en","footnotes":""},"categories":[130],"tags":[],"class_list":["post-8669","post","type-post","status-publish","format-standard","has-post-thumbnail","hentry","category-tiedeuutiset","entry","has-media"],"_links":{"self":[{"href":"https:\/\/www.gerec.fi\/en\/wp-json\/wp\/v2\/posts\/8669","targetHints":{"allow":["GET"]}}],"collection":[{"href":"https:\/\/www.gerec.fi\/en\/wp-json\/wp\/v2\/posts"}],"about":[{"href":"https:\/\/www.gerec.fi\/en\/wp-json\/wp\/v2\/types\/post"}],"author":[{"embeddable":true,"href":"https:\/\/www.gerec.fi\/en\/wp-json\/wp\/v2\/users\/9"}],"replies":[{"embeddable":true,"href":"https:\/\/www.gerec.fi\/en\/wp-json\/wp\/v2\/comments?post=8669"}],"version-history":[{"count":1,"href":"https:\/\/www.gerec.fi\/en\/wp-json\/wp\/v2\/posts\/8669\/revisions"}],"predecessor-version":[{"id":8671,"href":"https:\/\/www.gerec.fi\/en\/wp-json\/wp\/v2\/posts\/8669\/revisions\/8671"}],"wp:featuredmedia":[{"embeddable":true,"href":"https:\/\/www.gerec.fi\/en\/wp-json\/wp\/v2\/media\/8670"}],"wp:attachment":[{"href":"https:\/\/www.gerec.fi\/en\/wp-json\/wp\/v2\/media?parent=8669"}],"wp:term":[{"taxonomy":"category","embeddable":true,"href":"https:\/\/www.gerec.fi\/en\/wp-json\/wp\/v2\/categories?post=8669"},{"taxonomy":"post_tag","embeddable":true,"href":"https:\/\/www.gerec.fi\/en\/wp-json\/wp\/v2\/tags?post=8669"}],"curies":[{"name":"wp","href":"https:\/\/api.w.org\/{rel}","templated":true}]}}