{"id":8641,"date":"2022-09-26T13:22:15","date_gmt":"2022-09-26T10:22:15","guid":{"rendered":"https:\/\/www.gerec.fi\/?p=8641"},"modified":"2022-09-27T09:37:15","modified_gmt":"2022-09-27T06:37:15","slug":"","status":"publish","type":"post","link":"https:\/\/www.gerec.fi\/en\/tutkijoiden-yo-jyvaskylan-yliopistossa-pe-30-9-2022\/","title":{"rendered":"","raw":""},"content":{"rendered":"","protected":false,"raw":""},"excerpt":{"rendered":"Kiehtova ik\u00e4\u00e4ntymistutkimus: sanoista suorituksiin ja s\u00e4veliin Tervetuloa Tutkijoiden y\u00f6h\u00f6n pe 30.9. klo 17-19 kuulemaan kiehtovasta ik\u00e4\u00e4ntymisen tutkimuksesta! Gerontologian tutkimuskeskuksen tutkijat Katja Kokko, Kaisa Koivunen ja Inna Lisko pohtivat ik\u00e4\u00e4ntyvien ihmisten psyykkist\u00e4 ja fyysist\u00e4 toimintakyky\u00e4 ja siin\u00e4 eri ik\u00e4kohorttien v\u00e4lill\u00e4 havaittavia&hellip;","protected":false,"raw":""},"author":3,"featured_media":0,"comment_status":"closed","ping_status":"closed","sticky":false,"template":"","format":"standard","meta":{"_mi_skip_tracking":false,"_fi_post_content":"<h3><strong>Kiehtova ik\u00e4\u00e4ntymistutkimus: sanoista suorituksiin ja s\u00e4veliin<\/strong><\/h3>\r\nTervetuloa Tutkijoiden y\u00f6h\u00f6n pe 30.9. klo 17-19 kuulemaan kiehtovasta ik\u00e4\u00e4ntymisen tutkimuksesta!\r\n\r\nGerontologian tutkimuskeskuksen tutkijat Katja Kokko, Kaisa Koivunen ja Inna Lisko pohtivat ik\u00e4\u00e4ntyvien ihmisten psyykkist\u00e4 ja fyysist\u00e4 toimintakyky\u00e4 ja siin\u00e4 eri ik\u00e4kohorttien v\u00e4lill\u00e4 havaittavia eroja. Keskustelua k\u00e4yd\u00e4\u00e4n my\u00f6s aivoterveyden ennaltaehk\u00e4isyst\u00e4.\r\n\r\nTutkijoiden esitysten j\u00e4lkeen on mahdollisuus testata omaa lihasvoimaa ja kognitiivisia taitoja. Tilaisuus huipentuu Inna Liskon muistisairausteemaan liittyv\u00e4n musiikkikappaleen ensiesitykseen.\r\n\r\nAlustukset ovat klo 17.00-18.00 ja toimintakyvyn mittauksia tehd\u00e4\u00e4n klo 18.00-19.00. Paikkana on Jyv\u00e4skyl\u00e4n yliopiston Liikunta-rakennuksen (L) sali L304 (Keskussairaalantie 4, 40600 Jyv\u00e4skyl\u00e4).\r\n\r\n&nbsp;\r\n\r\nAlustuksia on mahdollisuus seurata my\u00f6s verkkol\u00e4hetyksen\u00e4: <a href=\"https:\/\/m3.jyu.fi\/jyumv\/ohjelmat\/sport\/muut\/kiehtova-ikaantymistutkimus-sanoista-suorituksiin-ja-saveliin\/suora\" target=\"_blank\" rel=\"noopener\">https:\/\/m3.jyu.fi\/jyumv\/ohjelmat\/sport\/muut\/kiehtova-ikaantymistutkimus-sanoista-suorituksiin-ja-saveliin\/suora<\/a>.\r\n\r\nKoko Jyv\u00e4skyl\u00e4n yliopiston Tutkijoiden y\u00f6n ohjelma: <a href=\"https:\/\/www.jyu.fi\/fi\/akateemiset-tapahtumat\/tutkijoiden-yo\" target=\"_blank\" rel=\"noopener\">https:\/\/www.jyu.fi\/fi\/akateemiset-tapahtumat\/tutkijoiden-yo<\/a>\r\n\r\nTutkijoiden y\u00f6 j\u00e4rjestet\u00e4\u00e4n yht\u00e4 aikaa Valon kaupunki -tapahtuman kanssa. Valotaideteokset sijoittuvat osittain Tutkijoiden y\u00f6n tapahtumien l\u00e4helle, joten voit k\u00e4tev\u00e4sti ihastella valotaidetta ja lumoutua tieteest\u00e4 saman illan aikana! Valon kaupunki j\u00e4rjestet\u00e4\u00e4n t\u00e4n\u00e4 vuonna 29.9.-8.10.!\r\n\r\n&nbsp;\r\n\r\nhttps:\/\/www.youtube.com\/watch?v=Qw-2WGy13bE","_fi_post_name":"tutkijoiden-yo-jyvaskylan-yliopistossa-pe-30-9-2022","_fi_post_excerpt":"","_fi_post_title":"Tutkijoiden y\u00f6 Jyv\u00e4skyl\u00e4n yliopistossa pe 30.9.2022","_en_post_content":"","_en_post_name":"","_en_post_excerpt":"","_en_post_title":"","edit_language":"en","footnotes":""},"categories":[131],"tags":[478,209,217],"class_list":["post-8641","post","type-post","status-publish","format-standard","hentry","category-tapahtumat","tag-aivoterveys","tag-toimintakyky","tag-tutkijoiden-yo","entry","no-media"],"_links":{"self":[{"href":"https:\/\/www.gerec.fi\/en\/wp-json\/wp\/v2\/posts\/8641","targetHints":{"allow":["GET"]}}],"collection":[{"href":"https:\/\/www.gerec.fi\/en\/wp-json\/wp\/v2\/posts"}],"about":[{"href":"https:\/\/www.gerec.fi\/en\/wp-json\/wp\/v2\/types\/post"}],"author":[{"embeddable":true,"href":"https:\/\/www.gerec.fi\/en\/wp-json\/wp\/v2\/users\/3"}],"replies":[{"embeddable":true,"href":"https:\/\/www.gerec.fi\/en\/wp-json\/wp\/v2\/comments?post=8641"}],"version-history":[{"count":6,"href":"https:\/\/www.gerec.fi\/en\/wp-json\/wp\/v2\/posts\/8641\/revisions"}],"predecessor-version":[{"id":8647,"href":"https:\/\/www.gerec.fi\/en\/wp-json\/wp\/v2\/posts\/8641\/revisions\/8647"}],"wp:attachment":[{"href":"https:\/\/www.gerec.fi\/en\/wp-json\/wp\/v2\/media?parent=8641"}],"wp:term":[{"taxonomy":"category","embeddable":true,"href":"https:\/\/www.gerec.fi\/en\/wp-json\/wp\/v2\/categories?post=8641"},{"taxonomy":"post_tag","embeddable":true,"href":"https:\/\/www.gerec.fi\/en\/wp-json\/wp\/v2\/tags?post=8641"}],"curies":[{"name":"wp","href":"https:\/\/api.w.org\/{rel}","templated":true}]}}