{"id":8604,"date":"2022-06-20T15:26:33","date_gmt":"2022-06-20T12:26:33","guid":{"rendered":"https:\/\/www.gerec.fi\/?p=8604"},"modified":"2022-06-20T15:26:33","modified_gmt":"2022-06-20T12:26:33","slug":"","status":"publish","type":"post","link":"https:\/\/www.gerec.fi\/en\/uusi-tutkimus-tarkastelee-aktiivista-ikaantymista-neljannessa-iassa\/","title":{"rendered":"","raw":""},"content":{"rendered":"","protected":false,"raw":""},"excerpt":{"rendered":"Hilla Kiurun ja Heli Valokiven tuoreessa tutkimuksessa tarkasteltiin aktiivista ik\u00e4\u00e4ntymist\u00e4 nelj\u00e4nness\u00e4 i\u00e4ss\u00e4. Aktiivista ik\u00e4\u00e4ntymist\u00e4 tarkasteltiin Honkasalon pienen toimijuuden (2013) ja prekaariuden k\u00e4sitteiden kautta. Nelj\u00e4nness\u00e4 i\u00e4ss\u00e4 apua tarvitaan yh\u00e4 enemm\u00e4n ja joistakin toimista joudutaan luopumaan. Tutkimuksen mukaan aktiivisuutta toteutettiin joissakin asioissa&hellip;","protected":false,"raw":""},"author":9,"featured_media":8605,"comment_status":"closed","ping_status":"closed","sticky":false,"template":"","format":"standard","meta":{"_mi_skip_tracking":false,"_fi_post_content":"<strong>Hilla Kiurun ja Heli Valokiven tuoreessa tutkimuksessa tarkasteltiin aktiivista ik\u00e4\u00e4ntymist\u00e4 nelj\u00e4nness\u00e4 i\u00e4ss\u00e4. Aktiivista ik\u00e4\u00e4ntymist\u00e4 tarkasteltiin Honkasalon pienen toimijuuden (2013) ja prekaariuden k\u00e4sitteiden kautta. Nelj\u00e4nness\u00e4 i\u00e4ss\u00e4 apua tarvitaan yh\u00e4 enemm\u00e4n ja joistakin toimista joudutaan luopumaan. Tutkimuksen mukaan aktiivisuutta toteutettiin joissakin asioissa itsen\u00e4isesti, toisissa muiden ihmisten ja palveluiden avulla. Toisaalta ottaen huomioon ik\u00e4\u00e4ntyneen v\u00e4est\u00f6n moninaisuuden, voidaan kysy\u00e4, tarvitaanko aktiivisen ik\u00e4\u00e4ntymisen kaltaisia yhtenev\u00e4isi\u00e4 poliittisia diskursseja.<\/strong>\r\n\r\nTutkimuksen taustana on pohdinta siit\u00e4, miten aktiivinen ik\u00e4\u00e4ntyminen yhdistet\u00e4\u00e4n usein kolmanteen ik\u00e4\u00e4n. Kiurun ja Valokiven tutkimuksessa haluttiin tarkastella sit\u00e4, miten aktiivisuus n\u00e4kyy nelj\u00e4nness\u00e4 i\u00e4ss\u00e4, eli el\u00e4m\u00e4n vaiheessa, jossa ihminen on enenev\u00e4ss\u00e4 m\u00e4\u00e4rin muiden tarpeesta riippuvainen. Aktiivisen ik\u00e4\u00e4ntymisen keskustelun tarkastelu on t\u00e4rke\u00e4\u00e4 sen dominoivan aseman vuoksi. Keskittyminen nelj\u00e4nteen ik\u00e4\u00e4n taas on t\u00e4rke\u00e4\u00e4 nelj\u00e4nnen i\u00e4n suhteessa kolmanteen ik\u00e4\u00e4n lis\u00e4teoretisoinnin tarpeen vuoksi. Kolmanteen ik\u00e4\u00e4n on liitetty aktiivisuus, kuluttaminen, ja jopa ik\u00e4\u00e4ntymisen poissulkeminen, samalla kun nelj\u00e4s ik\u00e4 on pel\u00e4tty el\u00e4m\u00e4nvaihe.\r\n\r\nKiuru ja Valokivi tarkastelivat ik\u00e4\u00e4ntyneiden haastatteluaineistoa aktiivisen ik\u00e4\u00e4ntymisen indeksin (Active Ageing Index, AAI) avulla. Aktiivisen ik\u00e4\u00e4ntymisen indeksi on k\u00e4yt\u00f6ss\u00e4 erityisesti Euroopassa, ja sill\u00e4 mitataan aktiivisen ik\u00e4\u00e4ntymisen toteutumista. Tutkimuksessa k\u00e4ytettiin AAI:n indikaattoreita sis\u00e4ll\u00f6nanalyysia ohjaavina k\u00e4sittein\u00e4. Haastatteluaineisto (n=16) ker\u00e4ttiin Toimiva kotihoito Lappiin- hankkeen yhteydess\u00e4. Haastatelluista 11 oli naisia ja 5 miehi\u00e4. Haastateltujen keski-ik\u00e4 oli 85 vuotta.\r\n\r\n<strong>Aktiivisuus on t\u00e4rke\u00e4\u00e4 nelj\u00e4nness\u00e4 i\u00e4ss\u00e4<\/strong>\r\n\r\nTutkimuksessa havaittiin, ett\u00e4 haastateltavat tekev\u00e4t monia asioita itsen\u00e4isesti, toisia taas muunnellusti tai toisten ihmisten avulla. My\u00f6s kotona asuminen oli t\u00e4rke\u00e4\u00e4 vastaajille. Tutkijat huomasivat, ett\u00e4 aktiivisen ik\u00e4\u00e4ntymisen indeksi ei kata esimerkiksi harrastuksia. Haastateltavien aktiivisuutta tarkasteltiin Honkasalon pienen toimijuuden kautta (2013). Haastateltavien aktiivisuus oli t\u00e4rke\u00e4\u00e4 heille itselleen, vaikka se ei ollutkaan en\u00e4\u00e4 tuottavaa kolmannen i\u00e4n aktiivisuutta, kuten vapaaehtoisty\u00f6t\u00e4 tai ty\u00f6uran jatkamista. Riippuvaisuus palveluista johti my\u00f6s prekaariuuteen \u2013 haastateltavat eiv\u00e4t aina olleet tyytyv\u00e4isi\u00e4 palveluihin, niiden m\u00e4\u00e4r\u00e4\u00e4n tai hintaan.\r\n\r\nTutkimus tuo uutta tietoa aktiivisen ik\u00e4\u00e4ntymisen diskurssista ja auttaa pohtimaan sen relevanssia ik\u00e4\u00e4ntyneen v\u00e4est\u00f6n moninaistuessa. Tutkimuksen tulokset haastavat dikotomisen jaon aktiivisen kolmannen ja hauraan nelj\u00e4nnen i\u00e4n v\u00e4lill\u00e4 sek\u00e4 kannustavat ik\u00e4\u00e4ntyneit\u00e4, l\u00e4heisi\u00e4, ammattilaisia ja poliitikkoja n\u00e4kem\u00e4\u00e4n ja huomioimaan nelj\u00e4nnen i\u00e4n aktiivisuutta.\r\n\r\n<strong>Lue lis\u00e4\u00e4<\/strong>:\r\n\r\nKiuru, H. &amp; Valokivi, H. (2022). \u201cI do those things to pass the time.\u201d: Active ageing during fourth age.\u00a0<em>Journal of aging studies, 61<\/em>, 101037. <a href=\"https:\/\/doi.org\/10.1016\/j.jaging.2022.101037\">https:\/\/doi.org\/10.1016\/j.jaging.2022.101037<\/a>\r\n\r\n&nbsp;\r\n\r\nPieni toimijuus (Honkasalo 2013)\r\n\r\nHonkasalo, M.-L. (2013). Katveessa : pieni toimijuus kriittisen\u00e4 avauksena toiminnan teoriaan. <em>Tiede &amp; Edistys<\/em>, <em>38<\/em>(1), 42\u201361. <a href=\"https:\/\/doi.org\/10.51809\/te.105092\">https:\/\/doi.org\/10.51809\/te.105092<\/a>\r\n\r\n&nbsp;\r\n\r\nLis\u00e4tietoja:\r\n\r\nHilla Kiuru\r\n\r\nv\u00e4it\u00f6skirjatutkija, Jyv\u00e4skyl\u00e4n yliopisto\r\n\r\n<a href=\"mailto:hilla.v.kiuru@jyu.fi\">hilla.v.kiuru@jyu.fi<\/a>","_fi_post_name":"uusi-tutkimus-tarkastelee-aktiivista-ikaantymista-neljannessa-iassa","_fi_post_excerpt":"","_fi_post_title":"Uusi tutkimus tarkastelee aktiivista ik\u00e4\u00e4ntymist\u00e4 nelj\u00e4nness\u00e4 i\u00e4ss\u00e4","_en_post_content":"","_en_post_name":"","_en_post_excerpt":"","_en_post_title":"","edit_language":"en","footnotes":""},"categories":[130],"tags":[476,474,475,477],"class_list":["post-8604","post","type-post","status-publish","format-standard","has-post-thumbnail","hentry","category-tiedeuutiset","tag-active-ageing-index","tag-aktiivinen-ikaantyminen","tag-neljas-ika","tag-pienitoimijuus","entry","has-media"],"_links":{"self":[{"href":"https:\/\/www.gerec.fi\/en\/wp-json\/wp\/v2\/posts\/8604","targetHints":{"allow":["GET"]}}],"collection":[{"href":"https:\/\/www.gerec.fi\/en\/wp-json\/wp\/v2\/posts"}],"about":[{"href":"https:\/\/www.gerec.fi\/en\/wp-json\/wp\/v2\/types\/post"}],"author":[{"embeddable":true,"href":"https:\/\/www.gerec.fi\/en\/wp-json\/wp\/v2\/users\/9"}],"replies":[{"embeddable":true,"href":"https:\/\/www.gerec.fi\/en\/wp-json\/wp\/v2\/comments?post=8604"}],"version-history":[{"count":3,"href":"https:\/\/www.gerec.fi\/en\/wp-json\/wp\/v2\/posts\/8604\/revisions"}],"predecessor-version":[{"id":8608,"href":"https:\/\/www.gerec.fi\/en\/wp-json\/wp\/v2\/posts\/8604\/revisions\/8608"}],"wp:featuredmedia":[{"embeddable":true,"href":"https:\/\/www.gerec.fi\/en\/wp-json\/wp\/v2\/media\/8605"}],"wp:attachment":[{"href":"https:\/\/www.gerec.fi\/en\/wp-json\/wp\/v2\/media?parent=8604"}],"wp:term":[{"taxonomy":"category","embeddable":true,"href":"https:\/\/www.gerec.fi\/en\/wp-json\/wp\/v2\/categories?post=8604"},{"taxonomy":"post_tag","embeddable":true,"href":"https:\/\/www.gerec.fi\/en\/wp-json\/wp\/v2\/tags?post=8604"}],"curies":[{"name":"wp","href":"https:\/\/api.w.org\/{rel}","templated":true}]}}