{"id":8579,"date":"2022-05-13T11:30:33","date_gmt":"2022-05-13T08:30:33","guid":{"rendered":"https:\/\/www.gerec.fi\/?p=8579"},"modified":"2022-05-13T11:30:33","modified_gmt":"2022-05-13T08:30:33","slug":"","status":"publish","type":"post","link":"https:\/\/www.gerec.fi\/en\/vaitoskirjatutkija-saila-kyronlahdelle-29-250-euron-suuruinen-apuraha-emil-aaltosen-saatiolta\/","title":{"rendered":"","raw":""},"content":{"rendered":"","protected":false,"raw":""},"excerpt":{"rendered":"Emil Aaltosen s\u00e4\u00e4ti\u00f6 on my\u00f6nt\u00e4nyt v\u00e4it\u00f6skirjatutkija Saila Kyr\u00f6nlahdelle 29 250 euron suuruisen apurahan tutkimukseen \u2019Vanhuuden fyysist\u00e4 toimintakyky\u00e4 ennakoivat tekij\u00e4t ja niiden kehityspolut ty\u00f6i\u00e4ss\u00e4\u2019. L\u00e4mpim\u00e4t onnittelut Saila! https:\/\/emilaaltonen.fi\/jaetut-apurahat-2022\/","protected":false,"raw":""},"author":9,"featured_media":0,"comment_status":"closed","ping_status":"closed","sticky":false,"template":"","format":"standard","meta":{"_mi_skip_tracking":false,"_fi_post_content":"<div class=\"\" dir=\"auto\">\r\n<div id=\"jsc_c_ak\" class=\"ecm0bbzt hv4rvrfc ihqw7lf3 dati1w0a\" data-ad-comet-preview=\"message\" data-ad-preview=\"message\">\r\n<div class=\"j83agx80 cbu4d94t ew0dbk1b irj2b8pg\">\r\n<div class=\"qzhwtbm6 knvmm38d\">\r\n<div class=\"kvgmc6g5 cxmmr5t8 oygrvhab hcukyx3x c1et5uql ii04i59q\">\r\n<div dir=\"auto\">Emil Aaltosen s\u00e4\u00e4ti\u00f6 on my\u00f6nt\u00e4nyt v\u00e4it\u00f6skirjatutkija Saila Kyr\u00f6nlahdelle 29 250 euron suuruisen apurahan tutkimukseen \u2019Vanhuuden fyysist\u00e4 toimintakyky\u00e4 ennakoivat tekij\u00e4t ja niiden kehityspolut ty\u00f6i\u00e4ss\u00e4\u2019.<\/div>\r\n<div dir=\"auto\"><\/div>\r\n<div dir=\"auto\">L\u00e4mpim\u00e4t onnittelut Saila!<\/div>\r\n<div dir=\"auto\"><\/div>\r\n<div dir=\"auto\"><a class=\"oajrlxb2 g5ia77u1 qu0x051f esr5mh6w e9989ue4 r7d6kgcz rq0escxv nhd2j8a9 nc684nl6 p7hjln8o kvgmc6g5 cxmmr5t8 oygrvhab hcukyx3x jb3vyjys rz4wbd8a qt6c0cv9 a8nywdso i1ao9s8h esuyzwwr f1sip0of lzcic4wl gpro0wi8 py34i1dx\" tabindex=\"0\" role=\"link\" href=\"https:\/\/emilaaltonen.fi\/jaetut-apurahat-2022\/?fbclid=IwAR1mDJaCIntYyG_tYwXOkkBUB3Rh6JqRbOYE1IUJEH_mN8LgB8eCY7VHKp8\" target=\"_blank\" rel=\"nofollow noopener\">https:\/\/emilaaltonen.fi\/jaetut-apurahat-2022\/<\/a><\/div>\r\n<\/div>\r\n<\/div>\r\n<\/div>\r\n<\/div>\r\n<\/div>","_fi_post_name":"vaitoskirjatutkija-saila-kyronlahdelle-29-250-euron-suuruinen-apuraha-emil-aaltosen-saatiolta","_fi_post_excerpt":"","_fi_post_title":"V\u00e4it\u00f6skirjatutkija Saila Kyr\u00f6nlahdelle 29 250 euron suuruinen apuraha Emil Aaltosen s\u00e4\u00e4ti\u00f6lt\u00e4","_en_post_content":"","_en_post_name":"","_en_post_excerpt":"","_en_post_title":"","edit_language":"en","footnotes":""},"categories":[130],"tags":[],"class_list":["post-8579","post","type-post","status-publish","format-standard","hentry","category-tiedeuutiset","entry","no-media"],"_links":{"self":[{"href":"https:\/\/www.gerec.fi\/en\/wp-json\/wp\/v2\/posts\/8579","targetHints":{"allow":["GET"]}}],"collection":[{"href":"https:\/\/www.gerec.fi\/en\/wp-json\/wp\/v2\/posts"}],"about":[{"href":"https:\/\/www.gerec.fi\/en\/wp-json\/wp\/v2\/types\/post"}],"author":[{"embeddable":true,"href":"https:\/\/www.gerec.fi\/en\/wp-json\/wp\/v2\/users\/9"}],"replies":[{"embeddable":true,"href":"https:\/\/www.gerec.fi\/en\/wp-json\/wp\/v2\/comments?post=8579"}],"version-history":[{"count":1,"href":"https:\/\/www.gerec.fi\/en\/wp-json\/wp\/v2\/posts\/8579\/revisions"}],"predecessor-version":[{"id":8580,"href":"https:\/\/www.gerec.fi\/en\/wp-json\/wp\/v2\/posts\/8579\/revisions\/8580"}],"wp:attachment":[{"href":"https:\/\/www.gerec.fi\/en\/wp-json\/wp\/v2\/media?parent=8579"}],"wp:term":[{"taxonomy":"category","embeddable":true,"href":"https:\/\/www.gerec.fi\/en\/wp-json\/wp\/v2\/categories?post=8579"},{"taxonomy":"post_tag","embeddable":true,"href":"https:\/\/www.gerec.fi\/en\/wp-json\/wp\/v2\/tags?post=8579"}],"curies":[{"name":"wp","href":"https:\/\/api.w.org\/{rel}","templated":true}]}}