{"id":8556,"date":"2022-04-21T14:24:30","date_gmt":"2022-04-21T11:24:30","guid":{"rendered":"https:\/\/www.gerec.fi\/?p=8556"},"modified":"2022-04-21T14:24:30","modified_gmt":"2022-04-21T11:24:30","slug":"","status":"publish","type":"post","link":"https:\/\/www.gerec.fi\/en\/lasten-kayttaytymisen-erot-heijastuvat-keski-ian-terveyskayttaytymiseen\/","title":{"rendered":"","raw":""},"content":{"rendered":"","protected":false,"raw":""},"excerpt":{"rendered":"Jyv\u00e4skyl\u00e4n yliopiston liikuntatieteellisen tiedekunnan ja Gerontologian tutkimuskeskuksen tuoreessa tutkimusjulkaisussa tarkasteltiin lapsuuden sosioemotionaalisen k\u00e4ytt\u00e4ytymisen ja keski-i\u00e4n terveysk\u00e4ytt\u00e4ytymisen v\u00e4lisi\u00e4 polkuja. Tulosten mukaan 8-vuotiaiden lasten k\u00e4ytt\u00e4ytyminen ennusti sek\u00e4 itsess\u00e4\u00e4n ett\u00e4 koulutuksen kautta vuosikymmeni\u00e4 my\u00f6hemmin arvioitua terveysk\u00e4ytt\u00e4ytymist\u00e4. Terveysk\u00e4ytt\u00e4ytymisen taustalla on monenlaisia tekij\u00f6it\u00e4, joista yksi&hellip;","protected":false,"raw":""},"author":9,"featured_media":8557,"comment_status":"closed","ping_status":"closed","sticky":false,"template":"","format":"standard","meta":{"_mi_skip_tracking":false,"_fi_post_content":"<strong>Jyv\u00e4skyl\u00e4n yliopiston liikuntatieteellisen tiedekunnan ja Gerontologian tutkimuskeskuksen tuoreessa tutkimusjulkaisussa tarkasteltiin lapsuuden sosioemotionaalisen k\u00e4ytt\u00e4ytymisen ja keski-i\u00e4n terveysk\u00e4ytt\u00e4ytymisen v\u00e4lisi\u00e4 polkuja. Tulosten mukaan 8-vuotiaiden lasten k\u00e4ytt\u00e4ytyminen ennusti sek\u00e4 itsess\u00e4\u00e4n ett\u00e4 koulutuksen kautta vuosikymmeni\u00e4 my\u00f6hemmin arvioitua terveysk\u00e4ytt\u00e4ytymist\u00e4.<\/strong>\r\n\r\nTerveysk\u00e4ytt\u00e4ytymisen taustalla on monenlaisia tekij\u00f6it\u00e4, joista yksi on persoonallisuus. Yksil\u00f6iden v\u00e4liset erot k\u00e4ytt\u00e4ytymisess\u00e4 ja reagointityyliss\u00e4 n\u00e4kyv\u00e4t jo pienill\u00e4 lapsilla. Tuoreessa julkaisussa tutkittiin lasten sosioemotionaalisen k\u00e4ytt\u00e4ytymisen merkityst\u00e4 jopa 42 vuotta my\u00f6hemmin arvioituun fyysiseen aktiivisuuteen, tupakointiin, alkoholink\u00e4ytt\u00f6\u00f6n ja painoindeksiin.\r\n\r\nTytt\u00f6jen vahva itsehallinta eli taipumus k\u00e4ytt\u00e4yty\u00e4 yst\u00e4v\u00e4llisesti ja rakentavasti ristiriitatilanteissakin ennusti runsaampaa fyysist\u00e4 aktiivisuutta keski-i\u00e4ss\u00e4. Sosiaalinen aktiivisuus, joka n\u00e4kyi esimerkiksi innokkuutena touhuilla toisten lasten kanssa, ennusti tyt\u00f6ill\u00e4 runsaampaa alkoholink\u00e4ytt\u00f6\u00e4 ja pojilla tupakointia.\r\n\r\n\u2013 Vahva itsehallinta voi n\u00e4ky\u00e4 aikuisuudessa hyv\u00e4n\u00e4 itsekurina ja kykyn\u00e4 pit\u00e4yty\u00e4 liikuntasuunnitelmissa. Sosiaalinen aktiivisuus puolestaan on voinut johtaa my\u00f6hemmin sellaisiin sosiaalisiin tilanteisiin, joissa tupakointi ja alkoholin k\u00e4ytt\u00f6 ovat olleet kuvioissa, tutkijatohtori <strong>Tiia Kek\u00e4l\u00e4inen<\/strong> liikuntatieteellisest\u00e4 tiedekunnasta ja Gerontologian tutkimuskeskuksesta toteaa.\r\n<h3><strong>Koulutuspolulla on merkityst\u00e4<\/strong><\/h3>\r\nLapsuuden sosioemotionaalisen k\u00e4ytt\u00e4ytymisen ja keski-i\u00e4n terveysk\u00e4ytt\u00e4ytymisen v\u00e4lilt\u00e4 l\u00f6ytyi my\u00f6s koulutuksen kautta selittyvi\u00e4 yhteyksi\u00e4. Tyt\u00f6ill\u00e4 sosiaalinen aktiivisuus ja sek\u00e4 tyt\u00f6ill\u00e4 ett\u00e4 pojilla vahva itsehallinta ennustivat parempaa koulutusmenestyst\u00e4 nuoruudessa ja korkeampaa koulutusta aikuisuudessa. Hyv\u00e4 koulutus liittyi puolestaan v\u00e4h\u00e4isemp\u00e4\u00e4n tupakointiin ja v\u00e4h\u00e4isemp\u00e4\u00e4n alkoholin k\u00e4ytt\u00f6\u00f6n.\r\n\r\n\u2013 Tulokset ovat linjassa aiempien, muihin aineistoihin ja t\u00e4h\u00e4n samaan pitkitt\u00e4isaineistoon perustuvien tulosten kanssa. Erityisesti vahvan itsehallinnan on havaittu my\u00f6t\u00e4vaikuttavan koulumenestykseen. Koulutus puolestaan voi edelleen tarjota terveellisten elintapojen valinnan kannalta hy\u00f6dyllisi\u00e4 tietoja ja taitoja. T\u00e4m\u00e4n julkaisun tulokset vahvistavat n\u00e4kemyst\u00e4 siit\u00e4, ett\u00e4 jo lapsuudessa n\u00e4kyv\u00e4t erot yksil\u00f6iden k\u00e4ytt\u00e4ytymisess\u00e4 heijastuvat aikuisuuteen sek\u00e4 suoraan ett\u00e4 erilaisten v\u00e4litt\u00e4vien mekanismien kautta, Kek\u00e4l\u00e4inen kertoo.\r\n\r\nTutkimus on osa <a href=\"http:\/\/www.jyu.fi\/sport\/fi\/tutkimus\/hankkeet\/laku\" data-linktype=\"external\" data-val=\"http:\/\/www.jyu.fi\/sport\/fi\/tutkimus\/hankkeet\/laku\">Lapsesta aikuiseksi -pitkitt\u00e4istutkimusta<\/a>, jossa samoja henkil\u00f6it\u00e4 on seurattu vuodesta 1968 l\u00e4htien, 8-vuotiaasta alkaen. T\u00e4ss\u00e4 tutkimuksessa k\u00e4ytettiin tietoja sosioemotionaalisesta k\u00e4ytt\u00e4ytymisest\u00e4 ja vanhempien sosioekonomisesta asemasta 8-vuotiaana, koulumenestyksest\u00e4 14-vuotiaana, koulutustaustasta 27-vuotiaana, persoonallisuuden piirteist\u00e4 33-vuotiaana ja terveysk\u00e4ytt\u00e4ytymisest\u00e4 36-, 42-, ja 50-vuotiaina. Lapsesta aikuiseksi -tutkimusta eri aineistonkeruuvaiheissa on rahoittanut Suomen Akatemia ja t\u00e4t\u00e4 uusimman julkaisun kirjoittamista opetus- ja kulttuuriministeri\u00f6 (<a href=\"http:\/\/www.jyu.fi\/sport\/fi\/tutkimus\/hankkeet\/pathway\" data-linktype=\"external\" data-val=\"http:\/\/www.jyu.fi\/sport\/fi\/tutkimus\/hankkeet\/pathway\">PATHWAY-hanke<\/a>).\r\n<h3><strong>Alkuper\u00e4isjulkaisu<\/strong><\/h3>\r\nKek\u00e4l\u00e4inen T., Karvonen J., T\u00f6rm\u00e4kangas T., Pulkkinen L. &amp; Kokko K (2022) Pathways from childhood socioemotional characteristics and cognitive skills to midlife health behaviours. Psychology &amp; Health, DOI: <a href=\"https:\/\/www.tandfonline.com\/doi\/full\/10.1080\/08870446.2022.2041639\" data-linktype=\"external\" data-val=\"https:\/\/www.tandfonline.com\/doi\/full\/10.1080\/08870446.2022.2041639\">10.1080\/08870446.2022.2041639<\/a>\r\n<h3><strong>Lis\u00e4tietoja<\/strong><\/h3>\r\nKatja Kokko, tutkimusjohtaja\r\n<a href=\"mailto:katja.r.kokko@jyu.fi\">katja.r.kokko@jyu.fi<\/a>, +358408053500\r\n\r\nTiia Kek\u00e4l\u00e4inen, tutkijatohtori\r\n<a href=\"mailto:tiia.m.kekalainen@jyu.fi\">tiia.m.kekalainen@jyu.fi<\/a>","_fi_post_name":"lasten-kayttaytymisen-erot-heijastuvat-keski-ian-terveyskayttaytymiseen","_fi_post_excerpt":"","_fi_post_title":"Lasten k\u00e4ytt\u00e4ytymisen erot heijastuvat keski-i\u00e4n terveysk\u00e4ytt\u00e4ytymiseen","_en_post_content":"","_en_post_name":"","_en_post_excerpt":"","_en_post_title":"","edit_language":"en","footnotes":""},"categories":[130],"tags":[],"class_list":["post-8556","post","type-post","status-publish","format-standard","has-post-thumbnail","hentry","category-tiedeuutiset","entry","has-media"],"_links":{"self":[{"href":"https:\/\/www.gerec.fi\/en\/wp-json\/wp\/v2\/posts\/8556","targetHints":{"allow":["GET"]}}],"collection":[{"href":"https:\/\/www.gerec.fi\/en\/wp-json\/wp\/v2\/posts"}],"about":[{"href":"https:\/\/www.gerec.fi\/en\/wp-json\/wp\/v2\/types\/post"}],"author":[{"embeddable":true,"href":"https:\/\/www.gerec.fi\/en\/wp-json\/wp\/v2\/users\/9"}],"replies":[{"embeddable":true,"href":"https:\/\/www.gerec.fi\/en\/wp-json\/wp\/v2\/comments?post=8556"}],"version-history":[{"count":1,"href":"https:\/\/www.gerec.fi\/en\/wp-json\/wp\/v2\/posts\/8556\/revisions"}],"predecessor-version":[{"id":8558,"href":"https:\/\/www.gerec.fi\/en\/wp-json\/wp\/v2\/posts\/8556\/revisions\/8558"}],"wp:featuredmedia":[{"embeddable":true,"href":"https:\/\/www.gerec.fi\/en\/wp-json\/wp\/v2\/media\/8557"}],"wp:attachment":[{"href":"https:\/\/www.gerec.fi\/en\/wp-json\/wp\/v2\/media?parent=8556"}],"wp:term":[{"taxonomy":"category","embeddable":true,"href":"https:\/\/www.gerec.fi\/en\/wp-json\/wp\/v2\/categories?post=8556"},{"taxonomy":"post_tag","embeddable":true,"href":"https:\/\/www.gerec.fi\/en\/wp-json\/wp\/v2\/tags?post=8556"}],"curies":[{"name":"wp","href":"https:\/\/api.w.org\/{rel}","templated":true}]}}