{"id":8546,"date":"2022-04-11T09:51:59","date_gmt":"2022-04-11T06:51:59","guid":{"rendered":"https:\/\/www.gerec.fi\/?p=8546"},"modified":"2022-04-11T09:51:59","modified_gmt":"2022-04-11T06:51:59","slug":"","status":"publish","type":"post","link":"https:\/\/www.gerec.fi\/en\/tutkijatohtori-linda-enroth-on-valittu-kasvun-ja-vanhenemisen-tutkijat-ryn-uudeksi-puheenjohtajaksi\/","title":{"rendered":"","raw":""},"content":{"rendered":"","protected":false,"raw":""},"excerpt":{"rendered":"Kasvun ja vanhenemisen tutkijat ry valitsi vuosikokouksessaan 6.4.2022 yhdistyksen uudeksi puheenjohtajaksi terveystieteiden tohtori Linda Enrothin. Enroth liittyi KaVaan vuonna 2012 ja on ollut aktiivisesti mukana yhdistyksen toiminnassa sek\u00e4 j\u00e4sensihteerin\u00e4 (2014-2016) ett\u00e4 hallituksen j\u00e4senen\u00e4 (2015-2022). Lis\u00e4ksi h\u00e4n on toiminut pohjoismaisen gerontologian&hellip;","protected":false,"raw":""},"author":9,"featured_media":0,"comment_status":"closed","ping_status":"closed","sticky":false,"template":"","format":"standard","meta":{"_mi_skip_tracking":false,"_fi_post_content":"Kasvun ja vanhenemisen tutkijat ry valitsi vuosikokouksessaan 6.4.2022 yhdistyksen uudeksi puheenjohtajaksi terveystieteiden tohtori Linda Enrothin. Enroth liittyi KaVaan vuonna 2012 ja on ollut aktiivisesti mukana yhdistyksen toiminnassa sek\u00e4 j\u00e4sensihteerin\u00e4 (2014-2016) ett\u00e4 hallituksen j\u00e4senen\u00e4 (2015-2022). Lis\u00e4ksi h\u00e4n on toiminut pohjoismaisen gerontologian kattoj\u00e4rjest\u00f6n (<a href=\"https:\/\/www.ngf-geronord.se\/\" target=\"_blank\" rel=\"noopener\">Nordic Gerontological Federation<\/a>) sihteerin\u00e4 vuosina 2017-2020.\r\n\r\nEnroth ty\u00f6skentelee Tampereen yliopistossa Yhteiskuntatieteiden tiedekunnassa ja on kiinnostunut pitk\u00e4ik\u00e4isyydest\u00e4, terveydest\u00e4 ja toimintakyvyst\u00e4, sosiaali- ja terveyspalvelujen k\u00e4yt\u00f6st\u00e4 ja erityisesti n\u00e4iden sosiaalisesta eriarvoisuudesta ja ajallisista muutoksista. H\u00e4n on vastuullinen tutkija monitieteisess\u00e4 <a href=\"https:\/\/www.tuni.fi\/fi\/tutkimus\/tervaskannot-90-tk-90\" target=\"_blank\" rel=\"noopener\">Tervaskannot 90+<\/a> hankkeessa ja johtaa projektia (PRODEL), jossa tarkastellaan, onko yleistynyt pitk\u00e4ik\u00e4isyys lis\u00e4nnyt toimintakykyisi\u00e4 vai toimintakyvyn rajoitteisia elinvuosia.\r\n\r\nEnroth kuuluu Gerontologian tutkimuskeskukseen (<a href=\"https:\/\/www.gerec.fi\/\" target=\"_blank\" rel=\"noopener\">GEREC<\/a>) ja Suomen Akatemian rahoittamaan Ik\u00e4\u00e4ntymisen ja hoivan tutkimuksen huippuyksikk\u00f6\u00f6n (<a href=\"https:\/\/www.jyu.fi\/hytk\/fi\/laitokset\/yfi\/en\/research\/projects\/agecare\/ikaantymisen-ja-hoivan-tutkimuksen-huippuyksikko-coe-agecare-2018-2025\" target=\"_blank\" rel=\"noopener\">CoE AgeCare<\/a>). H\u00e4nen t\u00e4rkein pohjoismainen yhteisty\u00f6verkostonsa on Social Inequalities in Aging (<a href=\"http:\/\/www.sia-project.se\/\" target=\"_blank\" rel=\"noopener\">SIA<\/a>).\r\n\r\n<strong>L\u00e4mpim\u00e4t onnittelut Linda!<\/strong>","_fi_post_name":"tutkijatohtori-linda-enroth-on-valittu-kasvun-ja-vanhenemisen-tutkijat-ryn-uudeksi-puheenjohtajaksi","_fi_post_excerpt":"","_fi_post_title":"Tutkijatohtori Linda Enroth on valittu Kasvun ja vanhenemisen tutkijat ry:n uudeksi puheenjohtajaksi","_en_post_content":"","_en_post_name":"","_en_post_excerpt":"","_en_post_title":"","edit_language":"en","footnotes":""},"categories":[130],"tags":[],"class_list":["post-8546","post","type-post","status-publish","format-standard","hentry","category-tiedeuutiset","entry","no-media"],"_links":{"self":[{"href":"https:\/\/www.gerec.fi\/en\/wp-json\/wp\/v2\/posts\/8546","targetHints":{"allow":["GET"]}}],"collection":[{"href":"https:\/\/www.gerec.fi\/en\/wp-json\/wp\/v2\/posts"}],"about":[{"href":"https:\/\/www.gerec.fi\/en\/wp-json\/wp\/v2\/types\/post"}],"author":[{"embeddable":true,"href":"https:\/\/www.gerec.fi\/en\/wp-json\/wp\/v2\/users\/9"}],"replies":[{"embeddable":true,"href":"https:\/\/www.gerec.fi\/en\/wp-json\/wp\/v2\/comments?post=8546"}],"version-history":[{"count":1,"href":"https:\/\/www.gerec.fi\/en\/wp-json\/wp\/v2\/posts\/8546\/revisions"}],"predecessor-version":[{"id":8547,"href":"https:\/\/www.gerec.fi\/en\/wp-json\/wp\/v2\/posts\/8546\/revisions\/8547"}],"wp:attachment":[{"href":"https:\/\/www.gerec.fi\/en\/wp-json\/wp\/v2\/media?parent=8546"}],"wp:term":[{"taxonomy":"category","embeddable":true,"href":"https:\/\/www.gerec.fi\/en\/wp-json\/wp\/v2\/categories?post=8546"},{"taxonomy":"post_tag","embeddable":true,"href":"https:\/\/www.gerec.fi\/en\/wp-json\/wp\/v2\/tags?post=8546"}],"curies":[{"name":"wp","href":"https:\/\/api.w.org\/{rel}","templated":true}]}}