{"id":8538,"date":"2022-03-31T13:08:52","date_gmt":"2022-03-31T10:08:52","guid":{"rendered":"https:\/\/www.gerec.fi\/?p=8538"},"modified":"2022-03-31T13:08:52","modified_gmt":"2022-03-31T10:08:52","slug":"","status":"publish","type":"post","link":"https:\/\/www.gerec.fi\/en\/welcome-to-ageing-city-seminar-on-may-16th-17th-tervetuloa-ikaystavallinen-kaupunki-seminaariin-16-17-5\/","title":{"rendered":"","raw":""},"content":{"rendered":"","protected":false,"raw":""},"excerpt":{"rendered":"Welcome to AGEING CITY seminar on May 16th-17th! Increasing life expectancy means that a long life is becoming reality for an increasing number of people. A parallel development to longevity is our increasing tendency to live, gather, and work in&hellip;","protected":false,"raw":""},"author":9,"featured_media":8539,"comment_status":"closed","ping_status":"closed","sticky":false,"template":"","format":"standard","meta":{"_mi_skip_tracking":false,"_fi_post_content":"<strong>Welcome to AGEING CITY seminar on May 16th-17th!<\/strong>\r\n\r\nIncreasing life expectancy means that a long life is becoming reality for an increasing number of people. A parallel development to longevity is our increasing tendency to live, gather, and work in urban environments. How can we create a sustainable age friendly city? Tampere university\u2019s research community STUE \u2013 Sustainable Transformation of Urban Environments invites you to discuss and develop solutions and visions.\r\n\r\nLongevity has two-fold implications for urban development. First, cities need to accommodate their structures, and housing, transport, and service systems to an increasing share of older adults that reside, work, consume, and move about in an urban environment. Second, cities need to cater for the long lives that individuals live in the urban environment, and ensure, that the structures flexibly respond to the changing needs and preferences across the life course.\r\n\r\nAGEING CITY seminar circles these topical questions. The seminar consists of two half-day long parts. The first seminar day will be held in Finnish and second in English. You are welcome to participate either the whole seminar or just one day. The seminar is free of charge. Both seminar days will be arranged F2F in G Livelab Tampere (Puutarhakatu 1, 33100 Tampere).\r\n\r\nSing up here by 5.5.2022: <a href=\"https:\/\/www.lyyti.fi\/reg\/ageingcity2022\">https:\/\/www.lyyti.fi\/reg\/ageingcity2022<\/a>\r\n\r\n&nbsp;\r\n\r\n<strong>Programme<\/strong>\r\n\r\n<strong>On Monday May 16<\/strong><strong><sup>th<\/sup><\/strong><strong>\u00a0 at<\/strong><strong> 12-16.30<\/strong> the focus is on developing visions for sustainable aging city as a joined effort of stakeholders, developers, service providers and researchers. This part of the seminar will be held in Finnish. Programme:\r\n\r\n12.00 Joined lunch\r\n13.00 Opening words, Anu Siren\r\n13.10 Inspiring talks \u00a0(in Finnish)\r\n<ul>\r\n \t<li>Ik\u00e4yst\u00e4v\u00e4llinen kaupunki: konseptista toteutukseen?\r\n<em>P\u00e4ivi Moisio, Sointu senioripalvelut, kehitt\u00e4misp\u00e4\u00e4llikk\u00f6<\/em><\/li>\r\n \t<li>Yhteiskehitt\u00e4m\u00e4ll\u00e4 parempaa kaupunkia ik\u00e4ihmisille\r\n<em>Ville Santala, <\/em><em>UrbanAge<\/em><em>\/Forum <\/em><em>Virium<\/em><em>, projektip\u00e4\u00e4llikk\u00f6<\/em><\/li>\r\n \t<li>Seniorikaupunkilaisen n\u00e4k\u00f6kulmia kaupunkikehitykseen\r\n<em>Olli-Pekka <\/em><em>Sorma<\/em><em>,\u00a0As. Oy Tampereen Frans Emil, hallituksen puheenjohtaja<\/em><\/li>\r\n<\/ul>\r\n14.15 Coffee break\r\n14.30 Workshop\r\n16.30 The end of the first seminar day\r\n\r\n<strong>\u00a0<\/strong>\r\n\r\n<strong>On Tuesday May 17<sup>th<\/sup> at 9-13.00<\/strong> we will focus on discussing and developing new research to support sustainable aging city. This half day seminar will be held in English. Programme:\r\n\r\n9.00 Morning coffee\r\n9.20 Opening words, Anu Siren\r\n9.30 Inspiring talks\r\n<ul>\r\n \t<li>Sofie Pelsmakers (architecture)<\/li>\r\n \t<li>Steve O\u2019Hern (transportation)<\/li>\r\n \t<li>Outi Jolanki (ageing and inclusion)<\/li>\r\n<\/ul>\r\n10.15 Workshop\r\n12.30 Joined lunch\r\n\r\n&nbsp;\r\n\r\n<strong>More information:<\/strong> Research Coordinator Alisa V\u00e4nttinen, <a href=\"mailto:alisa.vanttinen@tuni.fi\">alisa.vanttinen@tuni.fi<\/a>\r\n\r\n&nbsp;\r\n\r\n<strong>Suomeksi\/In <\/strong><strong>Finnish<\/strong><strong>:<\/strong>\r\n\r\n<strong>Tervetuloa Ik\u00e4yst\u00e4v\u00e4llinen kaupunki -seminaariin! <\/strong>\r\n\r\n&nbsp;\r\n\r\nMillainen on kest\u00e4v\u00e4 ja ik\u00e4yst\u00e4v\u00e4llinen kaupunki? Tampereen yliopiston tutkimusyhteis\u00f6 STUE \u2013 Sustainable Transformation of Urban Environments kutsuu toimijoita keskustelemaan, oppimaan ja luomaan yhdess\u00e4 ratkaisuja ja visioita.\r\n\r\nElini\u00e4nodotteen mukaisesti yh\u00e4 useampi meist\u00e4 suomalaisista el\u00e4\u00e4 hyvin pitk\u00e4n el\u00e4m\u00e4n. Pitk\u00e4ik\u00e4isyyden yleistyminen luo monenlaisia kysymyksi\u00e4 kaupunkien suunnitteluun ja kehitt\u00e4miseen. Kaupunkiymp\u00e4rist\u00f6n rakenteet, asuntokanta, liikennej\u00e4rjestelm\u00e4t ja palvelut tulee suunnitella ja toteuttaa tavalla, joka ottaa huomioon kasvavan my\u00f6h\u00e4iskeski-ik\u00e4isten ja i\u00e4kk\u00e4iden osuuden kaupunkiymp\u00e4rist\u00f6n asukkaina, ty\u00f6ntekij\u00f6in\u00e4, kuluttajina ja liikkujina. Toisaalta elini\u00e4n piteneminen haastaa kehitt\u00e4m\u00e4\u00e4n ketteri\u00e4 kaupunkiymp\u00e4rist\u00f6n rakenteita, jotka pystyv\u00e4t vastaamaan yksil\u00f6iden muuttuviin tarpeisiin ja toiveisiin l\u00e4pi koko el\u00e4m\u00e4n.\r\n\r\nAGEING CITY (Ik\u00e4yst\u00e4v\u00e4llinen kaupunki) seminaari tuo yhteen kehitt\u00e4ji\u00e4, suunnittelijoita, palveluntarjoajia ja tutkijoita keskustelemaan siit\u00e4, millainen on kaikenik\u00e4isille hyv\u00e4 kaupunki asua ja el\u00e4\u00e4. Tapahtuma on monialainen ja -tieteinen. Kaikki kiinnostuneet ovat tervetulleita mukaan.\r\n\r\nSeminaariin kuuluu kaksi puolen p\u00e4iv\u00e4n mittaista osiota, joista ensimm\u00e4inen on suunnattu eri alojen toimijoille ja tutkijoille ja toinen erityisesti tutkijoille.\u00a0Olet tervetullut osallistumaan koko seminaariin tai vain toiseen seminaariosioon. Seminaari on maksuton. Molemmat seminaarip\u00e4iv\u00e4t j\u00e4rjestet\u00e4\u00e4n live-toteutuksena G Livelab Tampere (Puutarhakatu 1, 33100 Tampere). Ensimm\u00e4isen seminaarip\u00e4iv\u00e4n kielen\u00e4 on suomi ja toinen p\u00e4iv\u00e4 j\u00e4rjestet\u00e4\u00e4n englanniksi.\r\n\r\nIlmoittaudu mukaan 5.5.2022 menness\u00e4: <a href=\"https:\/\/www.lyyti.fi\/reg\/ageingcity2022\">https:\/\/www.lyyti.fi\/reg\/ageingcity2022<\/a>\r\n\r\n<strong>\u00a0<\/strong>\r\n\r\n<strong>Ohjelma<\/strong>\r\n\r\n<strong>Maanantaina 16.5. <\/strong><strong>klo 12-16.30<\/strong> keskitymme kehitt\u00e4m\u00e4\u00e4n visiota kest\u00e4v\u00e4\u00e4n ik\u00e4yst\u00e4v\u00e4lliseen kaupunkiin eri toimijoiden yhteisvoimin. Seminaari on suomenkielinen. Ohjelmassa on:\r\n\r\n12.00 Yhteinen lounas\r\n13.00 Avaussanat\r\n13.10 Inpiroivat puheenvuorot:\r\n<ul>\r\n \t<li>Ik\u00e4yst\u00e4v\u00e4llinen kaupunki: konseptista toteutukseen?\r\n<em>P\u00e4ivi Moisio, Sointu senioripalvelut, kehitt\u00e4misp\u00e4\u00e4llikk\u00f6<\/em><\/li>\r\n \t<li>Yhteiskehitt\u00e4m\u00e4ll\u00e4 parempaa kaupunkia ik\u00e4ihmisille\r\n<em>Ville Santala, <\/em><em>UrbanAge<\/em><em>\/Forum <\/em><em>Virium<\/em><em>, projektip\u00e4\u00e4llikk\u00f6<\/em><\/li>\r\n \t<li>Seniorikaupunkilaisen n\u00e4k\u00f6kulmia kaupunkikehitykseen\r\n<em>Olli-Pekka <\/em><em>Sorma<\/em><em>,\u00a0As. Oy Tampereen Frans Emil, hallituksen puheenjohtaja<\/em><\/li>\r\n<\/ul>\r\n14.15 Kahvitarjoilu\r\n14.30 Workshop ty\u00f6skentely\u00e4\r\n16.30 Tilaisuus p\u00e4\u00e4ttyy\r\n\r\n<strong>\u00a0<\/strong>\r\n\r\n<strong>Tiistaina 17.5. <\/strong><strong>klo 9-13.00<\/strong> jatkamme kehitt\u00e4m\u00e4ll\u00e4 kest\u00e4v\u00e4\u00e4n ik\u00e4yst\u00e4v\u00e4lliseen kaupunkiin liittyv\u00e4\u00e4 tutkimusta. Seminaari on englanninkielinen. Ohjelmassa on:\r\n\r\n9.00 Aamukahvit\r\n9.20 Avaussanat\r\n9.30 Inspiroivat puheenvuorot:\r\n<ul>\r\n \t<li>Sofie Pelsmakers (arkkitehtuuri)<\/li>\r\n \t<li>Steve O\u2019Hern (liikenne)<\/li>\r\n \t<li>Outi Jolanki (ik\u00e4\u00e4ntyminen ja osallisuus)<\/li>\r\n<\/ul>\r\n10.15 Workshop ty\u00f6skentely\u00e4\r\n12.30 Yhteinen lounas\r\n\r\n&nbsp;\r\n\r\n<strong>Lis\u00e4tietoa:<\/strong> Tutkimuskoordinaattori Alisa V\u00e4nttinen, <a href=\"mailto:alisa.vanttinen@tuni.fi\">alisa.vanttinen@tuni.fi<\/a>\r\n\r\n&nbsp;\r\n\r\n<a href=\"https:\/\/projects.tuni.fi\/stue\/\">Visit STUE website<\/a>\r\n\r\n<a href=\"https:\/\/twitter.com\/TAU_STUE\">Follow STUE on Twitter<\/a>","_fi_post_name":"welcome-to-ageing-city-seminar-on-may-16th-17th-tervetuloa-ikaystavallinen-kaupunki-seminaariin-16-17-5","_fi_post_excerpt":"","_fi_post_title":"Welcome to AGEING CITY seminar on May 16th-17th!\/Tervetuloa Ik\u00e4yst\u00e4v\u00e4llinen kaupunki -seminaariin 16.-17.5.!","_en_post_content":"","_en_post_name":"","_en_post_excerpt":"","_en_post_title":"","edit_language":"en","footnotes":""},"categories":[131],"tags":[],"class_list":["post-8538","post","type-post","status-publish","format-standard","has-post-thumbnail","hentry","category-tapahtumat","entry","has-media"],"_links":{"self":[{"href":"https:\/\/www.gerec.fi\/en\/wp-json\/wp\/v2\/posts\/8538","targetHints":{"allow":["GET"]}}],"collection":[{"href":"https:\/\/www.gerec.fi\/en\/wp-json\/wp\/v2\/posts"}],"about":[{"href":"https:\/\/www.gerec.fi\/en\/wp-json\/wp\/v2\/types\/post"}],"author":[{"embeddable":true,"href":"https:\/\/www.gerec.fi\/en\/wp-json\/wp\/v2\/users\/9"}],"replies":[{"embeddable":true,"href":"https:\/\/www.gerec.fi\/en\/wp-json\/wp\/v2\/comments?post=8538"}],"version-history":[{"count":2,"href":"https:\/\/www.gerec.fi\/en\/wp-json\/wp\/v2\/posts\/8538\/revisions"}],"predecessor-version":[{"id":8541,"href":"https:\/\/www.gerec.fi\/en\/wp-json\/wp\/v2\/posts\/8538\/revisions\/8541"}],"wp:featuredmedia":[{"embeddable":true,"href":"https:\/\/www.gerec.fi\/en\/wp-json\/wp\/v2\/media\/8539"}],"wp:attachment":[{"href":"https:\/\/www.gerec.fi\/en\/wp-json\/wp\/v2\/media?parent=8538"}],"wp:term":[{"taxonomy":"category","embeddable":true,"href":"https:\/\/www.gerec.fi\/en\/wp-json\/wp\/v2\/categories?post=8538"},{"taxonomy":"post_tag","embeddable":true,"href":"https:\/\/www.gerec.fi\/en\/wp-json\/wp\/v2\/tags?post=8538"}],"curies":[{"name":"wp","href":"https:\/\/api.w.org\/{rel}","templated":true}]}}