{"id":8493,"date":"2022-02-14T12:55:20","date_gmt":"2022-02-14T10:55:20","guid":{"rendered":"https:\/\/www.gerec.fi\/?p=8493"},"modified":"2022-02-14T12:55:20","modified_gmt":"2022-02-14T10:55:20","slug":"","status":"publish","type":"post","link":"https:\/\/www.gerec.fi\/en\/vanhuustutkijan-koronavuosi-aulaklubilla-1-3-2022-klo-1730\/","title":{"rendered":"","raw":""},"content":{"rendered":"","protected":false,"raw":""},"excerpt":{"rendered":"Vastapainon kev\u00e4\u00e4n ensimm\u00e4isell\u00e4 Aulaklubilla puhutaan vanhenemisesta. Mit\u00e4 vanheneminen oikein on? Kuinka vanhaksi voimme el\u00e4\u00e4? Miksi palveluita ei paranneta, vaikka puutteet ovat kaikkien tiedossa? Kuinka ik\u00e4\u00e4ntyv\u00e4 ihminen p\u00e4rj\u00e4\u00e4 digimaailmassa? Muun muassa n\u00e4it\u00e4 asioita professori Marja Jylh\u00e4 pohtii kirjassaan Vanhuustutkijan koronavuosi. Marja&hellip;","protected":false,"raw":""},"author":9,"featured_media":8494,"comment_status":"closed","ping_status":"closed","sticky":false,"template":"","format":"standard","meta":{"_mi_skip_tracking":false,"_fi_post_content":"Vastapainon kev\u00e4\u00e4n ensimm\u00e4isell\u00e4 Aulaklubilla puhutaan vanhenemisesta.\r\nMit\u00e4 vanheneminen oikein on? Kuinka vanhaksi voimme el\u00e4\u00e4? Miksi palveluita ei paranneta, vaikka puutteet ovat kaikkien tiedossa? Kuinka ik\u00e4\u00e4ntyv\u00e4 ihminen p\u00e4rj\u00e4\u00e4 digimaailmassa?\r\nMuun muassa n\u00e4it\u00e4 asioita professori Marja Jylh\u00e4 pohtii kirjassaan Vanhuustutkijan koronavuosi. Marja Jylh\u00e4\u00e4 haastattelee dosentti Jari Pirhonen Vastapainon Aulaklubilla tiistaina 1.3. klo 17.30 alkaen.\r\nVapaa p\u00e4\u00e4sy, l\u00e4mpim\u00e4sti tervetuloa!\r\n\r\n&nbsp;\r\n\r\n<a href=\"https:\/\/pirkanmaa.menoinfo.fi\/#!event\/1176113?q=marja%20jylh%C3%A4\">Vanhuustutkijan koronavuosi Aulaklubilla - Pirkanmaan menot (menoinfo.fi)<\/a>","_fi_post_name":"vanhuustutkijan-koronavuosi-aulaklubilla-1-3-2022-klo-1730","_fi_post_excerpt":"","_fi_post_title":"Vanhuustutkijan koronavuosi Aulaklubilla 1.3.2022 klo 17:30","_en_post_content":"","_en_post_name":"","_en_post_excerpt":"","_en_post_title":"","edit_language":"en","footnotes":""},"categories":[131],"tags":[],"class_list":["post-8493","post","type-post","status-publish","format-standard","has-post-thumbnail","hentry","category-tapahtumat","entry","has-media"],"_links":{"self":[{"href":"https:\/\/www.gerec.fi\/en\/wp-json\/wp\/v2\/posts\/8493","targetHints":{"allow":["GET"]}}],"collection":[{"href":"https:\/\/www.gerec.fi\/en\/wp-json\/wp\/v2\/posts"}],"about":[{"href":"https:\/\/www.gerec.fi\/en\/wp-json\/wp\/v2\/types\/post"}],"author":[{"embeddable":true,"href":"https:\/\/www.gerec.fi\/en\/wp-json\/wp\/v2\/users\/9"}],"replies":[{"embeddable":true,"href":"https:\/\/www.gerec.fi\/en\/wp-json\/wp\/v2\/comments?post=8493"}],"version-history":[{"count":1,"href":"https:\/\/www.gerec.fi\/en\/wp-json\/wp\/v2\/posts\/8493\/revisions"}],"predecessor-version":[{"id":8495,"href":"https:\/\/www.gerec.fi\/en\/wp-json\/wp\/v2\/posts\/8493\/revisions\/8495"}],"wp:featuredmedia":[{"embeddable":true,"href":"https:\/\/www.gerec.fi\/en\/wp-json\/wp\/v2\/media\/8494"}],"wp:attachment":[{"href":"https:\/\/www.gerec.fi\/en\/wp-json\/wp\/v2\/media?parent=8493"}],"wp:term":[{"taxonomy":"category","embeddable":true,"href":"https:\/\/www.gerec.fi\/en\/wp-json\/wp\/v2\/categories?post=8493"},{"taxonomy":"post_tag","embeddable":true,"href":"https:\/\/www.gerec.fi\/en\/wp-json\/wp\/v2\/tags?post=8493"}],"curies":[{"name":"wp","href":"https:\/\/api.w.org\/{rel}","templated":true}]}}