{"id":8490,"date":"2022-02-09T10:31:16","date_gmt":"2022-02-09T08:31:16","guid":{"rendered":"https:\/\/www.gerec.fi\/?p=8490"},"modified":"2022-02-09T10:31:16","modified_gmt":"2022-02-09T08:31:16","slug":"","status":"publish","type":"post","link":"https:\/\/www.gerec.fi\/en\/gerontologia-2023-kongressi-ikaantymisen-uusi-aika\/","title":{"rendered":"","raw":""},"content":{"rendered":"","protected":false,"raw":""},"excerpt":{"rendered":"Tervetuloa Gerontologia 2023 \u2010kongressiin 8.-10.2.2023 Tampere-talolle Kongressin teemana on Ik\u00e4\u00e4ntymisen uusi aika, joka viittaa sek\u00e4 v\u00e4est\u00f6n vanhenemiseen ett\u00e4 vanhuuden toimintakyvyn muutoksiin. Kongressissa k\u00e4sitell\u00e4\u00e4n vanhenemisen ilmi\u00f6it\u00e4 ja ik\u00e4\u00e4ntyneiden ihmisten toimintakyvyn, aktiivisuuden, hyvinvoinnin, hoidon, tuen ja palveluiden haasteita ja mahdollisuuksia. Kongressin p\u00e4\u00e4puhujina&hellip;","protected":false,"raw":""},"author":9,"featured_media":8491,"comment_status":"closed","ping_status":"closed","sticky":false,"template":"","format":"standard","meta":{"_mi_skip_tracking":false,"_fi_post_content":"<strong>Tervetuloa Gerontologia 2023 \u2010kongressiin 8.-10.2.2023 Tampere-talolle<\/strong>\r\n\r\nKongressin teemana on <strong>Ik\u00e4\u00e4ntymisen uusi aika<\/strong>, joka viittaa sek\u00e4 v\u00e4est\u00f6n vanhenemiseen ett\u00e4 vanhuuden toimintakyvyn muutoksiin. Kongressissa k\u00e4sitell\u00e4\u00e4n vanhenemisen ilmi\u00f6it\u00e4 ja ik\u00e4\u00e4ntyneiden ihmisten toimintakyvyn, aktiivisuuden, hyvinvoinnin, hoidon, tuen ja palveluiden haasteita ja mahdollisuuksia. Kongressin p\u00e4\u00e4puhujina ovat muun muassa <strong>Tom Kirkwood, Amanda Grenier<\/strong>, <strong>Teppo Kr\u00f6ger, Anu Siren<\/strong> ja <strong>Esa J\u00e4msen<\/strong>.\r\n\r\nTapahtuma on perinteisesti joka kolmas vuosi j\u00e4rjestett\u00e4v\u00e4 monialainen kongressi, joka kokoaa yhteen laajasti kaikki i\u00e4kk\u00e4iden parissa toimivat asiantuntijat. Gerontologia 2023 on sarjassaan 10. kongressi. T\u00e4ll\u00e4 kertaa samassa yhteydess\u00e4 j\u00e4rjestet\u00e4\u00e4n my\u00f6s vuosittaiset Geriatrip\u00e4iv\u00e4t, mik\u00e4 laajentaa entisest\u00e4\u00e4n tapahtuman monitieteist\u00e4 ja moniammatillista luonnetta.\u00a0 Kongressin j\u00e4rjest\u00e4v\u00e4t Tampereen yliopisto ja Gerontologian tutkimuskeskus sek\u00e4 kolme alan yhdistyst\u00e4: Kasvun ja vanhenemisen tutkijat ry, Suomen Geriatrit ry ja Societas Gerontologica Fennica ry.\r\n\r\n&nbsp;\r\n\r\n<strong>T\u00e4rkeit\u00e4 p\u00e4iv\u00e4m\u00e4\u00e4ri\u00e4<\/strong>\r\n\r\nTiivistelm\u00e4t: \u00a0\u00a0\u00a0\u00a0\u00a0\u00a0\u00a0\u00a0\u00a0\u00a0\u00a0\u00a0\u00a0\u00a0\u00a0\u00a0\u00a0\u00a0\u00a0\u00a0\u00a0\u00a0\u00a0\u00a0\u00a0\u00a0\u00a0\u00a0\u00a0\u00a0\u00a0\u00a0\u00a0\u00a0\u00a0\u00a0\u00a0\u00a0\u00a0\u00a0\u00a0\u00a0\u00a0\u00a0\u00a0\u00a0\u00a0\u00a0\u00a0\u00a0\u00a0\u00a0\u00a0\u00a0 ma 15.8. \u2013 su 18.9.2022\r\n\r\nTiivistelmien hyv\u00e4ksymiskirjeet:\u00a0\u00a0\u00a0\u00a0\u00a0\u00a0\u00a0\u00a0\u00a0\u00a0\u00a0\u00a0\u00a0\u00a0\u00a0\u00a0\u00a0\u00a0\u00a0\u00a0 to 20.10.2022\r\n\r\nIlmoittautuminen kongressiin:\u00a0\u00a0\u00a0\u00a0\u00a0\u00a0\u00a0\u00a0\u00a0\u00a0\u00a0\u00a0\u00a0\u00a0\u00a0\u00a0\u00a0\u00a0\u00a0\u00a0\u00a0\u00a0\u00a0 to 1.9. \u2013 to 22.12.2022\r\n\r\nAikainen ilmoittautuminen: \u00a0\u00a0\u00a0\u00a0\u00a0\u00a0\u00a0\u00a0\u00a0\u00a0\u00a0\u00a0\u00a0\u00a0\u00a0\u00a0\u00a0\u00a0\u00a0\u00a0\u00a0\u00a0\u00a0\u00a0\u00a0\u00a0\u00a0 to 1.9. \u2013 ti 15.11.2022\r\n\r\nGerontologia 2023 -kongressi:\u00a0\u00a0\u00a0\u00a0\u00a0\u00a0\u00a0\u00a0\u00a0\u00a0\u00a0\u00a0\u00a0\u00a0\u00a0\u00a0\u00a0\u00a0\u00a0\u00a0\u00a0\u00a0\u00a0 ke 8.2 \u2013 pe 10.2.2023\r\n\r\n&nbsp;\r\n\r\nLis\u00e4tietoja <a href=\"https:\/\/events.tuni.fi\/gerontologia2023\/puhujat\/\">puhujista<\/a>, <a href=\"https:\/\/events.tuni.fi\/gerontologia2023\/ilmoittautuminen\/\">osallistumismaksuista<\/a> ja kongressista <a href=\"https:\/\/events.tuni.fi\/gerontologia2023\/\">Gerontologia 2023 -kotisivuilta<\/a>. Kongressin ohjelma ja esitelm\u00e4kutsu julkaistaan kev\u00e4\u00e4ll\u00e4 2022.\r\n\r\n&nbsp;\r\n\r\nMerkitse p\u00e4iv\u00e4m\u00e4\u00e4r\u00e4t kalenteriin!\r\n\r\n&nbsp;\r\n\r\nGerontologia 2023 -j\u00e4rjestelytoimikunnan puolesta,\r\n\r\nKirsi Lumme-Sandt\r\n\r\nvpj. Esa J\u00e4msen","_fi_post_name":"gerontologia-2023-kongressi-ikaantymisen-uusi-aika","_fi_post_excerpt":"","_fi_post_title":"Gerontologia 2023 -kongressi: Ik\u00e4\u00e4ntymisen uusi aika","_en_post_content":"","_en_post_name":"","_en_post_excerpt":"","_en_post_title":"","edit_language":"en","footnotes":""},"categories":[131],"tags":[],"class_list":["post-8490","post","type-post","status-publish","format-standard","has-post-thumbnail","hentry","category-tapahtumat","entry","has-media"],"_links":{"self":[{"href":"https:\/\/www.gerec.fi\/en\/wp-json\/wp\/v2\/posts\/8490","targetHints":{"allow":["GET"]}}],"collection":[{"href":"https:\/\/www.gerec.fi\/en\/wp-json\/wp\/v2\/posts"}],"about":[{"href":"https:\/\/www.gerec.fi\/en\/wp-json\/wp\/v2\/types\/post"}],"author":[{"embeddable":true,"href":"https:\/\/www.gerec.fi\/en\/wp-json\/wp\/v2\/users\/9"}],"replies":[{"embeddable":true,"href":"https:\/\/www.gerec.fi\/en\/wp-json\/wp\/v2\/comments?post=8490"}],"version-history":[{"count":1,"href":"https:\/\/www.gerec.fi\/en\/wp-json\/wp\/v2\/posts\/8490\/revisions"}],"predecessor-version":[{"id":8492,"href":"https:\/\/www.gerec.fi\/en\/wp-json\/wp\/v2\/posts\/8490\/revisions\/8492"}],"wp:featuredmedia":[{"embeddable":true,"href":"https:\/\/www.gerec.fi\/en\/wp-json\/wp\/v2\/media\/8491"}],"wp:attachment":[{"href":"https:\/\/www.gerec.fi\/en\/wp-json\/wp\/v2\/media?parent=8490"}],"wp:term":[{"taxonomy":"category","embeddable":true,"href":"https:\/\/www.gerec.fi\/en\/wp-json\/wp\/v2\/categories?post=8490"},{"taxonomy":"post_tag","embeddable":true,"href":"https:\/\/www.gerec.fi\/en\/wp-json\/wp\/v2\/tags?post=8490"}],"curies":[{"name":"wp","href":"https:\/\/api.w.org\/{rel}","templated":true}]}}