{"id":8458,"date":"2022-01-20T13:26:17","date_gmt":"2022-01-20T11:26:17","guid":{"rendered":"https:\/\/www.gerec.fi\/?p=8458"},"modified":"2022-01-20T17:09:19","modified_gmt":"2022-01-20T15:09:19","slug":"","status":"publish","type":"post","link":"https:\/\/www.gerec.fi\/en\/juho-vainion-saatio-myonsi-apurahoja-neljalle-gerecin-tutkijalle-vuodelle-2022\/","title":{"rendered":"","raw":""},"content":{"rendered":"","protected":false,"raw":""},"excerpt":{"rendered":"Loistavia rahoitusuutisia! Juho Vainion s\u00e4\u00e4ti\u00f6 on my\u00f6nt\u00e4nyt apurahoja viidelle GERECin tutkijalle vuodelle 2022: Linda Enrothille my\u00f6nnettiin 23\u00a0000 euron apuraha tutkimukseen \u2019Prolonging health or delaying mortality? Time trends and social inequality in disability and longevity in old age (PRODEL)\u2019. Hankkeessa tutkitaan&hellip;","protected":false,"raw":""},"author":9,"featured_media":0,"comment_status":"closed","ping_status":"closed","sticky":false,"template":"","format":"standard","meta":{"_mi_skip_tracking":false,"_fi_post_content":"Loistavia rahoitusuutisia!\r\n\r\nJuho Vainion s\u00e4\u00e4ti\u00f6 on my\u00f6nt\u00e4nyt apurahoja viidelle GERECin tutkijalle vuodelle 2022:\r\n\r\n<strong><a href=\"https:\/\/www.tuni.fi\/fi\/linda-enroth\">Linda Enrothille<\/a><\/strong> my\u00f6nnettiin 23\u00a0000 euron apuraha tutkimukseen \u2019Prolonging health or delaying mortality? Time trends and social inequality in disability and longevity in old age (PRODEL)\u2019. Hankkeessa tutkitaan terveen elinajanodotteen ajallista muutosta ja sosiaalista eriarvoisuutta vanhuudessa.\r\n\r\n<strong><a href=\"https:\/\/www.jyu.fi\/sport\/fi\/tiedekunta\/henkilosto\/opetus-tutkimus\/hietavala-enni-maria\">Enni Hietavalalle<\/a><\/strong> my\u00f6nnettiin 25\u00a0000 euron apuraha tutkimukseen \u2019Sy\u00f6misk\u00e4ytt\u00e4ytyminen, fyysinen aktiivisuus ja psyykkinen hyvinvointi taistelussa hormoneja ja kehonkoostumuksen muutoksia vastaan vaihdevuosien aikana (HEATMENT-tutkimus)\u2019. Hankkeessa tutkitaan, miten sy\u00f6misk\u00e4ytt\u00e4ytyminen, fyysinen aktiivisuus ja psyykkinen hyvinvointi muuttuvat vaihdevuosien aikana ja mik\u00e4 merkitys mahdollisilla muutoksilla on kehonkoostumuksen ja lihasten suorituskyvyn sek\u00e4 niiss\u00e4 tapahtuvien muutosten kannalta.\r\n\r\n<a href=\"https:\/\/www.jyu.fi\/sport\/fi\/tiedekunta\/henkilosto\/opetus-tutkimus\/joensuu-laura\"><strong>Laura Joensuulle<\/strong><\/a> my\u00f6nnettiin 25 000 euron apuraha tutkimukseen 'Insulin resistance in adolescents - Predicting the onset with machine learning and assessing the role of serum metabolites in the physical activity-insulin resistance relationship'. Hankkeessa tutkitaan insuliiniresistanssin ennustajia lapsilla ja nuorilla sek\u00e4 mekanismeja fyysisen aktiivisuuden ja insuliiniresistanssin v\u00e4lill\u00e4.\r\n\r\n<a href=\"https:\/\/www.jyu.fi\/sport\/fi\/tiedekunta\/henkilosto\/opetus-tutkimus\/keskinen-kirsi\"><strong>Kirsi Keskiselle<\/strong><\/a> my\u00f6nnettiin 29 310 euron apuraha tutkimuksen \u2019Environments supporting activity in old age: pre-, at- and post-COVID19 (ESPACE)\u2019 toiselle vuodelle. Kolmivuotiseksi suunnitellussa hankkeessa tutkitaan ik\u00e4\u00e4ntyneiden p\u00e4ivitt\u00e4ist\u00e4 aktiivisuutta koronapandemiaa ennen, aikana ja j\u00e4lkeen sek\u00e4 tarkastellaan aktiivisuuteen yhteydess\u00e4 olevia ymp\u00e4rist\u00f6tekij\u00f6it\u00e4.\r\n\r\n<a href=\"https:\/\/www.jyu.fi\/sport\/fi\/tiedekunta\/henkilosto\/opetus-tutkimus\/korhonen-marko\"><strong>Marko Korhoselle<\/strong><\/a> my\u00f6nnettiin 30\u00a0000 euron apuraha tutkimukseen \u2019Fyysisesti aktiivisen el\u00e4m\u00e4ntavan pitk\u00e4aikaisvaikutukset terveyteen ja toimintakykyyn ik\u00e4\u00e4ntyess\u00e4 \u2013 seurantatutkimus\u2019. Hankkeessa tutkitaan liikunnallisen el\u00e4m\u00e4ntavan vaikutuksia i\u00e4kk\u00e4iden hyvinvointiin ja selvitet\u00e4\u00e4n, mink\u00e4 sis\u00e4lt\u00f6inen liikunta (urheilu, kuntoliikunta, hy\u00f6tyliikunta) on hy\u00f6dyllisint\u00e4 my\u00f6h\u00e4isi\u00e4n toimintakyvyn s\u00e4ilytt\u00e4misess\u00e4.\r\n\r\nPaljon onnea kaikille rahoituksen saajille!\r\n\r\nLis\u00e4tietoja Juho Vainion S\u00e4\u00e4ti\u00f6n sivuilta: <a href=\"https:\/\/juhovainionsaatio.fi\/2022\/01\/20\/juho-vainion-saation-myonnetyt-apurahat-vuodelle-2022\/\">https:\/\/juhovainionsaatio.fi\/2022\/01\/20\/juho-vainion-saation-myonnetyt-apurahat-vuodelle-2022\/<\/a>","_fi_post_name":"juho-vainion-saatio-myonsi-apurahoja-neljalle-gerecin-tutkijalle-vuodelle-2022","_fi_post_excerpt":"","_fi_post_title":"Juho Vainion S\u00e4\u00e4ti\u00f6 my\u00f6nsi apurahoja viidelle GERECin tutkijalle vuodelle 2022","_en_post_content":"","_en_post_name":"","_en_post_excerpt":"","_en_post_title":"","edit_language":"en","footnotes":""},"categories":[130],"tags":[],"class_list":["post-8458","post","type-post","status-publish","format-standard","hentry","category-tiedeuutiset","entry","no-media"],"_links":{"self":[{"href":"https:\/\/www.gerec.fi\/en\/wp-json\/wp\/v2\/posts\/8458","targetHints":{"allow":["GET"]}}],"collection":[{"href":"https:\/\/www.gerec.fi\/en\/wp-json\/wp\/v2\/posts"}],"about":[{"href":"https:\/\/www.gerec.fi\/en\/wp-json\/wp\/v2\/types\/post"}],"author":[{"embeddable":true,"href":"https:\/\/www.gerec.fi\/en\/wp-json\/wp\/v2\/users\/9"}],"replies":[{"embeddable":true,"href":"https:\/\/www.gerec.fi\/en\/wp-json\/wp\/v2\/comments?post=8458"}],"version-history":[{"count":4,"href":"https:\/\/www.gerec.fi\/en\/wp-json\/wp\/v2\/posts\/8458\/revisions"}],"predecessor-version":[{"id":8462,"href":"https:\/\/www.gerec.fi\/en\/wp-json\/wp\/v2\/posts\/8458\/revisions\/8462"}],"wp:attachment":[{"href":"https:\/\/www.gerec.fi\/en\/wp-json\/wp\/v2\/media?parent=8458"}],"wp:term":[{"taxonomy":"category","embeddable":true,"href":"https:\/\/www.gerec.fi\/en\/wp-json\/wp\/v2\/categories?post=8458"},{"taxonomy":"post_tag","embeddable":true,"href":"https:\/\/www.gerec.fi\/en\/wp-json\/wp\/v2\/tags?post=8458"}],"curies":[{"name":"wp","href":"https:\/\/api.w.org\/{rel}","templated":true}]}}