{"id":8449,"date":"2022-01-19T16:06:09","date_gmt":"2022-01-19T14:06:09","guid":{"rendered":"https:\/\/www.gerec.fi\/?p=8449"},"modified":"2022-01-19T16:06:09","modified_gmt":"2022-01-19T14:06:09","slug":"","status":"publish","type":"post","link":"https:\/\/www.gerec.fi\/en\/sosiaalilaaketieteellisen-aikakauslehden-podcastissa-keskustellaan-iakkaiden-yhteiskunnallisesta-arvostuksesta-osallisuudesta-ja-ikasyrjinnasta\/","title":{"rendered":"","raw":""},"content":{"rendered":"","protected":false,"raw":""},"excerpt":{"rendered":"Mink\u00e4laisia osallisuuden haasteita ik\u00e4\u00e4ntyv\u00e4t kohtaavat? Miten niihin voidaan vaikuttaa? Onko yhteiskunnassa rakenteellista ik\u00e4syrjint\u00e4\u00e4? Sosiaalil\u00e4\u00e4ketieteellisen aikakauslehden podcastissa keskustellaan i\u00e4kk\u00e4iden yhteiskunnallisesta arvostuksesta. Laura Aikomuksen kanssa keskustelevat, v\u00e4it\u00f6skirjatutkija Outi Valkama, yliopistotutkija Jari Pirhonen sek\u00e4 tutkija ja tiedetoimittaja Anna-Maria Isola. Podcast on kuunneltavissa osoitteessa:&hellip;","protected":false,"raw":""},"author":9,"featured_media":8450,"comment_status":"closed","ping_status":"closed","sticky":false,"template":"","format":"standard","meta":{"_mi_skip_tracking":false,"_fi_post_content":"Mink\u00e4laisia osallisuuden haasteita ik\u00e4\u00e4ntyv\u00e4t kohtaavat? Miten niihin voidaan vaikuttaa? Onko yhteiskunnassa rakenteellista ik\u00e4syrjint\u00e4\u00e4? Sosiaalil\u00e4\u00e4ketieteellisen aikakauslehden podcastissa keskustellaan i\u00e4kk\u00e4iden yhteiskunnallisesta arvostuksesta. Laura Aikomuksen kanssa keskustelevat, v\u00e4it\u00f6skirjatutkija Outi Valkama, yliopistotutkija Jari Pirhonen sek\u00e4 tutkija ja tiedetoimittaja Anna-Maria Isola.\r\n\r\nPodcast on kuunneltavissa osoitteessa: <a href=\"https:\/\/soundcloud.com\/user-677586080-647277457\/iakkaiden-yhteiskunnallinen-arvostus-ja-osallistumismahdollisuudet\">https:\/\/soundcloud.com\/user-677586080-647277457\/iakkaiden-yhteiskunnallinen-arvostus-ja-osallistumismahdollisuudet <\/a>\r\n\r\nLue my\u00f6s:\r\n\r\nTamminen, O., &amp; Pirhonen, J. (2021). Puheita ja tekoja \u2013 osallisuuden haasteet vanhuudessa.\u00a0<em>Sosiaalil\u00e4\u00e4ketieteellinen Aikakauslehti<\/em>,\u00a0<em>58<\/em>(4). <a href=\"https:\/\/doi.org\/10.23990\/sa.95177\">https:\/\/doi.org\/10.23990\/sa.95177<\/a>\r\n\r\nTiedote:<a href=\"https:\/\/www.gerec.fi\/iakkaat-tunnistavat-yhteiskunnan-heille-tarjoamat-palvelut-mutta-kohtaavat-ongelmia-niiden-saavutettavuudessa\/\"> https:\/\/www.gerec.fi\/iakkaat-tunnistavat-yhteiskunnan-heille-tarjoamat-palvelut-mutta-kohtaavat-ongelmia-niiden-saavutettavuudessa\/<\/a>","_fi_post_name":"sosiaalilaaketieteellisen-aikakauslehden-podcastissa-keskustellaan-iakkaiden-yhteiskunnallisesta-arvostuksesta-osallisuudesta-ja-ikasyrjinnasta","_fi_post_excerpt":"","_fi_post_title":"Sosiaalil\u00e4\u00e4ketieteellisen aikakauslehden podcastissa keskustellaan i\u00e4kk\u00e4iden yhteiskunnallisesta arvostuksesta, osallisuudesta ja ik\u00e4syrjinn\u00e4st\u00e4","_en_post_content":"","_en_post_name":"","_en_post_excerpt":"","_en_post_title":"","edit_language":"en","footnotes":""},"categories":[130],"tags":[],"class_list":["post-8449","post","type-post","status-publish","format-standard","has-post-thumbnail","hentry","category-tiedeuutiset","entry","has-media"],"_links":{"self":[{"href":"https:\/\/www.gerec.fi\/en\/wp-json\/wp\/v2\/posts\/8449","targetHints":{"allow":["GET"]}}],"collection":[{"href":"https:\/\/www.gerec.fi\/en\/wp-json\/wp\/v2\/posts"}],"about":[{"href":"https:\/\/www.gerec.fi\/en\/wp-json\/wp\/v2\/types\/post"}],"author":[{"embeddable":true,"href":"https:\/\/www.gerec.fi\/en\/wp-json\/wp\/v2\/users\/9"}],"replies":[{"embeddable":true,"href":"https:\/\/www.gerec.fi\/en\/wp-json\/wp\/v2\/comments?post=8449"}],"version-history":[{"count":2,"href":"https:\/\/www.gerec.fi\/en\/wp-json\/wp\/v2\/posts\/8449\/revisions"}],"predecessor-version":[{"id":8452,"href":"https:\/\/www.gerec.fi\/en\/wp-json\/wp\/v2\/posts\/8449\/revisions\/8452"}],"wp:featuredmedia":[{"embeddable":true,"href":"https:\/\/www.gerec.fi\/en\/wp-json\/wp\/v2\/media\/8450"}],"wp:attachment":[{"href":"https:\/\/www.gerec.fi\/en\/wp-json\/wp\/v2\/media?parent=8449"}],"wp:term":[{"taxonomy":"category","embeddable":true,"href":"https:\/\/www.gerec.fi\/en\/wp-json\/wp\/v2\/categories?post=8449"},{"taxonomy":"post_tag","embeddable":true,"href":"https:\/\/www.gerec.fi\/en\/wp-json\/wp\/v2\/tags?post=8449"}],"curies":[{"name":"wp","href":"https:\/\/api.w.org\/{rel}","templated":true}]}}