{"id":8446,"date":"2022-01-18T11:09:09","date_gmt":"2022-01-18T09:09:09","guid":{"rendered":"https:\/\/www.gerec.fi\/?p=8446"},"modified":"2022-01-18T12:52:11","modified_gmt":"2022-01-18T10:52:11","slug":"","status":"publish","type":"post","link":"https:\/\/www.gerec.fi\/en\/marja-jylhan-johtamalle-sowell-tutkimushankkeelle-95-942-euron-rahoitus-paivikki-ja-sakari-sohlbergin-saatiolta\/","title":{"rendered":"","raw":""},"content":{"rendered":"","protected":false,"raw":""},"excerpt":{"rendered":"P\u00e4ivikki ja Sakari Sohlbergin s\u00e4\u00e4ti\u00f6 on my\u00f6nt\u00e4nyt 95\u00a0942 euron suuruisen apurahan professori Marja Jylh\u00e4n johtamalle SoWell- tutkimusryhm\u00e4lle\u00a0hankkeeseen \u201dVanheneminen ja sosiaalinen hyvinvointi (SoWell) Tutkimus- ja yhteisty\u00f6hanke i\u00e4kk\u00e4iden ihmisten sosiaalisesta hyvinvoinnista ja sen taustatekij\u00f6ist\u00e4\u201d. Tutkimushanke on kokonaisuudessaan viisivuotinen ja nyt my\u00f6nnetty rahoitus&hellip;","protected":false,"raw":""},"author":9,"featured_media":0,"comment_status":"closed","ping_status":"closed","sticky":false,"template":"","format":"standard","meta":{"_mi_skip_tracking":false,"_fi_post_content":"P\u00e4ivikki ja Sakari Sohlbergin s\u00e4\u00e4ti\u00f6 on my\u00f6nt\u00e4nyt 95\u00a0942 euron suuruisen apurahan professori Marja Jylh\u00e4n johtamalle SoWell- tutkimusryhm\u00e4lle\u00a0hankkeeseen \u201dVanheneminen ja sosiaalinen hyvinvointi (SoWell) Tutkimus- ja yhteisty\u00f6hanke i\u00e4kk\u00e4iden ihmisten sosiaalisesta hyvinvoinnista ja sen taustatekij\u00f6ist\u00e4\u201d. Tutkimushanke on kokonaisuudessaan viisivuotinen ja nyt my\u00f6nnetty rahoitus kohdistuu viimeiseen, viidenteen vuoteen.\r\n\r\nSoWell -tutkimusryhm\u00e4n toinen vastuullinen johtaja on \u00a0Outi Jolanki ja ryhm\u00e4\u00e4n kuuluvat lis\u00e4ksi P\u00e4ivi Ahosola, Kristina Tiainen ja Katariina Tuominen.\r\n\r\n<a href=\"https:\/\/projects.tuni.fi\/sowell\/\">https:\/\/projects.tuni.fi\/sowell\/<\/a>\r\n\r\n<a tabindex=\"0\" href=\"https:\/\/pss-saatio.fi\/apurahat\/myonnetyt-apurahat\/myonnetyt-apurahat-2021\/\" target=\"_blank\" rel=\"noopener\" data-linktype=\"external\" data-val=\"https:\/\/pss-saatio.fi\/apurahat\/myonnetyt-apurahat\/myonnetyt-apurahat-2021\/\">My\u00f6nnetyt apurahat 2021 (pss-saatio.fi)<\/a>","_fi_post_name":"marja-jylhan-johtamalle-sowell-tutkimushankkeelle-95-942-euron-rahoitus-paivikki-ja-sakari-sohlbergin-saatiolta","_fi_post_excerpt":"","_fi_post_title":"Marja Jylh\u00e4n johtamalle SoWell -tutkimushankkeelle 95 942 euron rahoitus P\u00e4ivikki ja Sakari Sohlbergin s\u00e4\u00e4ti\u00f6lt\u00e4","_en_post_content":"","_en_post_name":"","_en_post_excerpt":"","_en_post_title":"","edit_language":"en","footnotes":""},"categories":[130],"tags":[],"class_list":["post-8446","post","type-post","status-publish","format-standard","hentry","category-tiedeuutiset","entry","no-media"],"_links":{"self":[{"href":"https:\/\/www.gerec.fi\/en\/wp-json\/wp\/v2\/posts\/8446","targetHints":{"allow":["GET"]}}],"collection":[{"href":"https:\/\/www.gerec.fi\/en\/wp-json\/wp\/v2\/posts"}],"about":[{"href":"https:\/\/www.gerec.fi\/en\/wp-json\/wp\/v2\/types\/post"}],"author":[{"embeddable":true,"href":"https:\/\/www.gerec.fi\/en\/wp-json\/wp\/v2\/users\/9"}],"replies":[{"embeddable":true,"href":"https:\/\/www.gerec.fi\/en\/wp-json\/wp\/v2\/comments?post=8446"}],"version-history":[{"count":2,"href":"https:\/\/www.gerec.fi\/en\/wp-json\/wp\/v2\/posts\/8446\/revisions"}],"predecessor-version":[{"id":8448,"href":"https:\/\/www.gerec.fi\/en\/wp-json\/wp\/v2\/posts\/8446\/revisions\/8448"}],"wp:attachment":[{"href":"https:\/\/www.gerec.fi\/en\/wp-json\/wp\/v2\/media?parent=8446"}],"wp:term":[{"taxonomy":"category","embeddable":true,"href":"https:\/\/www.gerec.fi\/en\/wp-json\/wp\/v2\/categories?post=8446"},{"taxonomy":"post_tag","embeddable":true,"href":"https:\/\/www.gerec.fi\/en\/wp-json\/wp\/v2\/tags?post=8446"}],"curies":[{"name":"wp","href":"https:\/\/api.w.org\/{rel}","templated":true}]}}