{"id":8441,"date":"2022-01-14T08:53:36","date_gmt":"2022-01-14T06:53:36","guid":{"rendered":"https:\/\/www.gerec.fi\/?p=8441"},"modified":"2022-01-14T08:53:36","modified_gmt":"2022-01-14T06:53:36","slug":"","status":"publish","type":"post","link":"https:\/\/www.gerec.fi\/en\/ikaihmisten-asumisen-vaihtoehdoista-webinaari-8-2-2022-valimuotoisen-asumisen-ratkaisuja-kehitetty-tampereella-ja-orivedella\/","title":{"rendered":"","raw":""},"content":{"rendered":"","protected":false,"raw":""},"excerpt":{"rendered":"Tampereen kaupunki j\u00e4rjest\u00e4\u00e4 8.2.2022 kello 12.00\u201315.15 Teamsin v\u00e4lityksell\u00e4 webinaarin, jossa ik\u00e4\u00e4ntyneiden v\u00e4limuotoista asumista tarkastellaan eri n\u00e4k\u00f6kulmista: mist\u00e4 tekij\u00f6ist\u00e4 ik\u00e4\u00e4ntyneiden hyv\u00e4 asuminen voi rakentua, millainen merkitys asumisella on ik\u00e4\u00e4ntyneen hyvinvoinnille ja voisiko v\u00e4limuotoinen asuminen monipuolistaa asumisvaihtoehtoja. Webinaarissa on puhumassa my\u00f6s tutkimusp\u00e4\u00e4llikk\u00f6&hellip;","protected":false,"raw":""},"author":9,"featured_media":8442,"comment_status":"closed","ping_status":"closed","sticky":false,"template":"","format":"standard","meta":{"_mi_skip_tracking":false,"_fi_post_content":"<div class=\"textarea\">\r\n\r\n<strong>Tampereen kaupunki j\u00e4rjest\u00e4\u00e4 8.2.2022 kello 12.00\u201315.15 Teamsin v\u00e4lityksell\u00e4 webinaarin, jossa ik\u00e4\u00e4ntyneiden v\u00e4limuotoista asumista tarkastellaan eri n\u00e4k\u00f6kulmista: mist\u00e4 tekij\u00f6ist\u00e4 ik\u00e4\u00e4ntyneiden hyv\u00e4 asuminen voi rakentua, millainen merkitys asumisella on ik\u00e4\u00e4ntyneen hyvinvoinnille ja voisiko v\u00e4limuotoinen asuminen monipuolistaa asumisvaihtoehtoja. Webinaarissa on puhumassa my\u00f6s tutkimusp\u00e4\u00e4llikk\u00f6 Outi Jolanki Tampereen yliopistosta.\r\n<\/strong>\r\n\r\nVerkkoseminaari on samalla V\u00e4limuotoista asumista ik\u00e4\u00e4ntyneille Tampereella ja Orivedell\u00e4 -kehitt\u00e4mishankkeen p\u00e4\u00e4t\u00f6sseminaari. Webinaari on tarkoitettu kaikille ik\u00e4\u00e4ntyneiden asumisen kanssa tavalla tai toisella toimiville ja kaikille asiasta kiinnostuneille.\r\n\r\n<strong>Ilmoittaudu webinaariin 6.2.2022 menness\u00e4.<\/strong> Ilmoittautuneille l\u00e4hetet\u00e4\u00e4n linkki tilaisuuteen. Webinaari tallennetaan ja se on katsottavissa Tampereen kaupungin verkkosivuilta kaksi viikkoa.\r\n\r\n<b>Vaihtoehto ik\u00e4\u00e4ntyneiden asumiseen?\r\nV\u00e4limuotoinen asuminen -webinaariohjelma 8.2. klo 12-15.15<\/b>\r\nTilaisuuden puheenjohtajana toimii kehitt\u00e4misp\u00e4\u00e4llikk\u00f6 P\u00e4ivi Moisio, Sointu Senioripalvelut.\r\n\r\n12.00 Webinaarin avaus\r\nMari Patronen, ik\u00e4ihmisten palvelujohtaja, Tampereen kaupunki\r\n12.10 Ik\u00e4\u00e4ntyneiden asumisen toimenpideohjelma\r\nRaija Hynynen, asuntoneuvos, ymp\u00e4rist\u00f6ministeri\u00f6\r\n12.30 V\u00e4limuotoinen asuminen yhteis\u00f6llisyyden n\u00e4k\u00f6kulmasta\r\nOuti Jolanki, tutkimusp\u00e4\u00e4llikk\u00f6, dosentti, Tampereen yliopisto\r\n13.00 Kommenttipuheenvuoro\r\nTanja Karvonen, hoito- ja hoivapalvelup\u00e4\u00e4llikk\u00f6, Tampereen kaupunki\r\n13.05 Ik\u00e4\u00e4ntyneiden oikeus arvokkaaseen el\u00e4m\u00e4\u00e4n ja asumiseen - oikeusasiamiehen ratkaisuja\r\nLotta H\u00e4meen-Anttila, vanhempi eduskunnan oikeusasiamiehen sihteeri, eduskunnan oikeusasiamiehen kanslia\r\n13.35 Kommenttipuheenvuoro\r\nIrma Koskela, Oriveden vanhusneuvoston puheenjohtaja\r\n13.40 Tauko\r\n13.50 Ik\u00e4\u00e4ntyneiden v\u00e4limuotoisen asumisen konsepti Pirkanmaalla\r\nRiikka Ovaskainen, suunnittelup\u00e4\u00e4llikk\u00f6, Tampereen kaupunki\r\nReetta Lev\u00e4nen, projektikoordinaattori, Ik\u00e4\u00e4ntyneiden v\u00e4limuotoinen asuminen- hanke\r\n14.10 Mit\u00e4 tarkoittaa kaikille sopiva suunnittelu? N\u00e4k\u00f6kulmana ik\u00e4ihmisten asumista tukevat ratkaisut\r\nIra Verma, tutkijatohtori, Aalto-yliopisto ja Sotera-instituutti\r\n14.45 Yleinen keskustelu\r\n15.05 Webinaarin yhteenveto ja p\u00e4\u00e4t\u00f6ssanat\r\nAuli Hein\u00e4v\u00e4, asunto- ja kehitt\u00e4misp\u00e4\u00e4llikk\u00f6, Tampereen kaupunki\r\n\r\nIlmoittaudu webinaariin 6.2.2022 menness\u00e4.\r\nIlmoittautuminen e-lomakkeella:\r\n\r\n<\/div>\r\n<p class=\"element-link skin1\"><a class=\" display_block   external\" href=\"https:\/\/elomake.tampere.fi\/lomakkeet\/24884\/lomake.html\" target=\"_blank\" rel=\"noopener\"><i class=\"icon-arrow-right\" aria-hidden=\"true\"><\/i><span class=\"sr-only rs_skip\">Ulkoinen linkki<\/span><span class=\"linktext\">https:\/\/elomake.tampere.fi\/lomakkeet\/24884\/lomake.html<\/span><\/a><span class=\"element-link-inner\"><span class=\"wrap small-text rs_skip\">https:\/\/elomake.tampere.fi\/lomakkeet\/24884\/lomake.html<\/span><\/span><\/p>\r\n&nbsp;\r\n<div class=\"textarea\">\r\n\r\n<b>Lis\u00e4tietoja:\r\n<\/b>Projektikoordinaattori Reetta Lev\u00e4nen\r\nreetta.levanen(at)tampere.fi, 041 730 9113\r\nV\u00e4limuotoista asumista ik\u00e4\u00e4ntyneille Tampereella ja Orivedell\u00e4 -kehitt\u00e4mishanke\r\nIk\u00e4ihmisten palvelut\r\n\r\nKehitt\u00e4miskoordinaattori Elina Pekkarinen\r\nelina.i.pekkarinen(at)tampere.fi, 041 731 3230\r\nAsumisen kehitt\u00e4minen ja palvelutilaverkot\r\n\r\n<\/div>\r\nTiedot poimittu Tampereen kaupungin sivuilta: <a href=\"https:\/\/www.tampere.fi\/tampereen-kaupunki\/ajankohtaista\/tiedotteet\/2022\/01\/12012022_2.html\">Ik\u00e4ihmisten asumisen vaihtoehdoista webinaari 8.2.2022: V\u00e4limuotoisen asumisen ratkaisuja kehitetty Tampereella ja Orivedell\u00e4 [Tampereen kaupunki - Tampereen kaupunki - Ajankohtaista - Tiedotteet - 2022 - Tammikuu]<\/a>","_fi_post_name":"ikaihmisten-asumisen-vaihtoehdoista-webinaari-8-2-2022-valimuotoisen-asumisen-ratkaisuja-kehitetty-tampereella-ja-orivedella","_fi_post_excerpt":"","_fi_post_title":"Ik\u00e4ihmisten asumisen vaihtoehdoista webinaari 8.2.2022: V\u00e4limuotoisen asumisen ratkaisuja kehitetty Tampereella ja Orivedell\u00e4","_en_post_content":"","_en_post_name":"","_en_post_excerpt":"","_en_post_title":"","edit_language":"en","footnotes":""},"categories":[131],"tags":[],"class_list":["post-8441","post","type-post","status-publish","format-standard","has-post-thumbnail","hentry","category-tapahtumat","entry","has-media"],"_links":{"self":[{"href":"https:\/\/www.gerec.fi\/en\/wp-json\/wp\/v2\/posts\/8441","targetHints":{"allow":["GET"]}}],"collection":[{"href":"https:\/\/www.gerec.fi\/en\/wp-json\/wp\/v2\/posts"}],"about":[{"href":"https:\/\/www.gerec.fi\/en\/wp-json\/wp\/v2\/types\/post"}],"author":[{"embeddable":true,"href":"https:\/\/www.gerec.fi\/en\/wp-json\/wp\/v2\/users\/9"}],"replies":[{"embeddable":true,"href":"https:\/\/www.gerec.fi\/en\/wp-json\/wp\/v2\/comments?post=8441"}],"version-history":[{"count":1,"href":"https:\/\/www.gerec.fi\/en\/wp-json\/wp\/v2\/posts\/8441\/revisions"}],"predecessor-version":[{"id":8443,"href":"https:\/\/www.gerec.fi\/en\/wp-json\/wp\/v2\/posts\/8441\/revisions\/8443"}],"wp:featuredmedia":[{"embeddable":true,"href":"https:\/\/www.gerec.fi\/en\/wp-json\/wp\/v2\/media\/8442"}],"wp:attachment":[{"href":"https:\/\/www.gerec.fi\/en\/wp-json\/wp\/v2\/media?parent=8441"}],"wp:term":[{"taxonomy":"category","embeddable":true,"href":"https:\/\/www.gerec.fi\/en\/wp-json\/wp\/v2\/categories?post=8441"},{"taxonomy":"post_tag","embeddable":true,"href":"https:\/\/www.gerec.fi\/en\/wp-json\/wp\/v2\/tags?post=8441"}],"curies":[{"name":"wp","href":"https:\/\/api.w.org\/{rel}","templated":true}]}}