{"id":8401,"date":"2021-12-14T15:03:31","date_gmt":"2021-12-14T13:03:31","guid":{"rendered":"https:\/\/www.gerec.fi\/?p=8401"},"modified":"2021-12-14T15:03:31","modified_gmt":"2021-12-14T13:03:31","slug":"","status":"publish","type":"post","link":"https:\/\/www.gerec.fi\/en\/asumisella-ja-ymparistolla-on-tarkea-yhteys-hyvaan-vanhuuteen\/","title":{"rendered":"","raw":""},"content":{"rendered":"","protected":false,"raw":""},"excerpt":{"rendered":"Hyvi\u00e4 uutisia vanhenemisesta -podcastin 5. jakso on kuunneltavissa! Ymp\u00e4rist\u00f6 voi monin tavoin edist\u00e4\u00e4 aktiivisena ik\u00e4\u00e4ntymist\u00e4. Esimerkiksi asumisella, asuinymp\u00e4rist\u00f6n infrastruktuurilla ja l\u00e4hiluonnolla on vaikutuksensa siihen, miten i\u00e4kk\u00e4\u00e4t ihmiset liikkuvat ja s\u00e4ilytt\u00e4v\u00e4t toimintakykyns\u00e4. Ymp\u00e4rist\u00f6st\u00e4 ja ik\u00e4\u00e4ntymisest\u00e4 keskustelevat tutkimusp\u00e4\u00e4llikk\u00f6 Outi Jolanki Tampereen yliopistosta&hellip;","protected":false,"raw":""},"author":9,"featured_media":8403,"comment_status":"closed","ping_status":"closed","sticky":false,"template":"","format":"standard","meta":{"_mi_skip_tracking":false,"_fi_post_content":"<strong>Hyvi\u00e4 uutisia vanhenemisesta -podcastin 5. jakso on kuunneltavissa!<\/strong>\r\n\r\nYmp\u00e4rist\u00f6 voi monin tavoin edist\u00e4\u00e4 aktiivisena ik\u00e4\u00e4ntymist\u00e4. Esimerkiksi asumisella, asuinymp\u00e4rist\u00f6n infrastruktuurilla ja l\u00e4hiluonnolla on vaikutuksensa siihen, miten i\u00e4kk\u00e4\u00e4t ihmiset liikkuvat ja s\u00e4ilytt\u00e4v\u00e4t toimintakykyns\u00e4. Ymp\u00e4rist\u00f6st\u00e4 ja ik\u00e4\u00e4ntymisest\u00e4 keskustelevat tutkimusp\u00e4\u00e4llikk\u00f6 Outi Jolanki Tampereen yliopistosta ja tutkijatohtori Kirsi Keskinen Jyv\u00e4skyl\u00e4n yliopistosta. Toimittajana on Pia Sivunen.\r\n\r\nhttps:\/\/soundcloud.com\/radio_moreeni\/asumisella-ja-ymparistolla-on-tarkea-yhteys-hyvaan-vanhuuteen?in=radio_moreeni\/sets\/hyviae-uutisia-vanhenemisesta\r\n<div class=\"single-blog-content entry clr\">\r\n\r\nHyvi\u00e4 uutisia vanhenemisesta podcasteissa GEREC:n asiantuntijat kertovat tutkittua tietoa siit\u00e4, millaista el\u00e4m\u00e4mme on yh\u00e4 useamman meist\u00e4 el\u00e4ess\u00e4 yh\u00e4 pitemp\u00e4\u00e4n. Tavoitteena on lis\u00e4t\u00e4 ymm\u00e4rryst\u00e4 t\u00e4ysipainoisen el\u00e4m\u00e4n mahdollisuuksista eri ik\u00e4vaiheissa.\r\n\r\nLue lis\u00e4\u00e4\u00a0<a href=\"https:\/\/www.tuni.fi\/radiomoreeni\/2021\/08\/30\/nyt-puhutaan-tastakin-puolesta-vanhuus-on-myos-tyytyvaista-ja-toimintakykyista-aikaa\/\">Radio Moreenin sivuilta<\/a>\u00a0sek\u00e4 Gerontoblogin kirjoituksesta\u00a0<a href=\"https:\/\/www.gerec.fi\/luvassa-hyvia-uutisia-vanhenemisesta\/\">Luvassa hyvi\u00e4 uutisia vanhenemisesta<\/a>\r\n\r\nTutkitun tiedon teemavuosi on opetus- ja kulttuuriministeri\u00f6n, Suomen Akatemian ja Tieteellisten seurain valtuuskunnan yhteinen hanke, joka toteutetaan laajan yhteisty\u00f6verkon kanssa.\r\n\r\n<a href=\"https:\/\/tutkittutieto.fi\/mika-on-tutkitun-tiedon-teemavuosi\/\">Lue lis\u00e4\u00e4 Tutkitun tiedon teemavuodesta<\/a>\u00a0ja tutustu teemavuoden\u00a0<a href=\"https:\/\/tutkittutieto.fi\/tapahtumat\/\">tapahtumiin.<\/a>\r\n\r\n<\/div>\r\n<div class=\"wpex-social-share position-horizontal style-minimal\" data-source=\"https%3A%2F%2Fwww.gerec.fi%2F\" data-url=\"https%3A%2F%2Fwww.gerec.fi%2Fvanhuus-monimuotoistuu-ja-vahitellen-myos-mielikuvat-siita\" data-title=\"Vanhuus monimuotoistuu, ja v\u00e4hitellen my\u00f6s mielikuvat siit\u00e4\" data-image=\"https%3A%2F%2Fwww.gerec.fi%2Fwp-content%2Fuploads%2F2021%2F11%2FMuuttu_ikaantyminen.png\" data-summary=\"Vanhuus%20muuttuu%20ja%20monimuotoistuu.%20I%C3%A4kk%C3%A4%C3%A4t%20ihmiset%20ovat%20nuortuneet%20ja%20varsinkin%2075%E2%80%9380-vuotiaat%20ovat%20paremmassa%20kunnossa%20kuin%20ik%C3%A4toverinsa%201990-luvulla.%20Hyvi%C3%A4%20uutisia%20vanhenemisesta%20-podcastin%20uusimmassa%20jaksossa%20keskustellaan%20muuttuvasta%20vanhuudesta%20ja%20muuttuvasta%20vanhuuden%20kuvasta.\" data-specs=\"menubar=no,toolbar=no,resizable=yes,scrollbars=yes,height=600,width=600\">\r\n\r\n&nbsp;\r\n\r\n<\/div>","_fi_post_name":"asumisella-ja-ymparistolla-on-tarkea-yhteys-hyvaan-vanhuuteen","_fi_post_excerpt":"","_fi_post_title":"Asumisella ja ymp\u00e4rist\u00f6ll\u00e4 on t\u00e4rke\u00e4 yhteys hyv\u00e4\u00e4n vanhuuteen","_en_post_content":"","_en_post_name":"","_en_post_excerpt":"","_en_post_title":"","edit_language":"en","footnotes":""},"categories":[130],"tags":[],"class_list":["post-8401","post","type-post","status-publish","format-standard","has-post-thumbnail","hentry","category-tiedeuutiset","entry","has-media"],"_links":{"self":[{"href":"https:\/\/www.gerec.fi\/en\/wp-json\/wp\/v2\/posts\/8401","targetHints":{"allow":["GET"]}}],"collection":[{"href":"https:\/\/www.gerec.fi\/en\/wp-json\/wp\/v2\/posts"}],"about":[{"href":"https:\/\/www.gerec.fi\/en\/wp-json\/wp\/v2\/types\/post"}],"author":[{"embeddable":true,"href":"https:\/\/www.gerec.fi\/en\/wp-json\/wp\/v2\/users\/9"}],"replies":[{"embeddable":true,"href":"https:\/\/www.gerec.fi\/en\/wp-json\/wp\/v2\/comments?post=8401"}],"version-history":[{"count":1,"href":"https:\/\/www.gerec.fi\/en\/wp-json\/wp\/v2\/posts\/8401\/revisions"}],"predecessor-version":[{"id":8402,"href":"https:\/\/www.gerec.fi\/en\/wp-json\/wp\/v2\/posts\/8401\/revisions\/8402"}],"wp:featuredmedia":[{"embeddable":true,"href":"https:\/\/www.gerec.fi\/en\/wp-json\/wp\/v2\/media\/8403"}],"wp:attachment":[{"href":"https:\/\/www.gerec.fi\/en\/wp-json\/wp\/v2\/media?parent=8401"}],"wp:term":[{"taxonomy":"category","embeddable":true,"href":"https:\/\/www.gerec.fi\/en\/wp-json\/wp\/v2\/categories?post=8401"},{"taxonomy":"post_tag","embeddable":true,"href":"https:\/\/www.gerec.fi\/en\/wp-json\/wp\/v2\/tags?post=8401"}],"curies":[{"name":"wp","href":"https:\/\/api.w.org\/{rel}","templated":true}]}}