{"id":8376,"date":"2021-12-08T09:01:55","date_gmt":"2021-12-08T07:01:55","guid":{"rendered":"https:\/\/www.gerec.fi\/?p=8376"},"modified":"2021-12-08T09:01:55","modified_gmt":"2021-12-08T07:01:55","slug":"","status":"publish","type":"post","link":"https:\/\/www.gerec.fi\/en\/senioritaloissa-asuvilla-miehilla-on-enemman-toiminnanvajautta-ja-naisilla-yksinaisyytta\/","title":{"rendered":"","raw":""},"content":{"rendered":"","protected":false,"raw":""},"excerpt":{"rendered":"Jyv\u00e4skyl\u00e4n yliopiston liikuntatieteellisen tiedekunnan ja Folkh\u00e4lsanin tutkimuskeskuksen tutkimuksessa selvisi, ett\u00e4 senioritalojen miesasukkailla on heikompi fyysinen toimintakyky kuin kotona asuvilla i\u00e4kk\u00e4ill\u00e4 miehill\u00e4. Senioritaloissa asuvat naiset ovat sen sijaan yksin\u00e4isempi\u00e4 kuin kotona asuvat i\u00e4kk\u00e4\u00e4t naiset. Psyykkisen toimintakyvyn ja sosiaalisten kontaktien suhteen ei&hellip;","protected":false,"raw":""},"author":9,"featured_media":8377,"comment_status":"closed","ping_status":"closed","sticky":false,"template":"","format":"standard","meta":{"_mi_skip_tracking":false,"_fi_post_content":"<strong>Jyv\u00e4skyl\u00e4n yliopiston liikuntatieteellisen tiedekunnan ja Folkh\u00e4lsanin tutkimuskeskuksen tutkimuksessa selvisi, ett\u00e4 senioritalojen miesasukkailla on heikompi fyysinen toimintakyky kuin kotona asuvilla i\u00e4kk\u00e4ill\u00e4 miehill\u00e4. Senioritaloissa asuvat naiset ovat sen sijaan yksin\u00e4isempi\u00e4 kuin kotona asuvat i\u00e4kk\u00e4\u00e4t naiset. Psyykkisen toimintakyvyn ja sosiaalisten kontaktien suhteen ei havaittu eroja asumismuotojen v\u00e4lill\u00e4.<\/strong>\r\n<div id=\"content-core\">\r\n<div class=\"newsitem clearfix\">\r\n<div id=\"parent-fieldname-text\">\r\n\r\nSenioritalot ovat yh\u00e4 suositumpi asumismuoto i\u00e4kk\u00e4iden keskuudessa. Ne tarjoavat esteet\u00f6nt\u00e4 asumista tavallisesti yli 55-vuotiaille tai el\u00e4kkeell\u00e4 oleville henkil\u00f6ille. Asukkaat voivat ostaa tarvitsemiansa arkea helpottavia palveluja, mutta varsinaista hoitoa tai ymp\u00e4rivuorokautista henkil\u00f6kuntaa senioritaloissa ei yleens\u00e4 ole tarjolla. Taloissa j\u00e4rjestet\u00e4\u00e4n usein yhteist\u00e4 ohjelmaa ja aktiviteetteja asukkaille. Talojen aktiviteetit ja vertaiset naapurina voivat lis\u00e4t\u00e4 sosiaalista osallistumista ja tarjota enemm\u00e4n sosiaalista tukea. T\u00e4ll\u00f6in senioritalot voivat tukea hyvinvointia ja kenties lievent\u00e4\u00e4 yksin\u00e4isyyden tunnetta.\r\n\r\nTutkimuksessa vertailtiin senioritalojen asukkaiden ja kotona asuvien i\u00e4kk\u00e4iden itsearvioitua toimintakyky\u00e4, yksin\u00e4isyytt\u00e4 ja sosiaalisia kontakteja. Senioritalojen asukkaiden ja kotona asuvien i\u00e4kk\u00e4iden henkil\u00f6iden terveytt\u00e4 ja toimintakyky\u00e4 on vertailtu tutkimuksissa hyvin v\u00e4h\u00e4n.\r\n\r\n- Senioritaloissa naiset vaikuttavat olevan toimintakyvylt\u00e4\u00e4n samankaltaisia kuin kotona asuvat, joten syy senioritalossa asumiseen tai muuttoon voi olla jokin muu kuin fyysisen toimintakyvyn heikentyminen. Heill\u00e4 ei ehk\u00e4 ole tukiverkostoa tai perhett\u00e4 l\u00e4hell\u00e4, joten senioritalo voi olla houkutteleva asumisvaihtoehto. Toisaalta voi olla, ett\u00e4 senioritalojen asukkaat ovat l\u00e4ht\u00f6kohtaisesti sosiaalisempia, jolloin my\u00f6s yksin\u00e4isyytt\u00e4 saatetaan kokea helpommin. Yksin viihtyv\u00e4 ihminen ei ehk\u00e4 p\u00e4\u00e4tyisi t\u00e4llaiseen asumisratkaisuun. T\u00e4ytyy kuitenkin muistaa, ett\u00e4 tutkimus oli poikkileikkaustutkimus, joten tulosten perusteella ei voida p\u00e4\u00e4tell\u00e4 syy-seuraussuhdetta vaikka yhteyksi\u00e4 havaittiinkin, kertoo tohtorikoulutettava <strong>Anna Lahti.<\/strong>\r\n\r\nTutkimusaineisto koostui senioritalojen asukkaita tutkivasta BoAktiv-kyselytutkimuksesta sek\u00e4 Helsingin syntym\u00e4kohortti-tutkimuksesta. Aineisto ker\u00e4ttiin Folkh\u00e4lsanin senioritaloissa vuosina 2018 ja 2020, ja Helsingin syntym\u00e4kohorttitutkimuksessa vuonna 2015. Osallistujat vastasivat itsen\u00e4isesti laajaan kyselylomakkeeseen, joka sis\u00e4lsi muun muassa toimintakyky\u00e4 ja terveytt\u00e4 mittaavan SF-36-kyselyn sek\u00e4 kysymyksi\u00e4 yksin\u00e4isyydest\u00e4 ja sosiaalisista kontakteista.\r\n\r\nTutkimus toteutettiin Folkh\u00e4lsanin tutkimuskeskuksessa osana Folkh\u00e4lsan\u2019s senior housing and active aging (BoAktiv) -tutkimusta, joka on Folkh\u00e4lsanin tutkimuskeskuksen ja Jyv\u00e4skyl\u00e4n yliopiston yhteisty\u00f6ss\u00e4 toteutettava projekti, jota johtaa Jyv\u00e4skyl\u00e4n yliopiston liikuntatieteellisen tiedekunnan apulaisprofessori <strong>Mikaela von Bonsdorff<\/strong>.\r\n<h4>Alkuper\u00e4inen artikkeli:<\/h4>\r\nLahti, A.-M.; Mikkola, T.M.; Salonen, M.; Wasenius, N.; Sarvim\u00e4ki, A.; Eriksson, J.G.; von Bonsdorff, M.B. Mental, Physical and Social Functioning in Independently Living Senior House Residents and Community-Dwelling Older Adults. Int. J. Environ. Res. Public Health 2021, 18, 12299. <a href=\"https:\/\/doi.org\/10.3390\/ijerph182312299\" target=\"_blank\" rel=\"noopener\" data-linktype=\"external\" data-val=\"https:\/\/doi.org\/10.3390\/ijerph182312299\">https:\/\/doi.org\/10.3390\/ijerph182312299<\/a>\r\n<h4>Lis\u00e4tietoja:<\/h4>\r\nLis\u00e4tietoa tutkimuksesta <a href=\"https:\/\/folkhalsan.fi\/en\/research\/public-health\/group-bonsdorff\/\" target=\"_blank\" rel=\"noopener\" data-linktype=\"external\" data-val=\"https:\/\/folkhalsan.fi\/en\/research\/public-health\/group-bonsdorff\/\">Folkh\u00e4lsanin sivuilta.\u00a0\u00a0<\/a>\r\n\r\nAnna Lahti\r\nTohtorikoulutettava\r\nGerontologian tutkimuskeskus ja liikuntatieteellinen tiedekunta, Jyv\u00e4skyl\u00e4n yliopisto\r\nFolkh\u00e4lsanin tutkimuskeskus, Helsinki\r\nAnna.lahti@folkhalsan.fi\r\n\r\nMikaela von Bonsdorff\r\nApulaisprofessori\r\nGerontologian tutkimuskeskus ja liikuntatieteellinen tiedekunta, Jyv\u00e4skyl\u00e4n yliopisto\r\nFolkh\u00e4lsanin tutkimuskeskus, Helsinki\r\nMikaela.vonbonsdorff@jyu.fi\r\n\r\n<\/div>\r\n<\/div>\r\n<\/div>","_fi_post_name":"senioritaloissa-asuvilla-miehilla-on-enemman-toiminnanvajautta-ja-naisilla-yksinaisyytta","_fi_post_excerpt":"","_fi_post_title":"Senioritaloissa asuvilla miehill\u00e4 on enemm\u00e4n toiminnanvajautta ja naisilla yksin\u00e4isyytt\u00e4","_en_post_content":"","_en_post_name":"","_en_post_excerpt":"","_en_post_title":"","edit_language":"en","footnotes":""},"categories":[130],"tags":[],"class_list":["post-8376","post","type-post","status-publish","format-standard","has-post-thumbnail","hentry","category-tiedeuutiset","entry","has-media"],"_links":{"self":[{"href":"https:\/\/www.gerec.fi\/en\/wp-json\/wp\/v2\/posts\/8376","targetHints":{"allow":["GET"]}}],"collection":[{"href":"https:\/\/www.gerec.fi\/en\/wp-json\/wp\/v2\/posts"}],"about":[{"href":"https:\/\/www.gerec.fi\/en\/wp-json\/wp\/v2\/types\/post"}],"author":[{"embeddable":true,"href":"https:\/\/www.gerec.fi\/en\/wp-json\/wp\/v2\/users\/9"}],"replies":[{"embeddable":true,"href":"https:\/\/www.gerec.fi\/en\/wp-json\/wp\/v2\/comments?post=8376"}],"version-history":[{"count":1,"href":"https:\/\/www.gerec.fi\/en\/wp-json\/wp\/v2\/posts\/8376\/revisions"}],"predecessor-version":[{"id":8378,"href":"https:\/\/www.gerec.fi\/en\/wp-json\/wp\/v2\/posts\/8376\/revisions\/8378"}],"wp:featuredmedia":[{"embeddable":true,"href":"https:\/\/www.gerec.fi\/en\/wp-json\/wp\/v2\/media\/8377"}],"wp:attachment":[{"href":"https:\/\/www.gerec.fi\/en\/wp-json\/wp\/v2\/media?parent=8376"}],"wp:term":[{"taxonomy":"category","embeddable":true,"href":"https:\/\/www.gerec.fi\/en\/wp-json\/wp\/v2\/categories?post=8376"},{"taxonomy":"post_tag","embeddable":true,"href":"https:\/\/www.gerec.fi\/en\/wp-json\/wp\/v2\/tags?post=8376"}],"curies":[{"name":"wp","href":"https:\/\/api.w.org\/{rel}","templated":true}]}}