{"id":8374,"date":"2021-12-08T08:59:34","date_gmt":"2021-12-08T06:59:34","guid":{"rendered":"https:\/\/www.gerec.fi\/?p=8374"},"modified":"2021-12-08T08:59:34","modified_gmt":"2021-12-08T06:59:34","slug":"","status":"publish","type":"post","link":"https:\/\/www.gerec.fi\/en\/marja-jylha-suomella-olisi-varaa-tarjota-kohtuulliset-vanhuuden-palvelut-niita-tarvitseville\/","title":{"rendered":"","raw":""},"content":{"rendered":"","protected":false,"raw":""},"excerpt":{"rendered":"\"Vanhuudesta koituvista menoista vain noin 10 prosenttia koostuu hoivasta. Hoivaa tarvitsee aina vain hyvin pieni osa kerrallaan, eiv\u00e4t kaikki koko ajan\", sanoo gerontologian professori Marja Jylh\u00e4. \"Suomi kyll\u00e4 pystyisi tarjoamaan hyv\u00e4n hoidon ihmisten viimeisiksi vuosiksi. Kyse on siit\u00e4, mit\u00e4 pidet\u00e4\u00e4n&hellip;","protected":false,"raw":""},"author":9,"featured_media":0,"comment_status":"closed","ping_status":"closed","sticky":false,"template":"","format":"standard","meta":{"_mi_skip_tracking":false,"_fi_post_content":"\"Vanhuudesta koituvista menoista vain noin 10 prosenttia koostuu hoivasta. Hoivaa tarvitsee aina vain hyvin pieni osa kerrallaan, eiv\u00e4t kaikki koko ajan\", sanoo gerontologian professori Marja Jylh\u00e4. \"Suomi kyll\u00e4 pystyisi tarjoamaan hyv\u00e4n hoidon ihmisten viimeisiksi vuosiksi. Kyse on siit\u00e4, mit\u00e4 pidet\u00e4\u00e4n t\u00e4rke\u00e4n\u00e4, mit\u00e4 ei.\"\r\n\r\nMarja Jylh\u00e4 vieraili Radio Moreenin Kuuntele tutkijaa -ohjelmassa keskustelemassa vanhenemisesta ja ik\u00e4politiikasta sek\u00e4 Jylh\u00e4n tuoreesta kirjasta Vanhuustutkijan koronavuosi \u2014 My\u00f6h\u00e4iskeski-ik\u00e4 ja pitk\u00e4ik\u00e4isyyden vallankumous. Toimittajana on Pia Sivunen.\r\n\r\nKeskustelun voi kuunnella SoundCloudista: <a href=\"https:\/\/soundcloud.com\/radio_moreeni\/marja-jylha-suomella-olisi-varaa-tarjota-kohtuulliset-vanhuuden-palvelut-niita-tarvitseville?in=radio_moreeni\/sets\/kuuntele-tutkijaa\">https:\/\/soundcloud.com\/radio_moreeni\/marja-jylha-suomella-olisi-varaa-tarjota-kohtuulliset-vanhuuden-palvelut-niita-tarvitseville?in=radio_moreeni\/sets\/kuuntele-tutkijaa<\/a>","_fi_post_name":"marja-jylha-suomella-olisi-varaa-tarjota-kohtuulliset-vanhuuden-palvelut-niita-tarvitseville","_fi_post_excerpt":"","_fi_post_title":"Marja Jylh\u00e4: \"Suomella olisi varaa tarjota kohtuulliset vanhuuden palvelut niit\u00e4 tarvitseville\"","_en_post_content":"","_en_post_name":"","_en_post_excerpt":"","_en_post_title":"","edit_language":"en","footnotes":""},"categories":[130],"tags":[],"class_list":["post-8374","post","type-post","status-publish","format-standard","hentry","category-tiedeuutiset","entry","no-media"],"_links":{"self":[{"href":"https:\/\/www.gerec.fi\/en\/wp-json\/wp\/v2\/posts\/8374","targetHints":{"allow":["GET"]}}],"collection":[{"href":"https:\/\/www.gerec.fi\/en\/wp-json\/wp\/v2\/posts"}],"about":[{"href":"https:\/\/www.gerec.fi\/en\/wp-json\/wp\/v2\/types\/post"}],"author":[{"embeddable":true,"href":"https:\/\/www.gerec.fi\/en\/wp-json\/wp\/v2\/users\/9"}],"replies":[{"embeddable":true,"href":"https:\/\/www.gerec.fi\/en\/wp-json\/wp\/v2\/comments?post=8374"}],"version-history":[{"count":1,"href":"https:\/\/www.gerec.fi\/en\/wp-json\/wp\/v2\/posts\/8374\/revisions"}],"predecessor-version":[{"id":8375,"href":"https:\/\/www.gerec.fi\/en\/wp-json\/wp\/v2\/posts\/8374\/revisions\/8375"}],"wp:attachment":[{"href":"https:\/\/www.gerec.fi\/en\/wp-json\/wp\/v2\/media?parent=8374"}],"wp:term":[{"taxonomy":"category","embeddable":true,"href":"https:\/\/www.gerec.fi\/en\/wp-json\/wp\/v2\/categories?post=8374"},{"taxonomy":"post_tag","embeddable":true,"href":"https:\/\/www.gerec.fi\/en\/wp-json\/wp\/v2\/tags?post=8374"}],"curies":[{"name":"wp","href":"https:\/\/api.w.org\/{rel}","templated":true}]}}