{"id":8351,"date":"2021-11-24T15:27:18","date_gmt":"2021-11-24T13:27:18","guid":{"rendered":"https:\/\/www.gerec.fi\/?p=8351"},"modified":"2021-11-24T15:27:18","modified_gmt":"2021-11-24T13:27:18","slug":"","status":"publish","type":"post","link":"https:\/\/www.gerec.fi\/en\/keski-iassa-koetut-alaselkakivut-ennustavat-vanhuuden-liikkumis-ja-toimintakykya\/","title":{"rendered":"","raw":""},"content":{"rendered":"","protected":false,"raw":""},"excerpt":{"rendered":"Alaselk\u00e4kipu on hyvin yleinen ty\u00f6- ja toimintakyky\u00e4 uhkaava terveysongelma, joka koskettaa l\u00e4hes jokaista aikuista jossakin el\u00e4m\u00e4nvaiheessa. Uudessa Tampereen Yliopiston tutkimuksessa tarkasteltiin alaselk\u00e4kivun kehityspolkuja keski-i\u00e4st\u00e4 el\u00e4keik\u00e4\u00e4n suomalaisilla kuntaty\u00f6ntekij\u00f6ill\u00e4, sek\u00e4 niiden yhteytt\u00e4 my\u00f6hemp\u00e4\u00e4n liikkumis- ja toimintakykyyn. Tulokset osoittavat, ett\u00e4 keski-i\u00e4ss\u00e4 selk\u00e4kivuista usein&hellip;","protected":false,"raw":""},"author":9,"featured_media":8352,"comment_status":"closed","ping_status":"closed","sticky":false,"template":"","format":"standard","meta":{"_mi_skip_tracking":false,"_fi_post_content":"<strong>Alaselk\u00e4kipu on hyvin yleinen ty\u00f6- ja toimintakyky\u00e4 uhkaava terveysongelma, joka koskettaa l\u00e4hes jokaista aikuista jossakin el\u00e4m\u00e4nvaiheessa. Uudessa Tampereen Yliopiston tutkimuksessa tarkasteltiin alaselk\u00e4kivun kehityspolkuja keski-i\u00e4st\u00e4 el\u00e4keik\u00e4\u00e4n suomalaisilla kuntaty\u00f6ntekij\u00f6ill\u00e4, sek\u00e4 niiden yhteytt\u00e4 my\u00f6hemp\u00e4\u00e4n liikkumis- ja toimintakykyyn. Tulokset osoittavat, ett\u00e4 keski-i\u00e4ss\u00e4 selk\u00e4kivuista usein tai ajoittain k\u00e4rsineill\u00e4 on selv\u00e4sti enemm\u00e4n liikkumiskyvyn ongelmia sek\u00e4 vaikeuksia suoriutua itsen\u00e4isesti p\u00e4ivitt\u00e4isist\u00e4 toiminnoista vanhuudessa verrattuna harvoin selk\u00e4kipuja kokeneisiin.<\/strong>\r\n\r\n&nbsp;\r\n\r\nTutkimus perustuu vuonna 1980 alkaneen FLAME-seurantatutkimuksen aineistoon. FLAME-tutkimuksessa on seurattu kyselytutkimusten avulla Suomalaisten kuntaty\u00f6ntekij\u00f6iden ty\u00f6n vaikutuksia terveyteen sek\u00e4 toiminta- ja ty\u00f6kykyyn ty\u00f6ss\u00e4olon aikana ja el\u00e4kei\u00e4ss\u00e4.\r\n\r\nTutkittavilta kysyttiin koetuista selk\u00e4kivuista yhteens\u00e4 nelj\u00e4 kertaa 16 vuoden seurannan aikana. Tutkimuksen tavoitteena oli tunnistaa aineistosta ryhmi\u00e4, joiden selk\u00e4kipujen esiintyvyys noudatti samankaltaista kehityst\u00e4.\r\n\r\n-L\u00f6ysimme kolme erillist\u00e4, melko vakaata alaselk\u00e4kipujen kehityspolkua \u2013 korkean, keskim\u00e4\u00e4r\u00e4isen ja matalan. Alkutilanne ennusti selk\u00e4kipujen kehityst\u00e4 siten, ett\u00e4 seurannan alussa useasti selk\u00e4kivuista k\u00e4rsineet hyvin todenn\u00e4k\u00f6isesti raportoivat selk\u00e4kipuja my\u00f6s seurannan edetess\u00e4 ja ne henkil\u00f6t, jotka olivat alussa kivuttomia, olivat todenn\u00e4k\u00f6isimmin kivuttomia my\u00f6s seurannan lopussa, tutkimuksen ensimm\u00e4inen kirjoittaja, fysioterapeutti ja Tampereen yliopiston v\u00e4it\u00f6skirjatutkija <strong>Saila Kyr\u00f6nlahti<\/strong> kertoo.\r\n\r\nTutkimuksen tulokset ovat linjassa aikaisemman tutkimustiedon kanssa, joka on osoittanut, ett\u00e4 alttius selk\u00e4kipuihin kasvaa, mik\u00e4li taustalla on aikaisempia selk\u00e4kipujaksoja.\r\n\r\nPoikkeuksellista t\u00e4ss\u00e4 tutkimuksessa oli pitk\u00e4 seuranta-aika <strong>\u2014<\/strong> ty\u00f6ntekij\u00f6it\u00e4 seurattiin ty\u00f6i\u00e4st\u00e4 el\u00e4kkeelle ja vanhuuteen saakka. Aikaisemmissa tutkimuksissa ei my\u00f6sk\u00e4\u00e4n ole tutkittu aiemmin koettujen selk\u00e4kipujen yhteytt\u00e4 vanhuuden liikkumis- ja toimintakykyyn. T\u00e4ss\u00e4 tutkimuksessa liikkumiskyvyn ja toimintakyvyn ongelmia tarkasteltiin 28 vuotta seurantatutkimuksen alkamisen j\u00e4lkeen.\r\n\r\n-Tuloksemme osoittivat, ett\u00e4 henkil\u00f6ill\u00e4, joiden selk\u00e4kivut noudattivat korkeaa selk\u00e4kivun kehityspolkua, oli huomattavasti korkeampi riski k\u00e4rsi\u00e4 vanhuudessa liikkumiskyvyn ongelmista. Heill\u00e4 oli my\u00f6s muita useammin vaikeuksia suoriutua itsen\u00e4isesti p\u00e4ivitt\u00e4isist\u00e4 toiminnoista. T\u00e4m\u00e4 yhteys s\u00e4ilyi, vaikka analyyseissa huomioitiin ik\u00e4, elintavat, ty\u00f6n tyyppi (toimistoty\u00f6 vs. manuaalinen ty\u00f6) ja sairaudet.\r\n\r\nTutkimuksen tulokset osoittavat, ett\u00e4 alaselk\u00e4kivuilla voi olla kauaskantoisia seurauksia, ja korostavat siten alaselk\u00e4kipujen hallinnan ja niiden ehk\u00e4isyn t\u00e4rkeytt\u00e4 jo ty\u00f6ik\u00e4isill\u00e4.\r\n\r\n&nbsp;\r\n\r\nTutkimusartikkeli julkaistiin European Journal of Public Health -lehdess\u00e4:\r\n\r\nKyr\u00f6nlahti S, Nyg\u00e5rd CH, KC Prakash, Neupane S 2021. Trajectories of low back pain from midlife to retirement and functional ability at old age. European Journal of Public Health, 2021; ckab191, <a href=\"https:\/\/doi.org\/10.1093\/eurpub\/ckab191\">https:\/\/doi.org\/10.1093\/eurpub\/ckab191<\/a>\r\n\r\n&nbsp;\r\n\r\nLis\u00e4tietoja:\r\n\r\nSaila Kyr\u00f6nlahti\r\n\r\nV\u00e4it\u00f6skirjatutkija\r\n\r\n<a href=\"mailto:saila.kyronlahti@tuni.fi\">saila.kyronlahti@tuni.fi<\/a>\r\n\r\n<a href=\"tel:+358503182275\">+358503182275<\/a>","_fi_post_name":"keski-iassa-koetut-alaselkakivut-ennustavat-vanhuuden-liikkumis-ja-toimintakykya","_fi_post_excerpt":"","_fi_post_title":"Keski-i\u00e4ss\u00e4 koetut alaselk\u00e4kivut ennustavat vanhuuden liikkumis- ja toimintakyky\u00e4","_en_post_content":"","_en_post_name":"","_en_post_excerpt":"","_en_post_title":"","edit_language":"en","footnotes":""},"categories":[130],"tags":[],"class_list":["post-8351","post","type-post","status-publish","format-standard","has-post-thumbnail","hentry","category-tiedeuutiset","entry","has-media"],"_links":{"self":[{"href":"https:\/\/www.gerec.fi\/en\/wp-json\/wp\/v2\/posts\/8351","targetHints":{"allow":["GET"]}}],"collection":[{"href":"https:\/\/www.gerec.fi\/en\/wp-json\/wp\/v2\/posts"}],"about":[{"href":"https:\/\/www.gerec.fi\/en\/wp-json\/wp\/v2\/types\/post"}],"author":[{"embeddable":true,"href":"https:\/\/www.gerec.fi\/en\/wp-json\/wp\/v2\/users\/9"}],"replies":[{"embeddable":true,"href":"https:\/\/www.gerec.fi\/en\/wp-json\/wp\/v2\/comments?post=8351"}],"version-history":[{"count":1,"href":"https:\/\/www.gerec.fi\/en\/wp-json\/wp\/v2\/posts\/8351\/revisions"}],"predecessor-version":[{"id":8353,"href":"https:\/\/www.gerec.fi\/en\/wp-json\/wp\/v2\/posts\/8351\/revisions\/8353"}],"wp:featuredmedia":[{"embeddable":true,"href":"https:\/\/www.gerec.fi\/en\/wp-json\/wp\/v2\/media\/8352"}],"wp:attachment":[{"href":"https:\/\/www.gerec.fi\/en\/wp-json\/wp\/v2\/media?parent=8351"}],"wp:term":[{"taxonomy":"category","embeddable":true,"href":"https:\/\/www.gerec.fi\/en\/wp-json\/wp\/v2\/categories?post=8351"},{"taxonomy":"post_tag","embeddable":true,"href":"https:\/\/www.gerec.fi\/en\/wp-json\/wp\/v2\/tags?post=8351"}],"curies":[{"name":"wp","href":"https:\/\/api.w.org\/{rel}","templated":true}]}}