{"id":8347,"date":"2021-11-22T11:29:15","date_gmt":"2021-11-22T09:29:15","guid":{"rendered":"https:\/\/www.gerec.fi\/?p=8347"},"modified":"2021-11-22T11:29:15","modified_gmt":"2021-11-22T09:29:15","slug":"","status":"publish","type":"post","link":"https:\/\/www.gerec.fi\/en\/uusia-luottamustoimia-gerecin-tutkijoille\/","title":{"rendered":"","raw":""},"content":{"rendered":"","protected":false,"raw":""},"excerpt":{"rendered":"Ik\u00e4\u00e4ntymisen tutkijat ovat aktiivisia yhteiskunnallisia vaikuttajia ja asiantuntijoita. &nbsp; Tenure track professori Jenni Kulmala valittiin Muistiliiton puheenjohtajaksi liittovaltuuston syyskokouksessa lauantaina 20.11.2021. Muistiliitto on\u00a0muistisairaiden ihmisten ja heid\u00e4n l\u00e4heistens\u00e4 oma j\u00e4rjest\u00f6, joka toimii muistisairaiden ihmisten sek\u00e4 heid\u00e4n l\u00e4heistens\u00e4 kansanterveys-, potilas- ja edunvalvontaj\u00e4rjest\u00f6n\u00e4.&hellip;","protected":false,"raw":""},"author":9,"featured_media":0,"comment_status":"closed","ping_status":"closed","sticky":false,"template":"","format":"standard","meta":{"_mi_skip_tracking":false,"_fi_post_content":"<strong>Ik\u00e4\u00e4ntymisen tutkijat ovat aktiivisia yhteiskunnallisia vaikuttajia ja asiantuntijoita.<\/strong>\r\n\r\n&nbsp;\r\n\r\nTenure track professori <strong>Jenni Kulmala<\/strong> valittiin Muistiliiton puheenjohtajaksi liittovaltuuston syyskokouksessa lauantaina 20.11.2021. Muistiliitto on\u00a0muistisairaiden ihmisten ja heid\u00e4n l\u00e4heistens\u00e4 oma j\u00e4rjest\u00f6, joka toimii muistisairaiden ihmisten sek\u00e4 heid\u00e4n l\u00e4heistens\u00e4 kansanterveys-, potilas- ja edunvalvontaj\u00e4rjest\u00f6n\u00e4. \u00a0Muistiliitto on 43 j\u00e4senyhdistyksens\u00e4 valtakunnallinen kattoj\u00e4rjest\u00f6, jonka j\u00e4senyhdistyksiin kuulu jo noin 14 500 j\u00e4sent\u00e4 ymp\u00e4ri Suomen.\r\n\r\nLis\u00e4tietoja: <a href=\"https:\/\/www.muistiliitto.fi\/fi\/ajankohtaista\/muistiliiton-liittovaltuusto-henkiloston-maara-ei-riita-takaamaan-muistisairaan-laadukasta-hoivaa-vaan-tarvitaan-erityisosaamist\">https:\/\/www.muistiliitto.fi\/fi\/ajankohtaista\/muistiliiton-liittovaltuusto-henkiloston-maara-ei-riita-takaamaan-muistisairaan-laadukasta-hoivaa-vaan-tarvitaan-erityisosaamist<\/a>\r\n\r\n<img class=\"alignnone wp-image-8348 size-medium\" src=\"https:\/\/www.gerec.fi\/wp-content\/uploads\/2021\/11\/Jenni_syyskuva6-300x176.jpg\" alt=\"\" width=\"300\" height=\"176\" \/>\r\n\r\n&nbsp;\r\n\r\nTutkija <strong>Vilhelmiina Lehto-Niskala<\/strong> valittiin Akavan sairaanhoitajien ja Taja ry:n uudeksi puheenjohtajaksi torstaina 18.11.2021 j\u00e4rjestetyss\u00e4 syyskokouksessa. Akavan sairaanhoitajat ja Taja ry on valtakunnallinen sosiaali- ja terveydenhuollon alalla johto- ja asiantuntijateht\u00e4viss\u00e4 toimivien ja alaa opiskelevien edunvalvontaj\u00e4rjest\u00f6. J\u00e4rjest\u00f6 ajaa j\u00e4sentens\u00e4 ammatillisia, koulutuksellisia ja taloudellisia etuja, edist\u00e4\u00e4 j\u00e4senist\u00f6ns\u00e4 ammattitietouden ja -taidon yll\u00e4pit\u00e4mist\u00e4 ja kehitt\u00e4mist\u00e4 sek\u00e4 edist\u00e4\u00e4 hyvinvointipalvelujen kehityst\u00e4.\r\n\r\nLis\u00e4tietoja: <a href=\"https:\/\/www.taja.fi\/tajan-uutiset\/vilhelmiina-lehto-niskala-tajan-puheenjohtajaksi\/\">https:\/\/www.taja.fi\/tajan-uutiset\/vilhelmiina-lehto-niskala-tajan-puheenjohtajaksi\/<\/a>\r\n\r\n<img class=\"alignnone wp-image-8171 size-medium\" src=\"https:\/\/www.gerec.fi\/wp-content\/uploads\/2021\/08\/vilhelmiinalehto-niskala900_0-300x200.jpg\" alt=\"\" width=\"300\" height=\"200\" \/>\r\n\r\n(kuva Paavo Niskala)\r\n\r\n&nbsp;\r\n\r\nMolemmat tutkijat ty\u00f6skentelev\u00e4t Tampereen yliopistossa ja Gerontologian tutkimuskeskus GERECiss\u00e4 sek\u00e4 Ik\u00e4\u00e4ntymisen ja hoivan tutkimuksen huippuyksik\u00f6ss\u00e4.\r\n\r\n<strong>L\u00e4mpim\u00e4t onnittelut Vilhelmiina ja Jenni!<\/strong>","_fi_post_name":"uusia-luottamustoimia-gerecin-tutkijoille","_fi_post_excerpt":"","_fi_post_title":"Uusia luottamustoimia GERECin tutkijoille!","_en_post_content":"","_en_post_name":"","_en_post_excerpt":"","_en_post_title":"","edit_language":"en","footnotes":""},"categories":[130],"tags":[],"class_list":["post-8347","post","type-post","status-publish","format-standard","hentry","category-tiedeuutiset","entry","no-media"],"_links":{"self":[{"href":"https:\/\/www.gerec.fi\/en\/wp-json\/wp\/v2\/posts\/8347","targetHints":{"allow":["GET"]}}],"collection":[{"href":"https:\/\/www.gerec.fi\/en\/wp-json\/wp\/v2\/posts"}],"about":[{"href":"https:\/\/www.gerec.fi\/en\/wp-json\/wp\/v2\/types\/post"}],"author":[{"embeddable":true,"href":"https:\/\/www.gerec.fi\/en\/wp-json\/wp\/v2\/users\/9"}],"replies":[{"embeddable":true,"href":"https:\/\/www.gerec.fi\/en\/wp-json\/wp\/v2\/comments?post=8347"}],"version-history":[{"count":2,"href":"https:\/\/www.gerec.fi\/en\/wp-json\/wp\/v2\/posts\/8347\/revisions"}],"predecessor-version":[{"id":8350,"href":"https:\/\/www.gerec.fi\/en\/wp-json\/wp\/v2\/posts\/8347\/revisions\/8350"}],"wp:attachment":[{"href":"https:\/\/www.gerec.fi\/en\/wp-json\/wp\/v2\/media?parent=8347"}],"wp:term":[{"taxonomy":"category","embeddable":true,"href":"https:\/\/www.gerec.fi\/en\/wp-json\/wp\/v2\/categories?post=8347"},{"taxonomy":"post_tag","embeddable":true,"href":"https:\/\/www.gerec.fi\/en\/wp-json\/wp\/v2\/tags?post=8347"}],"curies":[{"name":"wp","href":"https:\/\/api.w.org\/{rel}","templated":true}]}}