{"id":8336,"date":"2021-11-17T15:14:45","date_gmt":"2021-11-17T13:14:45","guid":{"rendered":"https:\/\/www.gerec.fi\/?p=8336"},"modified":"2021-12-02T16:06:13","modified_gmt":"2021-12-02T14:06:13","slug":"","status":"publish","type":"post","link":"https:\/\/www.gerec.fi\/en\/ageing-city-seminaari-tampereella-16-17-12-2021\/","title":{"rendered":"","raw":""},"content":{"rendered":"","protected":false,"raw":""},"excerpt":{"rendered":"Kiristyv\u00e4st\u00e4 koronatilanteesta johtuen Ik\u00e4yst\u00e4v\u00e4llinen kaupunki (AGEING CITY) seminaari joudutaan valitettavasti siirt\u00e4m\u00e4\u00e4n kev\u00e4\u00e4seen 2022, jolloin voimme toivottavasti kohdata turvallisesti kasvokkain Tampereella. Seuraamme koronatilanteen kehittymist\u00e4 ja p\u00e4\u00e4t\u00e4mme sek\u00e4 viestimme uudet seminaarip\u00e4iv\u00e4t tammi\/helmikuussa 2022. Toivottavasti tapaamme ensi vuonna! &nbsp; Tampereen yliopiston tutkimusyhteis\u00f6 STUE&hellip;","protected":false,"raw":""},"author":9,"featured_media":8337,"comment_status":"closed","ping_status":"closed","sticky":false,"template":"","format":"standard","meta":{"_mi_skip_tracking":false,"_fi_post_content":"<p class=\"xmsonormal\"><strong>Kiristyv\u00e4st\u00e4 koronatilanteesta johtuen Ik\u00e4yst\u00e4v\u00e4llinen kaupunki (AGEING CITY) seminaari joudutaan valitettavasti siirt\u00e4m\u00e4\u00e4n kev\u00e4\u00e4seen 2022, jolloin voimme toivottavasti kohdata turvallisesti kasvokkain Tampereella.<\/strong> Seuraamme koronatilanteen kehittymist\u00e4 ja p\u00e4\u00e4t\u00e4mme sek\u00e4 viestimme uudet seminaarip\u00e4iv\u00e4t tammi\/helmikuussa 2022. Toivottavasti tapaamme ensi vuonna!<\/p>\r\n&nbsp;\r\n<p class=\"xmsonormal\"><strong>Tampereen yliopiston tutkimusyhteis\u00f6 <a href=\"https:\/\/projects.tuni.fi\/stue\/\">STUE \u2013 Sustainable Transformation of Urban Environments<\/a> j\u00e4rjest\u00e4\u00e4 AGEING CITY -seminaarin Tampereella 16.-17.12.2021.<\/strong><\/p>\r\n<p class=\"xmsonormal\">AGEING CITY (Ik\u00e4yst\u00e4v\u00e4llinen kaupunki) seminaari tuo yhteen kehitt\u00e4ji\u00e4, suunnittelijoita, palveluntarjoajia ja tutkijoita. Tapahtuma on <span class=\"xnormaltextrun\"><span style=\"color: black; background: white;\">monialainen ja\u00a0-tieteinen. <\/span><\/span><\/p>\r\n<p class=\"xmsonormal\"><span class=\"xnormaltextrun\"><span style=\"color: black; background: white;\">Kaikki kiinnostuneet ovat tervetulleita mukaan.<\/span><\/span> Molemmat seminaarip\u00e4iv\u00e4t j\u00e4rjestet\u00e4\u00e4n live-toteutuksena Technopolis Yliopistonrinteen tiloissa (Kalevantie 2, Tampere).<\/p>\r\n<p class=\"xmsonormal\">Lis\u00e4tietoja seminaarista ja linkin ilmoittautumiseen l\u00f6yd\u00e4t alta. (* in English below)<\/p>\r\n&nbsp;\r\n\r\n<strong>Tervetuloa Ik\u00e4yst\u00e4v\u00e4llinen kaupunki -seminaariin!\r\n<\/strong>\r\n\r\nMillainen on kest\u00e4v\u00e4 ja ik\u00e4yst\u00e4v\u00e4llinen kaupunki? Tampereen yliopiston tutkimusyhteis\u00f6 STUE \u2013 Sustainable Transformation of Urban Environments kutsuu toimijoita keskustelemaan, oppimaan ja luomaan yhdess\u00e4 ratkaisuja ja visioita.\r\n\r\nElini\u00e4nodotteen mukaisesti yh\u00e4 useampi meist\u00e4 suomalaisista el\u00e4\u00e4 hyvin pitk\u00e4n el\u00e4m\u00e4n. T\u00e4m\u00e4 luo monenlaisia kysymyksi\u00e4 kaupunkien suunnitteluun ja kehitt\u00e4miseen. Kaupunkiymp\u00e4rist\u00f6n rakenteet, asuntokanta, liikennej\u00e4rjestelm\u00e4t ja palvelut tulee suunnitella ja toteuttaa tavalla, joka ottaa huomioon kasvavan my\u00f6h\u00e4iskeski-ik\u00e4isten ja i\u00e4kk\u00e4iden osuuden kaupunkiymp\u00e4rist\u00f6n asukkaina, ty\u00f6ntekij\u00f6in\u00e4, kuluttajina ja liikkujina. Toisaalta elini\u00e4n piteneminen haastaa kehitt\u00e4m\u00e4\u00e4n ketteri\u00e4 kaupunkiymp\u00e4rist\u00f6n rakenteita, jotka pystyv\u00e4t vastaamaan yksil\u00f6iden muuttuviin tarpeisiin ja toiveisiin l\u00e4pi hyvin pitk\u00e4n el\u00e4m\u00e4nkulun.\r\n\r\n&nbsp;\r\n\r\nAGEING CITY (Ik\u00e4yst\u00e4v\u00e4llinen kaupunki) seminaari tuo yhteen kehitt\u00e4ji\u00e4, suunnittelijoita, palveluntarjoajia ja tutkijoita. Tapahtuma on monialainen ja\u00a0-tieteinen. Kaikki kiinnostuneet ovat tervetulleita mukaan.\r\n\r\nSeminaariin kuuluu kaksi puolen p\u00e4iv\u00e4n mittaista osiota:\r\n<ol>\r\n \t<li><strong>Torstaina 16.12. klo 12-16.30<\/strong> keskitymme kehitt\u00e4m\u00e4\u00e4n visiota kest\u00e4v\u00e4\u00e4n ik\u00e4yst\u00e4v\u00e4lliseen kaupunkiin eri toimijoiden yhteisvoimin. Seminaarip\u00e4iv\u00e4 alkaa lounastarjoilulla (klo 12-13), jonka j\u00e4lkeen luvassa on inspiroivia puheenvuoroja, keskustelua ja ajatuksia her\u00e4tt\u00e4v\u00e4\u00e4 workshop-ty\u00f6skentely\u00e4. Tarkemmat tiedot ohjelmasta ja puhujista viestit\u00e4\u00e4n pian.<\/li>\r\n \t<li><strong>Perjantaina 17.12. klo 9-12.30<\/strong> jatkamme kehitt\u00e4m\u00e4ll\u00e4 kest\u00e4v\u00e4\u00e4n ik\u00e4yst\u00e4v\u00e4lliseen kaupunkiin liittyv\u00e4\u00e4 tutkimusta. Tarjolla inspiroivia puheenvuoroja, keskusteluja ja workshop-ty\u00f6skentely\u00e4. Tarkemmat tiedot ohjelmasta ja puhujista viestit\u00e4\u00e4n pian.<\/li>\r\n<\/ol>\r\n&nbsp;\r\n\r\nOlet tervetullut osallistumaan koko seminaariin tai vain toiseen seminaariosioon. Seminaari on maksuton. Molemmat seminaarip\u00e4iv\u00e4t j\u00e4rjestet\u00e4\u00e4n live-toteutuksena Technopolis Yliopistonrinteen tiloissa (Kalevantie 2, Tampere). Tilaisuus on kaksikielinen: Ty\u00f6pajat j\u00e4rjestet\u00e4\u00e4n suomeksi ja englanniksi. TO 16.12. kaksi puheenvuoroista on suomenkielisi\u00e4 ja kaksi englanninkielisi\u00e4 ja PE 17.12. kaikki puheenvuorot ovat englanninkielisi\u00e4.\r\n\r\n<a href=\"https:\/\/www.lyyti.fi\/reg\/AGEING_CITY_seminar_3702\/fi\"><strong>Ilmoittaudu mukaan 7.12. klo 15 menness\u00e4<\/strong><\/a>\r\n\r\n<strong>Lis\u00e4tietoja<\/strong>: Tutkimuskoordinaattori Alisa V\u00e4nttinen, alisa.vanttinen@tuni.fi\r\n\r\n&nbsp;\r\n\r\n<strong>Due to COVID19 situation in Pirkanmaa AGEING CITY seminar will be postponed to Spring 2022, when we will hopefully be able to meet F2F safely.<\/strong> Seminar dates will be set and registration reopened in January\/February 2022. We hope to see you next Spring!\r\n\r\n<strong>Welcome to AGEING CITY seminar on December 16<sup>th<\/sup>-17<sup>th<\/sup>!<\/strong> (In Finnish below)\r\n\r\nIncreasing life expectancy means that a long life is becoming reality for an increasing number of people. A parallel development to longevity is our increasing tendency to live, gather, and work in urban environments. How can we create a sustainable age friendly city? Tampere university\u2019s research community STUE \u2013 Sustainable Transformation of Urban Environments invites you to discuss and develop solutions and visions.\r\n\r\nLongevity has two-fold implications for urban development. First, cities need to accommodate their structures, and housing, transport, and service systems to an increasing share of older adults that reside, work, consume, and move about in an urban environment. Second, cities need to cater for the long lives that individuals live in the urban environment, and ensure, that the structures flexibly respond to the changing needs and preferences across the life course.\r\n\r\n&nbsp;\r\n\r\nAGEING CITY seminar brings stakeholders, developers, service providers and researchers together around the topic of sustainable age friendly city. The seminar consists of two half-day long parts:\r\n<ol>\r\n \t<li><strong>On Thursday December 16<sup>th<\/sup> \u00a0at 12-16.30<\/strong> we will focus on developing visions for sustainable aging city as a joined effort of stakeholders, developers, service providers and researchers. This half day seminar starts with lunch (at 12-13), followed by short inspirational talks and thought-provoking workshop. Speakers TBC.<\/li>\r\n \t<li><strong>On Friday December 17<sup>th<\/sup> at 9-12.30<\/strong> we will focus on discussing and developing new research to support sustainable aging city. This half day seminar offers inspirational talks followed by though-provoking workshop. Speakers TBC.<\/li>\r\n<\/ol>\r\n&nbsp;\r\n\r\nYou are welcome to participate either the whole seminar or just one day. The seminar is free of charge. Both seminar days will be arranged F2F in Technopolis Yliopistonrinne (Kalevantie 2, Tampere, Finland). The event is bilingual: Workshops will be arranged both in English and Finnish. On 16.12. couple of short talks will be in Finnish and couple in English. On 17.12. all talks will be in English.\r\n\r\n<strong>More information:<\/strong>\r\n<p class=\"sc-bdVaJa sc-htpNat gfPSep\">Research Coordinator Alisa V\u00e4nttinen, alisa.vanttinen@tuni.fi<\/p>\r\n&nbsp;\r\n\r\n&nbsp;","_fi_post_name":"ageing-city-seminaari-tampereella-16-17-12-2021","_fi_post_excerpt":"","_fi_post_title":"Tapahtuma siirtyy \/ Postponed: AGEING CITY -seminaari Tampereella","_en_post_content":"","_en_post_name":"","_en_post_excerpt":"","_en_post_title":"","edit_language":"en","footnotes":""},"categories":[131],"tags":[],"class_list":["post-8336","post","type-post","status-publish","format-standard","has-post-thumbnail","hentry","category-tapahtumat","entry","has-media"],"_links":{"self":[{"href":"https:\/\/www.gerec.fi\/en\/wp-json\/wp\/v2\/posts\/8336","targetHints":{"allow":["GET"]}}],"collection":[{"href":"https:\/\/www.gerec.fi\/en\/wp-json\/wp\/v2\/posts"}],"about":[{"href":"https:\/\/www.gerec.fi\/en\/wp-json\/wp\/v2\/types\/post"}],"author":[{"embeddable":true,"href":"https:\/\/www.gerec.fi\/en\/wp-json\/wp\/v2\/users\/9"}],"replies":[{"embeddable":true,"href":"https:\/\/www.gerec.fi\/en\/wp-json\/wp\/v2\/comments?post=8336"}],"version-history":[{"count":7,"href":"https:\/\/www.gerec.fi\/en\/wp-json\/wp\/v2\/posts\/8336\/revisions"}],"predecessor-version":[{"id":8368,"href":"https:\/\/www.gerec.fi\/en\/wp-json\/wp\/v2\/posts\/8336\/revisions\/8368"}],"wp:featuredmedia":[{"embeddable":true,"href":"https:\/\/www.gerec.fi\/en\/wp-json\/wp\/v2\/media\/8337"}],"wp:attachment":[{"href":"https:\/\/www.gerec.fi\/en\/wp-json\/wp\/v2\/media?parent=8336"}],"wp:term":[{"taxonomy":"category","embeddable":true,"href":"https:\/\/www.gerec.fi\/en\/wp-json\/wp\/v2\/categories?post=8336"},{"taxonomy":"post_tag","embeddable":true,"href":"https:\/\/www.gerec.fi\/en\/wp-json\/wp\/v2\/tags?post=8336"}],"curies":[{"name":"wp","href":"https:\/\/api.w.org\/{rel}","templated":true}]}}