{"id":8332,"date":"2021-11-16T09:35:12","date_gmt":"2021-11-16T07:35:12","guid":{"rendered":"https:\/\/www.gerec.fi\/?p=8332"},"modified":"2021-11-16T09:35:12","modified_gmt":"2021-11-16T07:35:12","slug":"","status":"publish","type":"post","link":"https:\/\/www.gerec.fi\/en\/vanhuus-monimuotoistuu-ja-vahitellen-myos-mielikuvat-siita\/","title":{"rendered":"","raw":""},"content":{"rendered":"","protected":false,"raw":""},"excerpt":{"rendered":"Vanhuus muuttuu ja monimuotoistuu. I\u00e4kk\u00e4\u00e4t ihmiset ovat nuortuneet ja varsinkin 75\u201380-vuotiaat ovat paremmassa kunnossa kuin ik\u00e4toverinsa 1990-luvulla. Hyvi\u00e4 uutisia vanhenemisesta -podcastin uusimmassa jaksossa keskustellaan muuttuvasta vanhuudesta ja muuttuvasta vanhuuden kuvasta. Jakson vieraina ovat yliopistonlehtori Kirsi Lumme-Sandt Tampereen yliopistosta ja professori&hellip;","protected":false,"raw":""},"author":9,"featured_media":8333,"comment_status":"closed","ping_status":"closed","sticky":false,"template":"","format":"standard","meta":{"_mi_skip_tracking":false,"_fi_post_content":"<div class=\"kvgmc6g5 cxmmr5t8 oygrvhab hcukyx3x c1et5uql ii04i59q\">\r\n<div dir=\"auto\"><strong>Vanhuus muuttuu ja monimuotoistuu. I\u00e4kk\u00e4\u00e4t ihmiset ovat nuortuneet ja varsinkin 75\u201380-vuotiaat ovat paremmassa kunnossa kuin ik\u00e4toverinsa 1990-luvulla.<\/strong><\/div>\r\n<div dir=\"auto\">Hyvi\u00e4 uutisia vanhenemisesta -podcastin uusimmassa jaksossa keskustellaan muuttuvasta vanhuudesta ja muuttuvasta vanhuuden kuvasta. Jakson vieraina ovat yliopistonlehtori <strong>Kirsi Lumme-Sandt<\/strong> Tampereen yliopistosta ja professori <strong>Taina Rantanen<\/strong> Jyv\u00e4skyl\u00e4n yliopistosta. Toimittajana on Radio Moreenin Pia Sivunen.<\/div>\r\n<\/div>\r\n<div class=\"o9v6fnle cxmmr5t8 oygrvhab hcukyx3x c1et5uql ii04i59q\">\r\n<div dir=\"auto\">Kuuntele uusin jakso ja muut podcast-sarjan jaksot SoundCloudista:<\/div>\r\n<div dir=\"auto\"><\/div>\r\n<div dir=\"auto\"><a class=\"oajrlxb2 g5ia77u1 qu0x051f esr5mh6w e9989ue4 r7d6kgcz rq0escxv nhd2j8a9 nc684nl6 p7hjln8o kvgmc6g5 cxmmr5t8 oygrvhab hcukyx3x jb3vyjys rz4wbd8a qt6c0cv9 a8nywdso i1ao9s8h esuyzwwr f1sip0of lzcic4wl py34i1dx gpro0wi8\" tabindex=\"0\" role=\"link\" href=\"https:\/\/soundcloud.com\/radio_moreeni\/vanhuus-monimuotoistuu-ja-vahitellen-myos-mielikuvat-siita?in=radio_moreeni%2Fsets%2Fhyviae-uutisia-vanhenemisesta&amp;fbclid=IwAR04AFtKv-q3tTo2-sISapv1LqSp-eNEZXaGW38QpFjpVRGQlSjTvvuUnIQ\" target=\"_blank\" rel=\"nofollow noopener\">https:\/\/soundcloud.com\/radio_moreeni\/vanhuus-monimuotoistuu-ja-vahitellen-myos-mielikuvat-siita?in=radio_moreeni\/sets\/hyviae-uutisia-vanhenemisesta<\/a><\/div>\r\n<\/div>\r\n&nbsp;\r\n\r\nHyvi\u00e4 uutisia vanhenemisesta podcasteissa GEREC:n asiantuntijat kertovat tutkittua tietoa siit\u00e4, millaista el\u00e4m\u00e4mme on yh\u00e4 useamman meist\u00e4 el\u00e4ess\u00e4 yh\u00e4 pitemp\u00e4\u00e4n. Tavoitteena on lis\u00e4t\u00e4 ymm\u00e4rryst\u00e4 t\u00e4ysipainoisen el\u00e4m\u00e4n mahdollisuuksista eri ik\u00e4vaiheissa.\r\n\r\nLue lis\u00e4\u00e4\u00a0<a href=\"https:\/\/www.tuni.fi\/radiomoreeni\/2021\/08\/30\/nyt-puhutaan-tastakin-puolesta-vanhuus-on-myos-tyytyvaista-ja-toimintakykyista-aikaa\/\">Radio Moreenin sivuilta<\/a>\u00a0sek\u00e4 Gerontoblogin kirjoituksesta\u00a0<a href=\"https:\/\/www.gerec.fi\/luvassa-hyvia-uutisia-vanhenemisesta\/\">Luvassa hyvi\u00e4 uutisia vanhenemisesta<\/a>\r\n\r\nTutkitun tiedon teemavuosi on opetus- ja kulttuuriministeri\u00f6n, Suomen Akatemian ja Tieteellisten seurain valtuuskunnan yhteinen hanke, joka toteutetaan laajan yhteisty\u00f6verkon kanssa.\r\n\r\n<a href=\"https:\/\/tutkittutieto.fi\/mika-on-tutkitun-tiedon-teemavuosi\/\">Lue lis\u00e4\u00e4 Tutkitun tiedon teemavuodesta<\/a>\u00a0ja tutustu teemavuoden\u00a0<a href=\"https:\/\/tutkittutieto.fi\/tapahtumat\/\">tapahtumiin.<\/a>","_fi_post_name":"vanhuus-monimuotoistuu-ja-vahitellen-myos-mielikuvat-siita","_fi_post_excerpt":"","_fi_post_title":"Vanhuus monimuotoistuu, ja v\u00e4hitellen my\u00f6s mielikuvat siit\u00e4","_en_post_content":"","_en_post_name":"","_en_post_excerpt":"","_en_post_title":"","edit_language":"en","footnotes":""},"categories":[130],"tags":[],"class_list":["post-8332","post","type-post","status-publish","format-standard","has-post-thumbnail","hentry","category-tiedeuutiset","entry","has-media"],"_links":{"self":[{"href":"https:\/\/www.gerec.fi\/en\/wp-json\/wp\/v2\/posts\/8332","targetHints":{"allow":["GET"]}}],"collection":[{"href":"https:\/\/www.gerec.fi\/en\/wp-json\/wp\/v2\/posts"}],"about":[{"href":"https:\/\/www.gerec.fi\/en\/wp-json\/wp\/v2\/types\/post"}],"author":[{"embeddable":true,"href":"https:\/\/www.gerec.fi\/en\/wp-json\/wp\/v2\/users\/9"}],"replies":[{"embeddable":true,"href":"https:\/\/www.gerec.fi\/en\/wp-json\/wp\/v2\/comments?post=8332"}],"version-history":[{"count":2,"href":"https:\/\/www.gerec.fi\/en\/wp-json\/wp\/v2\/posts\/8332\/revisions"}],"predecessor-version":[{"id":8335,"href":"https:\/\/www.gerec.fi\/en\/wp-json\/wp\/v2\/posts\/8332\/revisions\/8335"}],"wp:featuredmedia":[{"embeddable":true,"href":"https:\/\/www.gerec.fi\/en\/wp-json\/wp\/v2\/media\/8333"}],"wp:attachment":[{"href":"https:\/\/www.gerec.fi\/en\/wp-json\/wp\/v2\/media?parent=8332"}],"wp:term":[{"taxonomy":"category","embeddable":true,"href":"https:\/\/www.gerec.fi\/en\/wp-json\/wp\/v2\/categories?post=8332"},{"taxonomy":"post_tag","embeddable":true,"href":"https:\/\/www.gerec.fi\/en\/wp-json\/wp\/v2\/tags?post=8332"}],"curies":[{"name":"wp","href":"https:\/\/api.w.org\/{rel}","templated":true}]}}