{"id":8324,"date":"2021-11-12T09:08:55","date_gmt":"2021-11-12T07:08:55","guid":{"rendered":"https:\/\/www.gerec.fi\/?p=8324"},"modified":"2021-11-30T10:58:12","modified_gmt":"2021-11-30T08:58:12","slug":"","status":"publish","type":"post","link":"https:\/\/www.gerec.fi\/en\/koronasulku-ei-pahasti-jarkyttanyt-ikaihmisten-arkea\/","title":{"rendered":"","raw":""},"content":{"rendered":"","protected":false,"raw":""},"excerpt":{"rendered":"Yli 65-vuotiaat suhtautuivat koronapandemian vaatimiin muutoksiin arjessaan joustavasti ja sopeutuen. T\u00e4m\u00e4 ilmenee uudesta puhelinhaastatteluihin pohjautuvasta tutkimuksesta. Monen haastatellun arki oli s\u00e4ilynyt melko ennallaan. Joidenkin arki oli kuitenkin muuttunut huonommaksi ja hyvinvointi heikentynyt erityisesti sosiaalisten kontaktien harvenemisen takia. Oli niit\u00e4kin, jotka&hellip;","protected":false,"raw":""},"author":9,"featured_media":8325,"comment_status":"closed","ping_status":"closed","sticky":false,"template":"","format":"standard","meta":{"_mi_skip_tracking":false,"_fi_post_content":"Yli 65-vuotiaat suhtautuivat koronapandemian vaatimiin muutoksiin arjessaan joustavasti ja sopeutuen. T\u00e4m\u00e4 ilmenee uudesta puhelinhaastatteluihin pohjautuvasta tutkimuksesta. Monen haastatellun arki oli s\u00e4ilynyt melko ennallaan. Joidenkin arki oli kuitenkin muuttunut huonommaksi ja hyvinvointi heikentynyt erityisesti sosiaalisten kontaktien harvenemisen takia. Oli niit\u00e4kin, jotka olivat kokeneet muutokset jopa hyvin\u00e4 ja tarpeellisina.\r\n\r\nMuuttumattoman arjen taustalla oli usein mahdollisuus muokata hiukan p\u00e4ivitt\u00e4isi\u00e4 toimiaan, kuten lis\u00e4t\u00e4 puhelinyhteydenottoja ja panostaa yksin teht\u00e4viin harrastuksiin. N\u00e4in arki oli mahdollista s\u00e4ilytt\u00e4\u00e4 mielekk\u00e4\u00e4n\u00e4. Joskus muuttumattoman arjen taustalla oli kuitenkin se, ett\u00e4 arki oli jo ennen pandemiaa ollut liikkumisvaikeuksien ja yksin\u00e4isyyden takia rajoitettua. Pandemia-aika ei tuonut t\u00e4h\u00e4n muutosta.\r\n\r\nJoillekin harrastukset olivat olleet t\u00e4rkeit\u00e4 ja tarjonneet sosiaalisia kontakteja, mutta niit\u00e4 ei voinut pandemian aikana jatkaa. N\u00e4in oli esimerkiksi silloin, kun toiminta tapahtui palvelutaloissa, joihin ei voinut korona-aikana menn\u00e4. Niille, joille palvelutalojen tarjoama palvelu- ja harrastusymp\u00e4rist\u00f6 oli ollut t\u00e4rke\u00e4\u00e4, korona-ajan arki tuntui aiempaa huonommalta ja horjutti hyvinvointia.\r\n\r\nJoissakin tapauksissa juuri korona-aika sulkuineen tarjosi mahdollisuuksia keskitty\u00e4 itselle t\u00e4rke\u00e4\u00e4n asiaan, jolle ei aiemmin ollut ollut yht\u00e4 paljoa aikaa. T\u00e4llainen asia oli esimerkiksi luonnossa liikkuminen. Jotkut my\u00f6s k\u00e4\u00e4nsiv\u00e4t mieless\u00e4\u00e4n tapahtumat positiiviseen valoon, ja suhteuttivat rajoitusten yksil\u00f6ille aiheuttamat haitat laajempaan kokonaisuuteen. T\u00e4m\u00e4 koski esimerkiksi palvelutalojen vierailurajoituksia.\r\n\r\n\u201dUsein ei tulla ajatelleeksi sit\u00e4, ett\u00e4 ihmisen sosiaaliseen hyvinvointiin kuuluu tunne siit\u00e4, ett\u00e4 on t\u00e4rke\u00e4 omalle yhteis\u00f6lleen. Moni vanhempi ihminen suhtautui koronan aiheuttamiin rajoituksiin tyynesti ja halusi tehd\u00e4 oman osansa yhteis\u00f6n suojelemiseksi. He my\u00f6s arvostivat rajoituksia siksi, koska n\u00e4kiv\u00e4t, ett\u00e4 niiden tarkoitus oli suojella heit\u00e4 itse\u00e4\u00e4n. He kokivat ne yhteiskunnan arvostuksena vanhempia ihmisi\u00e4 kohtaan\u201d, toteaa tutkijatohtori P\u00e4ivi Ahosola.\r\n\r\nTutkimus on osa Vanheneminen ja sosiaalinen hyvinvointi (SoWell) \u2013tutkimushanketta, jonka tarkoituksena on selvitt\u00e4\u00e4 ik\u00e4\u00e4ntyvien ihmisten n\u00e4kemyksi\u00e4 hyvinvoinnista ja siihen yhteydess\u00e4 olevista tekij\u00f6ist\u00e4. Puhelinhaastatteluihin osallistui 31 henkil\u00f6\u00e4, jotka olivat i\u00e4lt\u00e4\u00e4n 64-96-vuotiaita. Osa haastatelluista asui palvelutalossa ja osa tavallisessa asunnossa. Haastattelut tehtiin kes\u00e4ll\u00e4 2020. SoWell-tutkimusta on rahoittanut vuodesta 2018 l\u00e4htien P\u00e4ivikki ja Sakari Sohlbergin s\u00e4\u00e4ti\u00f6. Tietoa hankkeesta, sen uusista julkaisuista sek\u00e4 tiedon julkistamiseen suunnatuista yleis\u00f6seminaareista ilmoitetaan my\u00f6s projektin kotisivulla <a href=\"https:\/\/projects.tuni.fi\/sowell\/\">(https:\/\/projects.tuni.fi\/sowell\/)<\/a>.\r\n\r\n&nbsp;\r\n\r\nAlkuper\u00e4inen julkaisu:\r\n\r\nAhosola P\u00e4ivi, Tuominen Katariina, Tiainen Kristina, Jylh\u00e4 Marja &amp; Jolanki Outi (2021) Mik\u00e4 muuttui vai muuttuiko mik\u00e4\u00e4n? Yli 65-vuotiaiden arki korona-aikana. Gerontologia, ennakkojulkaisu.\r\n\r\nDOI: <a href=\"https:\/\/doi.org\/10.23989\/gerontologia.103376\">https:\/\/doi.org\/10.23989\/gerontologia.103376 <\/a>\r\n\r\n&nbsp;\r\n\r\nLis\u00e4tietoja:\r\n\r\nP\u00e4ivi Ahosola, tutkijatohtori\r\n\r\n<a href=\"mailto:paivi.i.ahosola@tuni.fi\">paivi.i.ahosola@tuni.fi<\/a>\r\n\r\n050\u00a0436 7282\r\n\r\n&nbsp;\r\n\r\nOuti Jolanki, dosentti\r\n\r\n<a href=\"mailto:outi.jolanki@tuni.fi\">outi.jolanki@tuni.fi<\/a>\r\n\r\n040\u00a0190 1660","_fi_post_name":"koronasulku-ei-pahasti-jarkyttanyt-ikaihmisten-arkea","_fi_post_excerpt":"","_fi_post_title":"Koronasulku ei pahasti j\u00e4rkytt\u00e4nyt ik\u00e4ihmisten arkea","_en_post_content":"","_en_post_name":"","_en_post_excerpt":"","_en_post_title":"","edit_language":"en","footnotes":""},"categories":[130],"tags":[],"class_list":["post-8324","post","type-post","status-publish","format-standard","has-post-thumbnail","hentry","category-tiedeuutiset","entry","has-media"],"_links":{"self":[{"href":"https:\/\/www.gerec.fi\/en\/wp-json\/wp\/v2\/posts\/8324","targetHints":{"allow":["GET"]}}],"collection":[{"href":"https:\/\/www.gerec.fi\/en\/wp-json\/wp\/v2\/posts"}],"about":[{"href":"https:\/\/www.gerec.fi\/en\/wp-json\/wp\/v2\/types\/post"}],"author":[{"embeddable":true,"href":"https:\/\/www.gerec.fi\/en\/wp-json\/wp\/v2\/users\/9"}],"replies":[{"embeddable":true,"href":"https:\/\/www.gerec.fi\/en\/wp-json\/wp\/v2\/comments?post=8324"}],"version-history":[{"count":2,"href":"https:\/\/www.gerec.fi\/en\/wp-json\/wp\/v2\/posts\/8324\/revisions"}],"predecessor-version":[{"id":8327,"href":"https:\/\/www.gerec.fi\/en\/wp-json\/wp\/v2\/posts\/8324\/revisions\/8327"}],"wp:featuredmedia":[{"embeddable":true,"href":"https:\/\/www.gerec.fi\/en\/wp-json\/wp\/v2\/media\/8325"}],"wp:attachment":[{"href":"https:\/\/www.gerec.fi\/en\/wp-json\/wp\/v2\/media?parent=8324"}],"wp:term":[{"taxonomy":"category","embeddable":true,"href":"https:\/\/www.gerec.fi\/en\/wp-json\/wp\/v2\/categories?post=8324"},{"taxonomy":"post_tag","embeddable":true,"href":"https:\/\/www.gerec.fi\/en\/wp-json\/wp\/v2\/tags?post=8324"}],"curies":[{"name":"wp","href":"https:\/\/api.w.org\/{rel}","templated":true}]}}