{"id":8319,"date":"2021-11-11T13:48:37","date_gmt":"2021-11-11T11:48:37","guid":{"rendered":"https:\/\/www.gerec.fi\/?p=8319"},"modified":"2021-11-11T15:16:41","modified_gmt":"2021-11-11T13:16:41","slug":"","status":"publish","type":"post","link":"https:\/\/www.gerec.fi\/en\/seminaari-8-12-2021-kestava-ja-hyva-elama-vanhuudessa-mahdoton-yhtalo\/","title":{"rendered":"","raw":""},"content":{"rendered":"","protected":false,"raw":""},"excerpt":{"rendered":"Tutkittua tietoa ja keskustelua kest\u00e4vyydest\u00e4, hyv\u00e4st\u00e4 vanhenemisesta sek\u00e4 n\u00e4iden yhdist\u00e4misest\u00e4 Kest\u00e4v\u00e4 kehitys ja erilaiset kest\u00e4vyysn\u00e4k\u00f6kulmat ovat ajankohtaisia ja t\u00e4rkeit\u00e4 aiheita maailmanlaajuisesti. Mutta mik\u00e4 on kest\u00e4vyyden ja ik\u00e4\u00e4ntymisen suhde? Tilaisuudessa eri alojen tutkijat pohtivat kest\u00e4vyyteen ja hyv\u00e4\u00e4n vanhenemiseen liittyvi\u00e4 kysymyksi\u00e4 kuten&hellip;","protected":false,"raw":""},"author":9,"featured_media":8320,"comment_status":"closed","ping_status":"closed","sticky":false,"template":"","format":"standard","meta":{"_mi_skip_tracking":false,"_fi_post_content":"<strong><span class=\"sc-bfYoXt dDpygj\">Tutkittua tietoa ja keskustelua kest\u00e4vyydest\u00e4, hyv\u00e4st\u00e4 vanhenemisesta sek\u00e4 n\u00e4iden yhdist\u00e4misest\u00e4<\/span><\/strong>\r\n<div class=\"sc-gZMcBi gVIdow\">\r\n<p class=\"sc-bdVaJa sc-htpNat gfPSep\">Kest\u00e4v\u00e4 kehitys ja erilaiset kest\u00e4vyysn\u00e4k\u00f6kulmat ovat ajankohtaisia ja t\u00e4rkeit\u00e4 aiheita maailmanlaajuisesti. Mutta mik\u00e4 on kest\u00e4vyyden ja ik\u00e4\u00e4ntymisen suhde? Tilaisuudessa eri alojen tutkijat pohtivat kest\u00e4vyyteen ja hyv\u00e4\u00e4n vanhenemiseen liittyvi\u00e4 kysymyksi\u00e4 kuten voiko tekniikalla tukea kest\u00e4v\u00e4\u00e4 vanhuutta, ovatko muistisairaudet uhka sosiaaliselle ja taloudelliselle kest\u00e4vyydelle ja voiko hyv\u00e4\u00e4 ja kest\u00e4v\u00e4\u00e4 ik\u00e4\u00e4ntymist\u00e4 olla ilman puhdasta ymp\u00e4rist\u00f6\u00e4.<\/p>\r\n<strong>Kaikille avoin seminaari 'Kest\u00e4v\u00e4 ja hyv\u00e4 el\u00e4m\u00e4 vanhuudessa: mahdoton yht\u00e4l\u00f6?' j\u00e4rjestet\u00e4\u00e4n keskiviikkona<\/strong> <strong><span class=\"bold\">8.12.2021 klo<\/span> 14.00 -\u00a016.00<\/strong>\r\n\r\n<span class=\"visually-hidden\">Paikka: Tampereeen yliopiston <\/span>P\u00e4\u00e4talo (Kalevantie 4), <span class=\"location\">Luentosali D 11 <\/span>\r\n\r\n<span class=\"location\">Tilaisuutta voi seurata et\u00e4n\u00e4, linkki <a href=\"https:\/\/intra.tuni.fi\/fi\/content\/event\/31841\">tapahtumasivulla<\/a>.\r\n<\/span>\r\n<p class=\"sc-bdVaJa sc-htpNat gfPSep\">Tilaisuuden j\u00e4rjest\u00e4\u00e4 Tampereen yliopistossa toimiva monitieteellinen tutkimusryhm\u00e4, jonka tavoitteena on selvitt\u00e4\u00e4, mit\u00e4 on hyv\u00e4 ja kest\u00e4v\u00e4 vanhuus, voiko ik\u00e4\u00e4ntyminen olla kest\u00e4v\u00e4\u00e4 ja miten sit\u00e4 voisi arvioida ja mitata. Tieteenaloista ryhm\u00e4ss\u00e4 edustettuna ovat terveydenhuollon digitalisaatio ja data-analytiikka, terveystieteet ja gerontologia, sosiaali- ja terveyspolitiikka sek\u00e4 aerosolifysiikka.Tutkimusryhm\u00e4 on saanut siemenrahoitusta Tampereen yliopistossa toimivalta Sustainable Wellfare Systems -tutkimusohjelmalta.<\/p>\r\nIlmoittaudu mukaan osoitteessa: <a href=\"https:\/\/forms.office.com\/r\/y9LZ9WaSuq\">https:\/\/forms.office.com\/r\/y9LZ9WaSuq<\/a>\r\n\r\nIlmoittautuminen p\u00e4\u00e4ttyy 01.12.2021\r\n\r\n&nbsp;\r\n<p class=\"sc-bdVaJa sc-htpNat gfPSep\"><strong>Ohjelma<\/strong><\/p>\r\n<p class=\"sc-bdVaJa sc-htpNat gfPSep\">13.30\u00a0\u00a0<strong>Kahvitarjoilu\u00a0paikan p\u00e4\u00e4ll\u00e4 osallistuville\u00a0<\/strong><\/p>\r\n<p class=\"sc-bdVaJa sc-htpNat gfPSep\">14.00\u00a0<strong>Tilaisuuden avaus ja katsaus kest\u00e4v\u00e4\u00e4n kehitykseen<\/strong><\/p>\r\n<p class=\"sc-bdVaJa sc-htpNat gfPSep\">Yliopistonlehtori\u00a0Jutta\u00a0Pulkki, Yhteiskuntatieteiden tiedekunta<\/p>\r\n<p class=\"sc-bdVaJa sc-htpNat gfPSep\">14.15\u00a0<strong>Voiko tekniikalla tukea kest\u00e4v\u00e4\u00e4 vanhuutta\u00a0ja onko teko\u00e4lyst\u00e4 ratkaisuksi kest\u00e4v\u00e4n vanhuuden kysymyksiin?<\/strong><\/p>\r\n<p class=\"sc-bdVaJa sc-htpNat gfPSep\">Tutkimusjohtaja\u00a0Alpo\u00a0V\u00e4rri,\u00a0L\u00e4\u00e4ketieteen ja terveysteknologian tiedekunta<\/p>\r\n<p class=\"sc-bdVaJa sc-htpNat gfPSep\">Projektip\u00e4\u00e4llikk\u00f6\u00a0Antti\u00a0Kallonen,\u00a0L\u00e4\u00e4ketieteen ja terveysteknologian tiedekunta<\/p>\r\n<p class=\"sc-bdVaJa sc-htpNat gfPSep\">Johtava tutkija, Dosentti,\u00a0Jaana\u00a0Leikas, VTT\u00a0Oy<\/p>\r\n<p class=\"sc-bdVaJa sc-htpNat gfPSep\">14.45\u00a0<strong>Ovatko muistisairaudet uhka sosiaaliselle ja taloudelliselle kest\u00e4vyydelle\u00a0ja\u00a0kannattaako toimintakyky\u00e4 tukea vanhuudessa?\u00a0<\/strong><\/p>\r\n<p class=\"sc-bdVaJa sc-htpNat gfPSep\">Yliopistotutkija\u00a0Mari\u00a0Aaltonen,\u00a0Yhteiskuntatieteiden tiedekunta<\/p>\r\n<p class=\"sc-bdVaJa sc-htpNat gfPSep\">Tenure\u00a0track\u00a0-professori\u00a0Jenni\u00a0Kulmala,\u00a0Yhteiskuntatieteiden tiedekunta<\/p>\r\n<p class=\"sc-bdVaJa sc-htpNat gfPSep\">Tutkija\u00a0Vilhelmiina\u00a0Lehto-Niskala,\u00a0Yhteiskuntatieteiden tiedekunta<\/p>\r\n<p class=\"sc-bdVaJa sc-htpNat gfPSep\">15.15\u00a0<strong>Voiko hyv\u00e4\u00e4 ja kest\u00e4v\u00e4\u00e4 ik\u00e4\u00e4ntymist\u00e4 olla ilman puhdasta ymp\u00e4rist\u00f6\u00e4?\u00a0<\/strong><\/p>\r\n<p class=\"sc-bdVaJa sc-htpNat gfPSep\">Yliopisto-opettaja\u00a0Heino\u00a0Kuuluvainen,\u00a0Tekniikan ja luonnontieteiden tiedekunta<\/p>\r\n<p class=\"sc-bdVaJa sc-htpNat gfPSep\">Tutkijatohtori\u00a0Panu\u00a0Karjalainen,\u00a0Tekniikan ja luonnontieteiden tiedekunta<\/p>\r\n<p class=\"sc-bdVaJa sc-htpNat gfPSep\">Yliopistonlehtori\u00a0Jutta\u00a0Pulkki, Yhteiskuntatieteiden tiedekunta<\/p>\r\n<p class=\"sc-bdVaJa sc-htpNat gfPSep\">15.45\u00a0\u00a0<strong>Kommenttipuheenvuoro\u00a0<\/strong><\/p>\r\n<p class=\"sc-bdVaJa sc-htpNat gfPSep\">Gerontologian emeritaprofessori\u00a0Marja Jylh\u00e4<\/p>\r\n<p class=\"sc-bdVaJa sc-htpNat gfPSep\">15.55\u00a0\u00a0<strong>P\u00e4\u00e4t\u00f6ssanat\u00a0<\/strong><\/p>\r\n<p class=\"sc-bdVaJa sc-htpNat gfPSep\">Tenure\u00a0track\u00a0-professori Jenni Kulmala, Yhteiskuntatieteiden tiedekunta<\/p>\r\n\r\n<\/div>\r\n&nbsp;\r\n\r\n&nbsp;\r\n\r\nLis\u00e4tietoja:\r\n\r\n<a href=\"https:\/\/intra.tuni.fi\/fi\/content\/event\/31841\">Kest\u00e4v\u00e4 ja hyv\u00e4 el\u00e4m\u00e4 vanhuudessa: Mahdoton yht\u00e4l\u00f6? (tuni.fi)<\/a>\r\n\r\nVilhelmiina Lehto-Niskala\r\n\r\nvilhelmiina.lehto-niskala@tuni.fi","_fi_post_name":"seminaari-8-12-2021-kestava-ja-hyva-elama-vanhuudessa-mahdoton-yhtalo","_fi_post_excerpt":"","_fi_post_title":"Seminaari 8.12.2021: Kest\u00e4v\u00e4 ja hyv\u00e4 el\u00e4m\u00e4 vanhuudessa: mahdoton yht\u00e4l\u00f6?","_en_post_content":"","_en_post_name":"","_en_post_excerpt":"","_en_post_title":"","edit_language":"en","footnotes":""},"categories":[131],"tags":[],"class_list":["post-8319","post","type-post","status-publish","format-standard","has-post-thumbnail","hentry","category-tapahtumat","entry","has-media"],"_links":{"self":[{"href":"https:\/\/www.gerec.fi\/en\/wp-json\/wp\/v2\/posts\/8319","targetHints":{"allow":["GET"]}}],"collection":[{"href":"https:\/\/www.gerec.fi\/en\/wp-json\/wp\/v2\/posts"}],"about":[{"href":"https:\/\/www.gerec.fi\/en\/wp-json\/wp\/v2\/types\/post"}],"author":[{"embeddable":true,"href":"https:\/\/www.gerec.fi\/en\/wp-json\/wp\/v2\/users\/9"}],"replies":[{"embeddable":true,"href":"https:\/\/www.gerec.fi\/en\/wp-json\/wp\/v2\/comments?post=8319"}],"version-history":[{"count":3,"href":"https:\/\/www.gerec.fi\/en\/wp-json\/wp\/v2\/posts\/8319\/revisions"}],"predecessor-version":[{"id":8323,"href":"https:\/\/www.gerec.fi\/en\/wp-json\/wp\/v2\/posts\/8319\/revisions\/8323"}],"wp:featuredmedia":[{"embeddable":true,"href":"https:\/\/www.gerec.fi\/en\/wp-json\/wp\/v2\/media\/8320"}],"wp:attachment":[{"href":"https:\/\/www.gerec.fi\/en\/wp-json\/wp\/v2\/media?parent=8319"}],"wp:term":[{"taxonomy":"category","embeddable":true,"href":"https:\/\/www.gerec.fi\/en\/wp-json\/wp\/v2\/categories?post=8319"},{"taxonomy":"post_tag","embeddable":true,"href":"https:\/\/www.gerec.fi\/en\/wp-json\/wp\/v2\/tags?post=8319"}],"curies":[{"name":"wp","href":"https:\/\/api.w.org\/{rel}","templated":true}]}}